{"id":23974,"date":"2023-02-27T04:43:37","date_gmt":"2023-02-27T07:43:37","guid":{"rendered":"https:\/\/blogdojuniorcavalcanti.com.br\/?p=23974"},"modified":"2023-02-27T04:43:37","modified_gmt":"2023-02-27T07:43:37","slug":"carnaiba-saude-fara-mutirao-de-triagem-para-atendimentos-psicologicos","status":"publish","type":"post","link":"https:\/\/blogdojuniorcavalcanti.com.br\/index.php\/2023\/02\/27\/carnaiba-saude-fara-mutirao-de-triagem-para-atendimentos-psicologicos\/","title":{"rendered":"Carna\u00edba: Sa\u00fade far\u00e1 mutir\u00e3o de triagem para atendimentos psicol\u00f3gicos"},"content":{"rendered":"<p style=\"text-align: justify;\"><span style=\"font-size: 14pt; font-family: arial, helvetica, sans-serif;\">A Secretaria de Sa\u00fade de Carna\u00edba realizar\u00e1 um mutir\u00e3o de triagem para atendimentos psicol\u00f3gicos. O objetivo \u00e9 avaliar, qualificar e reduzir a fila de espera pelo atendimento na rede municipal de sa\u00fade.\u00a0<\/span><\/p>\n<p style=\"text-align: justify;\"><span style=\"font-size: 14pt; font-family: arial, helvetica, sans-serif;\">A a\u00e7\u00e3o acontecer\u00e1 nos pr\u00f3ximos dias 1 e 2 de mar\u00e7o no hor\u00e1rio das 07h30 \u00e0s 13h na pr\u00f3pria Secretaria.<\/span><\/p>\n<p style=\"text-align: justify;\"><span style=\"font-size: 14pt; font-family: arial, helvetica, sans-serif;\">Nesses dias ser\u00e3o atendidos todos os pacientes que deixaram o encaminhamento no setor de regula\u00e7\u00e3o (marca\u00e7\u00e3o de exames). \u201cA ideia \u00e9 fazer a escuta de todos os pacientes para podermos direcionar para algum servi\u00e7o de sa\u00fade. Surgiu essa necessidade depois de fazermos uma triagem nessa fila de espera e identificarmos situa\u00e7\u00f5es que podem ter outros encaminhamentos\u201d, ressaltou a secret\u00e1ria de Sa\u00fade, Alessandra No\u00e9.<\/span><\/p>\n<p style=\"text-align: justify;\"><span style=\"font-size: 14pt; font-family: arial, helvetica, sans-serif;\">A Secretaria de Sa\u00fade recomenda que quem j\u00e1 est\u00e1 com o encaminhamento, procure seu ACS ou Unidade B\u00e1sica de Sa\u00fade onde \u00e9 cadastrado para mais informa\u00e7\u00f5es, caso esse contato n\u00e3o tenha sido feito ainda.<\/span><\/p>\n","protected":false},"excerpt":{"rendered":"<p>A Secretaria de Sa&uacute;de de Carna&iacute;ba realizar&aacute; um mutir&atilde;o de triagem para atendimentos psicol&oacute;gicos. O objetivo &eacute; avaliar, qualificar e reduzir a fila de espera pelo atendimento na rede municipal de sa&uacute;de.&nbsp; A a&ccedil;&atilde;o acontecer&aacute; nos pr&oacute;ximos dias 1 e 2 de mar&ccedil;o no hor&aacute;rio das 07h30 &agrave;s 13h na pr&oacute;pria Secretaria. Nesses dias ser&atilde;o atendidos todos os pacientes que deixaram o encaminhamento no setor de regula&ccedil;&atilde;o (marca&ccedil;&atilde;o de exames). &ldquo;A ideia &eacute; fazer a escuta de todos os pacientes para podermos direcionar para algum servi&ccedil;o de sa&uacute;de. Surgiu essa necessidade depois de fazermos uma triagem nessa fila de espera &#8230; <\/p>\n<p class=\"read-more-container\"><a title=\"Carna\u00edba: Sa\u00fade far\u00e1 mutir\u00e3o de triagem para atendimentos psicol\u00f3gicos\" class=\"read-more button\" href=\"https:\/\/blogdojuniorcavalcanti.com.br\/index.php\/2023\/02\/27\/carnaiba-saude-fara-mutirao-de-triagem-para-atendimentos-psicologicos\/#more-23974\" aria-label=\"More on Carna\u00edba: Sa\u00fade far\u00e1 mutir\u00e3o de triagem para atendimentos psicol\u00f3gicos\">Leia mais<\/a><\/p>\n","protected":false},"author":2,"featured_media":23975,"comment_status":"open","ping_status":"open","sticky":false,"template":"","format":"standard","meta":{"footnotes":""},"categories":[25],"tags":[],"class_list":["post-23974","post","type-post","status-publish","format-standard","has-post-thumbnail","hentry","category-destaque","resize-featured-image"],"_links":{"self":[{"href":"https:\/\/blogdojuniorcavalcanti.com.br\/index.php\/wp-json\/wp\/v2\/posts\/23974","targetHints":{"allow":["GET"]}}],"collection":[{"href":"https:\/\/blogdojuniorcavalcanti.com.br\/index.php\/wp-json\/wp\/v2\/posts"}],"about":[{"href":"https:\/\/blogdojuniorcavalcanti.com.br\/index.php\/wp-json\/wp\/v2\/types\/post"}],"author":[{"embeddable":true,"href":"https:\/\/blogdojuniorcavalcanti.com.br\/index.php\/wp-json\/wp\/v2\/users\/2"}],"replies":[{"embeddable":true,"href":"https:\/\/blogdojuniorcavalcanti.com.br\/index.php\/wp-json\/wp\/v2\/comments?post=23974"}],"version-history":[{"count":1,"href":"https:\/\/blogdojuniorcavalcanti.com.br\/index.php\/wp-json\/wp\/v2\/posts\/23974\/revisions"}],"predecessor-version":[{"id":23976,"href":"https:\/\/blogdojuniorcavalcanti.com.br\/index.php\/wp-json\/wp\/v2\/posts\/23974\/revisions\/23976"}],"wp:featuredmedia":[{"embeddable":true,"href":"https:\/\/blogdojuniorcavalcanti.com.br\/index.php\/wp-json\/wp\/v2\/media\/23975"}],"wp:attachment":[{"href":"https:\/\/blogdojuniorcavalcanti.com.br\/index.php\/wp-json\/wp\/v2\/media?parent=23974"}],"wp:term":[{"taxonomy":"category","embeddable":true,"href":"https:\/\/blogdojuniorcavalcanti.com.br\/index.php\/wp-json\/wp\/v2\/categories?post=23974"},{"taxonomy":"post_tag","embeddable":true,"href":"https:\/\/blogdojuniorcavalcanti.com.br\/index.php\/wp-json\/wp\/v2\/tags?post=23974"}],"curies":[{"name":"wp","href":"https:\/\/api.w.org\/{rel}","templated":true}]}}