{"id":24486,"date":"2023-03-18T04:50:16","date_gmt":"2023-03-18T07:50:16","guid":{"rendered":"https:\/\/blogdojuniorcavalcanti.com.br\/?p=24486"},"modified":"2023-03-18T04:50:16","modified_gmt":"2023-03-18T07:50:16","slug":"marcia-conrado-comenta-fala-sobre-nao-ouvir-duque-me-passou-a-lideranca-do-grupo","status":"publish","type":"post","link":"https:\/\/blogdojuniorcavalcanti.com.br\/index.php\/2023\/03\/18\/marcia-conrado-comenta-fala-sobre-nao-ouvir-duque-me-passou-a-lideranca-do-grupo\/","title":{"rendered":"M\u00e1rcia Conrado comenta fala sobre n\u00e3o ouvir Duque. \u201cMe passou a lideran\u00e7a do grupo\u201d"},"content":{"rendered":"<p style=\"text-align: justify;\"><span style=\"font-size: 14pt;\"><img fetchpriority=\"high\" decoding=\"async\" class=\"alignleft wp-image-240513 jetpack-lazy-image jetpack-lazy-image--handled\" src=\"https:\/\/i0.wp.com\/nilljunior.com.br\/wp-content\/uploads\/2022\/09\/marcia-conrado-14-09-22.jpg?resize=400%2C282&amp;ssl=1\" sizes=\"(max-width: 400px) 100vw, 400px\" srcset=\"https:\/\/i0.wp.com\/nilljunior.com.br\/wp-content\/uploads\/2022\/09\/marcia-conrado-14-09-22.jpg?resize=567%2C400&amp;ssl=1 567w, https:\/\/i0.wp.com\/nilljunior.com.br\/wp-content\/uploads\/2022\/09\/marcia-conrado-14-09-22.jpg?resize=300%2C212&amp;ssl=1 300w, https:\/\/i0.wp.com\/nilljunior.com.br\/wp-content\/uploads\/2022\/09\/marcia-conrado-14-09-22.jpg?resize=768%2C542&amp;ssl=1 768w, https:\/\/i0.wp.com\/nilljunior.com.br\/wp-content\/uploads\/2022\/09\/marcia-conrado-14-09-22.jpg?w=1517&amp;ssl=1 1517w\" alt=\"\" width=\"400\" height=\"282\" data-attachment-id=\"240513\" data-permalink=\"https:\/\/nilljunior.com.br\/marcia-conrado-descarta-racha-e-reafirma-que-luciano-duque-e-prioridade\/marcia-conrado-14-09-22\/\" data-orig-file=\"https:\/\/i0.wp.com\/nilljunior.com.br\/wp-content\/uploads\/2022\/09\/marcia-conrado-14-09-22.jpg?fit=1517%2C1071&amp;ssl=1\" data-orig-size=\"1517,1071\" data-comments-opened=\"1\" data-image-meta=\"{&quot;aperture&quot;:&quot;0&quot;,&quot;credit&quot;:&quot;&quot;,&quot;camera&quot;:&quot;&quot;,&quot;caption&quot;:&quot;&quot;,&quot;created_timestamp&quot;:&quot;0&quot;,&quot;copyright&quot;:&quot;&quot;,&quot;focal_length&quot;:&quot;0&quot;,&quot;iso&quot;:&quot;0&quot;,&quot;shutter_speed&quot;:&quot;0&quot;,&quot;title&quot;:&quot;&quot;,&quot;orientation&quot;:&quot;0&quot;}\" data-image-title=\"marcia-conrado-14-09-22\" data-image-description=\"\" data-medium-file=\"https:\/\/i0.wp.com\/nilljunior.com.br\/wp-content\/uploads\/2022\/09\/marcia-conrado-14-09-22.jpg?fit=300%2C212&amp;ssl=1\" data-large-file=\"https:\/\/i0.wp.com\/nilljunior.com.br\/wp-content\/uploads\/2022\/09\/marcia-conrado-14-09-22.jpg?fit=567%2C400&amp;ssl=1\" data-recalc-dims=\"1\" data-lazy-loaded=\"1\" \/><span style=\"font-family: arial, helvetica, sans-serif;\">A prefeita de Serra Talhada, M\u00e1rcia Conrado, falou aos apresentadores do\u00a0<strong>Sert\u00e3o Not\u00edcias, da Cultura FM, Tony Alencar e Juliana Lima<\/strong>, sobre a s\u00e9rie de rumores acerca de seu suposto afastamento com o Deputado Estadual Luciano Duque, que vem vira e meche ganhando a imprensa.<\/span><\/span><\/p>\n<p style=\"text-align: justify;\"><span style=\"font-size: 14pt; font-family: arial, helvetica, sans-serif;\">Ela respondeu aos questionamentos de Duque sobre n\u00e3o ser ouvido acerca de suas decis\u00f5es recentes, como a a chegada de Carlos Evandro e Marquinhos Dantas ao grupo governista.<\/span><\/p>\n<p style=\"text-align: justify;\"><span style=\"font-size: 14pt; font-family: arial, helvetica, sans-serif;\">\u201cNo meio pol\u00edtico tem muita gente que n\u00e3o quer o desenvolvimento, o fortalecimento de um grupo e come\u00e7a\u00a0 a usar esses caminhos para fazer intrigas. Sou muito transparente e coerente. A\u00e7\u00f5es valem mais de que palavras. Se da minha parte houvesse inten\u00e7\u00e3o de romper, n\u00e3o teria ido \u00e0 posse do nosso Deputado, n\u00e3o teria o visitado ap\u00f3s assumir a AMUPE. Fiz uma visita quinta onde discutimos muita coisa sobre Serra Talhada\u201d.<\/span><\/p>\n<p style=\"text-align: justify;\"><span style=\"font-size: 14pt; font-family: arial, helvetica, sans-serif;\">Conrado disse que, da parte dela, nunca existiu essa quest\u00e3o. \u201cQuando me torno prefeita, Luciano passou o bast\u00e3o da lideran\u00e7a do grupo. Gra\u00e7as a Deus e que bom que estamos tendo essa habilidade de juntar, de mostrar \u00e0 oposi\u00e7\u00e3o o nosso objetivo.\u00a0Est\u00e1 muito claro que \u00e9 o desenvolvimento de Serra Talhada\u201d.<\/span><\/p>\n<p style=\"text-align: justify;\"><span style=\"font-size: 14pt; font-family: arial, helvetica, sans-serif;\">Ela voltou a enfatizar a ades\u00e3o de Carlos Evandro, Marquinhos Dantas e outros nomes. \u201cO desenvolvimento de Serra Talhada precisa de pessoas experientes e com sentimento de trabalhar por Serra Talhada, e n\u00e3o sentimentos pessoais\u201d.<\/span><\/p>\n","protected":false},"excerpt":{"rendered":"<p>A prefeita de Serra Talhada, M&aacute;rcia Conrado, falou aos apresentadores do&nbsp;Sert&atilde;o Not&iacute;cias, da Cultura FM, Tony Alencar e Juliana Lima, sobre a s&eacute;rie de rumores acerca de seu suposto afastamento com o Deputado Estadual Luciano Duque, que vem vira e meche ganhando a imprensa. Ela respondeu aos questionamentos de Duque sobre n&atilde;o ser ouvido acerca de suas decis&otilde;es recentes, como a a chegada de Carlos Evandro e Marquinhos Dantas ao grupo governista. &ldquo;No meio pol&iacute;tico tem muita gente que n&atilde;o quer o desenvolvimento, o fortalecimento de um grupo e come&ccedil;a&nbsp; a usar esses caminhos para fazer intrigas. Sou muito transparente &#8230; <\/p>\n<p class=\"read-more-container\"><a title=\"M\u00e1rcia Conrado comenta fala sobre n\u00e3o ouvir Duque. \u201cMe passou a lideran\u00e7a do grupo\u201d\" class=\"read-more button\" href=\"https:\/\/blogdojuniorcavalcanti.com.br\/index.php\/2023\/03\/18\/marcia-conrado-comenta-fala-sobre-nao-ouvir-duque-me-passou-a-lideranca-do-grupo\/#more-24486\" aria-label=\"More on M\u00e1rcia Conrado comenta fala sobre n\u00e3o ouvir Duque. \u201cMe passou a lideran\u00e7a do grupo\u201d\">Leia mais<\/a><\/p>\n","protected":false},"author":2,"featured_media":0,"comment_status":"open","ping_status":"open","sticky":false,"template":"","format":"standard","meta":{"footnotes":""},"categories":[30],"tags":[],"class_list":["post-24486","post","type-post","status-publish","format-standard","hentry","category-regional"],"_links":{"self":[{"href":"https:\/\/blogdojuniorcavalcanti.com.br\/index.php\/wp-json\/wp\/v2\/posts\/24486","targetHints":{"allow":["GET"]}}],"collection":[{"href":"https:\/\/blogdojuniorcavalcanti.com.br\/index.php\/wp-json\/wp\/v2\/posts"}],"about":[{"href":"https:\/\/blogdojuniorcavalcanti.com.br\/index.php\/wp-json\/wp\/v2\/types\/post"}],"author":[{"embeddable":true,"href":"https:\/\/blogdojuniorcavalcanti.com.br\/index.php\/wp-json\/wp\/v2\/users\/2"}],"replies":[{"embeddable":true,"href":"https:\/\/blogdojuniorcavalcanti.com.br\/index.php\/wp-json\/wp\/v2\/comments?post=24486"}],"version-history":[{"count":1,"href":"https:\/\/blogdojuniorcavalcanti.com.br\/index.php\/wp-json\/wp\/v2\/posts\/24486\/revisions"}],"predecessor-version":[{"id":24487,"href":"https:\/\/blogdojuniorcavalcanti.com.br\/index.php\/wp-json\/wp\/v2\/posts\/24486\/revisions\/24487"}],"wp:attachment":[{"href":"https:\/\/blogdojuniorcavalcanti.com.br\/index.php\/wp-json\/wp\/v2\/media?parent=24486"}],"wp:term":[{"taxonomy":"category","embeddable":true,"href":"https:\/\/blogdojuniorcavalcanti.com.br\/index.php\/wp-json\/wp\/v2\/categories?post=24486"},{"taxonomy":"post_tag","embeddable":true,"href":"https:\/\/blogdojuniorcavalcanti.com.br\/index.php\/wp-json\/wp\/v2\/tags?post=24486"}],"curies":[{"name":"wp","href":"https:\/\/api.w.org\/{rel}","templated":true}]}}