{"id":24606,"date":"2023-03-23T18:08:43","date_gmt":"2023-03-23T21:08:43","guid":{"rendered":"https:\/\/blogdojuniorcavalcanti.com.br\/?p=24606"},"modified":"2023-03-23T18:08:43","modified_gmt":"2023-03-23T21:08:43","slug":"sesc-comemora-76-anos-com-490-acoes-em-pernambuco","status":"publish","type":"post","link":"https:\/\/blogdojuniorcavalcanti.com.br\/index.php\/2023\/03\/23\/sesc-comemora-76-anos-com-490-acoes-em-pernambuco\/","title":{"rendered":"Sesc comemora 76 anos com 490 a\u00e7\u00f5es em Pernambuco"},"content":{"rendered":"<p style=\"font-weight: 400; text-align: justify;\"><strong><span style=\"font-size: 14pt; font-family: arial, helvetica, sans-serif;\"><em><img fetchpriority=\"high\" decoding=\"async\" class=\"size-medium wp-image-24607 alignleft\" src=\"https:\/\/blogdojuniorcavalcanti.com.br\/wp-content\/uploads\/2023\/03\/esportes-300x200.jpg\" alt=\"\" width=\"300\" height=\"200\" srcset=\"https:\/\/blogdojuniorcavalcanti.com.br\/wp-content\/uploads\/2023\/03\/esportes-300x200.jpg 300w, https:\/\/blogdojuniorcavalcanti.com.br\/wp-content\/uploads\/2023\/03\/esportes-1024x683.jpg 1024w, https:\/\/blogdojuniorcavalcanti.com.br\/wp-content\/uploads\/2023\/03\/esportes-768x512.jpg 768w, https:\/\/blogdojuniorcavalcanti.com.br\/wp-content\/uploads\/2023\/03\/esportes-1536x1024.jpg 1536w, https:\/\/blogdojuniorcavalcanti.com.br\/wp-content\/uploads\/2023\/03\/esportes-2048x1365.jpg 2048w\" sizes=\"(max-width: 300px) 100vw, 300px\" \/>Virad\u00e3o Sesc vai acontecer entre os dias 24 e 26 de mar\u00e7o, em 17 munic\u00edpios. No Sert\u00e3o, haver\u00e1 atividades em Araripina, Bodoc\u00f3, Floresta, Serra Talhada, Petrolina, Arcoverde e Triunfo.<\/em>\u00a0<em>\u00a0<\/em><\/span><\/strong><span style=\"font-size: 14pt; font-family: arial, helvetica, sans-serif;\"><em>\u00a0<\/em><\/span><\/p>\n<p style=\"font-weight: 400; text-align: justify;\"><span style=\"font-size: 14pt; font-family: arial, helvetica, sans-serif;\">Para comemorar os 76 anos de atua\u00e7\u00e3o no Estado, o Sesc Pernambuco vai promover, de 24 a 26 de mar\u00e7o, m\u00eas de anivers\u00e1rio da institui\u00e7\u00e3o no estado, uma vasta programa\u00e7\u00e3o sincronizada de lazer, sa\u00fade, turismo, cultura, esportes, educa\u00e7\u00e3o e assist\u00eancia.\u00a0 A proposta integra o Virad\u00e3o Sesc, que chega \u00e0 segunda edi\u00e7\u00e3o, em 2023, e pretende beneficiar aproximadamente 54 mil pessoas com 490 a\u00e7\u00f5es durante os tr\u00eas dias de festa.<\/span><\/p>\n<p style=\"font-weight: 400; text-align: justify;\"><span style=\"font-size: 14pt; font-family: arial, helvetica, sans-serif;\"><img decoding=\"async\" class=\"size-medium wp-image-24610 alignright\" src=\"https:\/\/blogdojuniorcavalcanti.com.br\/wp-content\/uploads\/2023\/03\/TRIUNFO-1-300x200.jpg\" alt=\"\" width=\"300\" height=\"200\" srcset=\"https:\/\/blogdojuniorcavalcanti.com.br\/wp-content\/uploads\/2023\/03\/TRIUNFO-1-300x200.jpg 300w, https:\/\/blogdojuniorcavalcanti.com.br\/wp-content\/uploads\/2023\/03\/TRIUNFO-1-768x513.jpg 768w, https:\/\/blogdojuniorcavalcanti.com.br\/wp-content\/uploads\/2023\/03\/TRIUNFO-1.jpg 1024w\" sizes=\"(max-width: 300px) 100vw, 300px\" \/>Todas as 23 unidades do Sesc localizadas em 17 munic\u00edpios, incluindo os hot\u00e9is de Triunfo, Guadalupe e Garanhuns, est\u00e3o com agenda recheada de atividades gratuitas ou a pre\u00e7os acess\u00edveis. No Sert\u00e3o, haver\u00e1 atividades em Araripina, Bodoc\u00f3, Floresta, Serra Talhada, Petrolina, Arcoverde e Triunfo.<\/span><\/p>\n<p style=\"font-weight: 400; text-align: justify;\"><span style=\"font-size: 14pt; font-family: arial, helvetica, sans-serif;\">No Sesc Ler Araripina, o projeto conta com exposi\u00e7\u00f5es art\u00edsticas, pr\u00e1ticas esportivas para pessoas idosas, aul\u00e3o de gin\u00e1stica, torneio de nata\u00e7\u00e3o e futsal, exibi\u00e7\u00e3o de filmes, oficina e mostra de dan\u00e7a, desafio de agachamento, feira org\u00e2nica, al\u00e9m de servi\u00e7os de sa\u00fade, como aferi\u00e7\u00e3o de press\u00e3o e glicose, encontro geek.\u00a0 Nos tr\u00eas dias, haver\u00e1 feira de artesanato.<\/span><\/p>\n<p style=\"font-weight: 400; text-align: justify;\"><span style=\"font-size: 14pt; font-family: arial, helvetica, sans-serif;\">Em Bodoc\u00f3, o Sesc ter\u00e1 atividades nos pr\u00f3prios espa\u00e7os, em escolas municipais e no P\u00e1tio de Eventos Helmo L\u00f3cio, no Centro. Nele, est\u00e3o programadas atividades recreativas para crian\u00e7as, feira de artesanato, testagem de doen\u00e7as sexualmente transmiss\u00edveis e vacina\u00e7\u00e3o contra a Covid-19, doa\u00e7\u00e3o de mudas medicinais e frut\u00edferas, servi\u00e7os de corte de cabelo, limpeza de pele e designer de sobrancelhas e shows com Alan Cardoso, na sexta, e Vinicius Brito e Banda, no s\u00e1bado.<\/span><\/p>\n<p style=\"font-weight: 400; text-align: justify;\"><span style=\"font-size: 14pt; font-family: arial, helvetica, sans-serif;\"><img decoding=\"async\" class=\"size-medium wp-image-24608 alignleft\" src=\"https:\/\/blogdojuniorcavalcanti.com.br\/wp-content\/uploads\/2023\/03\/FLORESTA-1-300x200.jpg\" alt=\"\" width=\"300\" height=\"200\" srcset=\"https:\/\/blogdojuniorcavalcanti.com.br\/wp-content\/uploads\/2023\/03\/FLORESTA-1-300x200.jpg 300w, https:\/\/blogdojuniorcavalcanti.com.br\/wp-content\/uploads\/2023\/03\/FLORESTA-1-1024x683.jpg 1024w, https:\/\/blogdojuniorcavalcanti.com.br\/wp-content\/uploads\/2023\/03\/FLORESTA-1-768x512.jpg 768w, https:\/\/blogdojuniorcavalcanti.com.br\/wp-content\/uploads\/2023\/03\/FLORESTA-1-1536x1024.jpg 1536w, https:\/\/blogdojuniorcavalcanti.com.br\/wp-content\/uploads\/2023\/03\/FLORESTA-1-2048x1365.jpg 2048w\" sizes=\"(max-width: 300px) 100vw, 300px\" \/>O munic\u00edpio de Floresta vai promover festival de nata\u00e7\u00e3o, partidas amistosas de futebol society, aul\u00e3o de hidrogin\u00e1stica e pedalada na unidade. O Sesc vai levar para a Feira Livre, no Centro, Forr\u00f3 na Feira e palestra sobre sedentarismo e import\u00e2ncia da pr\u00e1tica esportiva.<\/span><\/p>\n<p style=\"font-weight: 400; text-align: justify;\"><span style=\"font-size: 14pt; font-family: arial, helvetica, sans-serif;\">Em Serra Talhada, a Pra\u00e7a Academia das Cidades, no Ipsep, vai receber jogos, brincadeiras, aul\u00e3o de ritmos e show de talentos. No Sesc, a programa\u00e7\u00e3o conta com torneio de futebol society, circuito psicomotor para crian\u00e7as, atividades de lazer e competi\u00e7\u00e3o de nata\u00e7\u00e3o. Trilha ecol\u00f3gica para a Serra Grande e Desafio Supera (percurso com provas f\u00edsicas a serem cumpridas em menor tempo) tamb\u00e9m comp\u00f5em a programa\u00e7\u00e3o especial.<\/span><\/p>\n<p style=\"font-weight: 400; text-align: justify;\"><span style=\"font-size: 14pt; font-family: arial, helvetica, sans-serif;\"><img loading=\"lazy\" decoding=\"async\" class=\"size-medium wp-image-24609 alignright\" src=\"https:\/\/blogdojuniorcavalcanti.com.br\/wp-content\/uploads\/2023\/03\/PETROLINA-1-300x200.jpg\" alt=\"\" width=\"300\" height=\"200\" srcset=\"https:\/\/blogdojuniorcavalcanti.com.br\/wp-content\/uploads\/2023\/03\/PETROLINA-1-300x200.jpg 300w, https:\/\/blogdojuniorcavalcanti.com.br\/wp-content\/uploads\/2023\/03\/PETROLINA-1-1024x683.jpg 1024w, https:\/\/blogdojuniorcavalcanti.com.br\/wp-content\/uploads\/2023\/03\/PETROLINA-1-768x512.jpg 768w, https:\/\/blogdojuniorcavalcanti.com.br\/wp-content\/uploads\/2023\/03\/PETROLINA-1-1536x1024.jpg 1536w, https:\/\/blogdojuniorcavalcanti.com.br\/wp-content\/uploads\/2023\/03\/PETROLINA-1-2048x1365.jpg 2048w\" sizes=\"(max-width: 300px) 100vw, 300px\" \/>J\u00e1 em Petrolina, as atividades culturais abrem o Vira\u00e7\u00e3o na sexta-feira (24), com exposi\u00e7\u00e3o e exibi\u00e7\u00e3o de filmes. Nos dias seguintes, o Sesc vai oferecer oficinas de artes visuais, de brinquedos populares, recrea\u00e7\u00e3o infantil, treinamento funcional em fam\u00edlia, feira de troca de livros, conta\u00e7\u00e3o de hist\u00f3rias, avalia\u00e7\u00e3o e orienta\u00e7\u00e3o nutricional, teste de glicemia, aferi\u00e7\u00e3o de press\u00e3o arterial e espet\u00e1culos teatrais. No s\u00e1bado (25), a anima\u00e7\u00e3o noturna fica por conta da Noite Dan\u00e7ante, com encontro de DJ\u2019s, a partir das 21h.<\/span><\/p>\n<p style=\"font-weight: 400; text-align: justify;\"><span style=\"font-size: 14pt; font-family: arial, helvetica, sans-serif;\">Em Arcoverde, as comemora\u00e7\u00f5es incluem o Sexta Sa\u00fade Mulher, no Receptivo de Lota\u00e7\u00e3o da cidade, e o projeto Aprendendo e Brincando, na Biblioteca Jos\u00e9 Lins do R\u00eago e Sala de Ci\u00eancias do Sesc. No s\u00e1bado (25), O Nadando 2h vai ser no parque aqu\u00e1tico da unidade. Tem Sesc Ci\u00eancia, na Pra\u00e7a Winston Siqueira, Circuito Funcional Kids, na Pra\u00e7a Presidente Kennedy, e o Lual, com o cantor Ciro Santos, no Sal\u00e3o de Festas do Sesc. O domingo (26) abre com a Trilha do Lajed\u00e3o e tem o Sesc Lazer Especial, com m\u00fasica ao vivo de Juninho Saygon. O Virad\u00e3o fecha com o espet\u00e1culo \u201cEspavento\u201d, do Teatro de Retalhos, na P\u00e7. Winston Siqueira, e o Demonstra Cena, experimento dos alunos de Teatro Avan\u00e7ado, no Teatro Geraldo Barros.<\/span><\/p>\n<p style=\"font-weight: 400; text-align: justify;\"><span style=\"font-size: 14pt; font-family: arial, helvetica, sans-serif;\">Completando a programa\u00e7\u00e3o do Virad\u00e3o na regi\u00e3o sertaneja, o Hotel Sesc Triunfo vai levar para a Pra\u00e7a Professor Josias Albuquerque, em frente ao equipamento hoteleiro, conta\u00e7\u00e3o de hist\u00f3ria, passeio cicl\u00edstico, apresenta\u00e7\u00f5es culturais e recrea\u00e7\u00e3o infantil. Na feira livre da cidade, haver\u00e1 apresenta\u00e7\u00e3o da banda de P\u00edfano de Jeric\u00f3 e no Espa\u00e7o Cultural F\u00e1brica de Cria\u00e7\u00e3o Popular, no centro da cidade, a atra\u00e7\u00e3o ser\u00e1 a oficina de licor.<\/span><\/p>\n<p style=\"font-weight: 400; text-align: justify;\"><span style=\"font-size: 14pt; font-family: arial, helvetica, sans-serif;\">\u201cEstamos completando 76 anos. \u00c9 o momento de celebrar com os trabalhadores do com\u00e9rcio de bens, servi\u00e7os e turismo e toda a sociedade, que chancela nosso trabalho, e fortalecer nossa presen\u00e7a nos munic\u00edpios. O Virad\u00e3o Sesc \u00e9 nossa grande iniciativa pelo volume e diversidade de atividades, pelas mais de 230 parcerias e por envolver todas as unidades em uma grande opera\u00e7\u00e3o sincronizada\u201d, comenta Bernardo Peixoto, presidente do Sistema Fecom\u00e9rcio\/Sesc\/Senac Pernambuco. Em 2022, ano de estreia do projeto, foram registrados cerca de 49 mil atendimentos ao p\u00fablico, em mais de 410 a\u00e7\u00f5es.<\/span><\/p>\n<p style=\"font-weight: 400; text-align: justify;\"><span style=\"font-size: 14pt; font-family: arial, helvetica, sans-serif;\">O detalhamento das atividades do Virad\u00e3o em todos os munic\u00edpios onde o Sesc atua est\u00e1 dispon\u00edvel em\u00a0<a href=\"https:\/\/www.sescpe.org.br\/\" data-saferedirecturl=\"https:\/\/www.google.com\/url?q=https:\/\/www.sescpe.org.br\/&amp;source=gmail&amp;ust=1679691529486000&amp;usg=AOvVaw2Giqf13oXielaMMvYZCakk\">https:\/\/www.sescpe.org.br\/<\/a>.<\/span><span style=\"font-size: 14pt; font-family: arial, helvetica, sans-serif;\"><strong>\u00a0<\/strong><\/span><\/p>\n<p style=\"font-weight: 400; text-align: justify;\"><span style=\"font-size: 14pt; font-family: arial, helvetica, sans-serif;\"><strong>Sesc\u00a0<\/strong>\u2013 Fundado em 1947 em Pernambuco, o Servi\u00e7o Social do Com\u00e9rcio \u00e9 uma institui\u00e7\u00e3o privada mantida pelos empres\u00e1rios do com\u00e9rcio de bens, servi\u00e7os e turismo. Atuante na Regi\u00e3o Metropolitana do Recife, Zona da Mata Norte, Zona da Mata Sul, Agreste e Sert\u00e3o, por meio de 23 unidades fixas, incluindo os hot\u00e9is Guadalupe (Sirinha\u00e9m), Triunfo e Garanhuns. Oferece atividades gratuitas ou a pre\u00e7os populares nas \u00e1reas de Educa\u00e7\u00e3o, Cultura, Lazer, Assist\u00eancia e Sa\u00fade, inclusive para quem disp\u00f5e do Cart\u00e3o do Empres\u00e1rio da Fecom\u00e9rcio\/PE. No campo digital, a institui\u00e7\u00e3o oferece o aplicativo Sesc-PE, facilitando acesso \u00e0s atividades, renova\u00e7\u00e3o e habilita\u00e7\u00e3o da credencial entre outras funcionalidades, e disponibiliza a plataforma Sesc Digital (<a href=\"https:\/\/cursos.sescpe.com.br\/todos\" data-saferedirecturl=\"https:\/\/www.google.com\/url?q=https:\/\/cursos.sescpe.com.br\/todos&amp;source=gmail&amp;ust=1679691529486000&amp;usg=AOvVaw2_r1ajSN_qbpC0P2LKFTIk\">https:\/\/cursos.sescpe.com.br\/todos<\/a>). Por ela, \u00e9 poss\u00edvel conhecer o cronograma de cursos e realizar a inscri\u00e7\u00e3o de forma online e segura. Para acompanhar todas as informa\u00e7\u00f5es sobre o Sesc, acesse\u00a0<a href=\"http:\/\/www.sescpe.org.br\/\" data-saferedirecturl=\"https:\/\/www.google.com\/url?q=http:\/\/www.sescpe.org.br&amp;source=gmail&amp;ust=1679691529486000&amp;usg=AOvVaw2VM7RwbYDtn4xNpevao-Db\">www.sescpe.org.br<\/a>.<\/span><\/p>\n<p style=\"font-weight: 400; text-align: justify;\"><span style=\"font-size: 14pt; font-family: arial, helvetica, sans-serif;\">Servi\u00e7o<strong>\u00a0\u2013 Virad\u00e3o Sesc<\/strong><\/span><\/p>\n<p style=\"font-weight: 400; text-align: justify;\"><span style=\"font-size: 14pt; font-family: arial, helvetica, sans-serif;\">Data: de 24 a 26 de mar\u00e7o<\/span><\/p>\n<p style=\"font-weight: 400; text-align: justify;\"><span style=\"font-size: 14pt; font-family: arial, helvetica, sans-serif;\">Unidades: Araripina, Bodoc\u00f3, Floresta, Serra Talhada, Petrolina, Arcoverde e Triunfo<\/span><\/p>\n<p style=\"font-weight: 400; text-align: justify;\"><span style=\"font-size: 14pt; font-family: arial, helvetica, sans-serif;\">Programa\u00e7\u00e3o completa:\u00a0<a href=\"https:\/\/www.sescpe.org.br\/\" data-saferedirecturl=\"https:\/\/www.google.com\/url?q=https:\/\/www.sescpe.org.br\/&amp;source=gmail&amp;ust=1679691529486000&amp;usg=AOvVaw2Giqf13oXielaMMvYZCakk\">https:\/\/www.sescpe.org.br\/<\/a><\/span><\/p>\n","protected":false},"excerpt":{"rendered":"<p>Virad&atilde;o Sesc vai acontecer entre os dias 24 e 26 de mar&ccedil;o, em 17 munic&iacute;pios. No Sert&atilde;o, haver&aacute; atividades em Araripina, Bodoc&oacute;, Floresta, Serra Talhada, Petrolina, Arcoverde e Triunfo.&nbsp;&nbsp;&nbsp; Para comemorar os 76 anos de atua&ccedil;&atilde;o no Estado, o Sesc Pernambuco vai promover, de 24 a 26 de mar&ccedil;o, m&ecirc;s de anivers&aacute;rio da institui&ccedil;&atilde;o no estado, uma vasta programa&ccedil;&atilde;o sincronizada de lazer, sa&uacute;de, turismo, cultura, esportes, educa&ccedil;&atilde;o e assist&ecirc;ncia.&nbsp; A proposta integra o Virad&atilde;o Sesc, que chega &agrave; segunda edi&ccedil;&atilde;o, em 2023, e pretende beneficiar aproximadamente 54 mil pessoas com 490 a&ccedil;&otilde;es durante os tr&ecirc;s dias de festa. Todas as &#8230; <\/p>\n<p class=\"read-more-container\"><a title=\"Sesc comemora 76 anos com 490 a\u00e7\u00f5es em Pernambuco\" class=\"read-more button\" href=\"https:\/\/blogdojuniorcavalcanti.com.br\/index.php\/2023\/03\/23\/sesc-comemora-76-anos-com-490-acoes-em-pernambuco\/#more-24606\" aria-label=\"More on Sesc comemora 76 anos com 490 a\u00e7\u00f5es em Pernambuco\">Leia mais<\/a><\/p>\n","protected":false},"author":2,"featured_media":0,"comment_status":"open","ping_status":"open","sticky":false,"template":"","format":"standard","meta":{"footnotes":""},"categories":[26],"tags":[],"class_list":["post-24606","post","type-post","status-publish","format-standard","hentry","category-noticias"],"_links":{"self":[{"href":"https:\/\/blogdojuniorcavalcanti.com.br\/index.php\/wp-json\/wp\/v2\/posts\/24606","targetHints":{"allow":["GET"]}}],"collection":[{"href":"https:\/\/blogdojuniorcavalcanti.com.br\/index.php\/wp-json\/wp\/v2\/posts"}],"about":[{"href":"https:\/\/blogdojuniorcavalcanti.com.br\/index.php\/wp-json\/wp\/v2\/types\/post"}],"author":[{"embeddable":true,"href":"https:\/\/blogdojuniorcavalcanti.com.br\/index.php\/wp-json\/wp\/v2\/users\/2"}],"replies":[{"embeddable":true,"href":"https:\/\/blogdojuniorcavalcanti.com.br\/index.php\/wp-json\/wp\/v2\/comments?post=24606"}],"version-history":[{"count":1,"href":"https:\/\/blogdojuniorcavalcanti.com.br\/index.php\/wp-json\/wp\/v2\/posts\/24606\/revisions"}],"predecessor-version":[{"id":24611,"href":"https:\/\/blogdojuniorcavalcanti.com.br\/index.php\/wp-json\/wp\/v2\/posts\/24606\/revisions\/24611"}],"wp:attachment":[{"href":"https:\/\/blogdojuniorcavalcanti.com.br\/index.php\/wp-json\/wp\/v2\/media?parent=24606"}],"wp:term":[{"taxonomy":"category","embeddable":true,"href":"https:\/\/blogdojuniorcavalcanti.com.br\/index.php\/wp-json\/wp\/v2\/categories?post=24606"},{"taxonomy":"post_tag","embeddable":true,"href":"https:\/\/blogdojuniorcavalcanti.com.br\/index.php\/wp-json\/wp\/v2\/tags?post=24606"}],"curies":[{"name":"wp","href":"https:\/\/api.w.org\/{rel}","templated":true}]}}