{"id":24662,"date":"2023-03-27T04:42:12","date_gmt":"2023-03-27T07:42:12","guid":{"rendered":"https:\/\/blogdojuniorcavalcanti.com.br\/?p=24662"},"modified":"2023-03-27T04:42:12","modified_gmt":"2023-03-27T07:42:12","slug":"maratona-de-inauguracoes-sandrinho-entregou-rua-pavimentada-no-bairro-sao-francisco","status":"publish","type":"post","link":"https:\/\/blogdojuniorcavalcanti.com.br\/index.php\/2023\/03\/27\/maratona-de-inauguracoes-sandrinho-entregou-rua-pavimentada-no-bairro-sao-francisco\/","title":{"rendered":"Maratona de inaugura\u00e7\u00f5es: Sandrinho entregou rua pavimentada no bairro S\u00e3o Francisco"},"content":{"rendered":"<p style=\"text-align: justify;\"><span style=\"font-size: 14pt; font-family: arial, helvetica, sans-serif;\">O Prefeito de Afogados, Sandrinho Palmeira, inaugurou neste final de semana mais uma rua pavimentada em sua gest\u00e3o: a Rua Maria Aurora Virginio, no bairro S\u00e3o Fr\u00e2ncico, por tr\u00e1s do museu do r\u00e1dio.<\/span><\/p>\n<p style=\"text-align: justify;\"><span style=\"font-size: 14pt; font-family: arial, helvetica, sans-serif;\">A rua foi pavimentada com piso intertravado, a um custo de 58 mil Reais, em parceria com a Caixa e recursos de emenda do Senador Humberto Costa. A rua tamb\u00e9m ganhou cal\u00e7adas com acessibilidade e ilumina\u00e7\u00e3o em LED. Na inaugura\u00e7\u00e3o, o Prefeito esteve acompanhado do Deputado Estadual, Jos\u00e9 Patriota, e do vice-prefeito Daniel Valadares.<img fetchpriority=\"high\" decoding=\"async\" class=\"aligncenter size-large wp-image-235024 jetpack-lazy-image jetpack-lazy-image--handled\" src=\"https:\/\/blogdofinfa.com.br\/wp-content\/uploads\/2023\/03\/WhatsApp-Image-2023-03-27-at-01.01.05-1-800x533.jpeg\" sizes=\"(max-width: 600px) 100vw, 600px\" srcset=\"https:\/\/blogdofinfa.com.br\/wp-content\/uploads\/2023\/03\/WhatsApp-Image-2023-03-27-at-01.01.05-1-800x533.jpeg 800w, https:\/\/blogdofinfa.com.br\/wp-content\/uploads\/2023\/03\/WhatsApp-Image-2023-03-27-at-01.01.05-1-300x200.jpeg 300w, https:\/\/blogdofinfa.com.br\/wp-content\/uploads\/2023\/03\/WhatsApp-Image-2023-03-27-at-01.01.05-1-768x512.jpeg 768w, https:\/\/blogdofinfa.com.br\/wp-content\/uploads\/2023\/03\/WhatsApp-Image-2023-03-27-at-01.01.05-1-1536x1023.jpeg 1536w, https:\/\/blogdofinfa.com.br\/wp-content\/uploads\/2023\/03\/WhatsApp-Image-2023-03-27-at-01.01.05-1-200x133.jpeg 200w, https:\/\/blogdofinfa.com.br\/wp-content\/uploads\/2023\/03\/WhatsApp-Image-2023-03-27-at-01.01.05-1-75x50.jpeg 75w, https:\/\/blogdofinfa.com.br\/wp-content\/uploads\/2023\/03\/WhatsApp-Image-2023-03-27-at-01.01.05-1-24x16.jpeg 24w, https:\/\/blogdofinfa.com.br\/wp-content\/uploads\/2023\/03\/WhatsApp-Image-2023-03-27-at-01.01.05-1-36x24.jpeg 36w, https:\/\/blogdofinfa.com.br\/wp-content\/uploads\/2023\/03\/WhatsApp-Image-2023-03-27-at-01.01.05-1-48x32.jpeg 48w, https:\/\/blogdofinfa.com.br\/wp-content\/uploads\/2023\/03\/WhatsApp-Image-2023-03-27-at-01.01.05-1.jpeg 1600w\" alt=\"\" width=\"600\" height=\"400\" data-attachment-id=\"235024\" data-permalink=\"https:\/\/blogdofinfa.com.br\/2023\/03\/maratona-de-inauguracoes-sandrinho-entregou-rua-pavimentada-no-bairro-sao-francisco.html\/whatsapp-image-2023-03-27-at-01-01-05-1\" data-orig-file=\"https:\/\/blogdofinfa.com.br\/wp-content\/uploads\/2023\/03\/WhatsApp-Image-2023-03-27-at-01.01.05-1.jpeg\" data-orig-size=\"1600,1066\" data-comments-opened=\"1\" data-image-meta=\"{&quot;aperture&quot;:&quot;0&quot;,&quot;credit&quot;:&quot;&quot;,&quot;camera&quot;:&quot;&quot;,&quot;caption&quot;:&quot;&quot;,&quot;created_timestamp&quot;:&quot;0&quot;,&quot;copyright&quot;:&quot;&quot;,&quot;focal_length&quot;:&quot;0&quot;,&quot;iso&quot;:&quot;0&quot;,&quot;shutter_speed&quot;:&quot;0&quot;,&quot;title&quot;:&quot;&quot;,&quot;orientation&quot;:&quot;0&quot;}\" data-image-title=\"WhatsApp Image 2023-03-27 at 01.01.05 (1)\" data-image-description=\"\" data-image-caption=\"\" data-medium-file=\"https:\/\/blogdofinfa.com.br\/wp-content\/uploads\/2023\/03\/WhatsApp-Image-2023-03-27-at-01.01.05-1-300x200.jpeg\" data-large-file=\"https:\/\/blogdofinfa.com.br\/wp-content\/uploads\/2023\/03\/WhatsApp-Image-2023-03-27-at-01.01.05-1-800x533.jpeg\" data-lazy-loaded=\"1\" \/><\/span><\/p>\n<p style=\"text-align: justify;\"><span style=\"font-size: 14pt; font-family: arial, helvetica, sans-serif;\">O requerimento para a pavimenta\u00e7\u00e3o da via foi solicitado pelo vereador C\u00edcero Miguel e pela vereadora Gal Mariano. O vereador Raimundo Lima foi o autor da lei que deu nome \u00e0 rua. Al\u00e9m deles, tamb\u00e9m participaram da inaugura\u00e7\u00e3o os vereadores Reinaldo Lima, C\u00e9sar Ten\u00f3rio; Sargento Argemiro e Douglas Eletricista.<img decoding=\"async\" class=\"aligncenter size-large wp-image-235023 jetpack-lazy-image jetpack-lazy-image--handled\" src=\"https:\/\/blogdofinfa.com.br\/wp-content\/uploads\/2023\/03\/WhatsApp-Image-2023-03-27-at-01.01.04-800x533.jpeg\" sizes=\"(max-width: 600px) 100vw, 600px\" srcset=\"https:\/\/blogdofinfa.com.br\/wp-content\/uploads\/2023\/03\/WhatsApp-Image-2023-03-27-at-01.01.04-800x533.jpeg 800w, https:\/\/blogdofinfa.com.br\/wp-content\/uploads\/2023\/03\/WhatsApp-Image-2023-03-27-at-01.01.04-300x200.jpeg 300w, https:\/\/blogdofinfa.com.br\/wp-content\/uploads\/2023\/03\/WhatsApp-Image-2023-03-27-at-01.01.04-768x512.jpeg 768w, https:\/\/blogdofinfa.com.br\/wp-content\/uploads\/2023\/03\/WhatsApp-Image-2023-03-27-at-01.01.04-1536x1023.jpeg 1536w, https:\/\/blogdofinfa.com.br\/wp-content\/uploads\/2023\/03\/WhatsApp-Image-2023-03-27-at-01.01.04-200x133.jpeg 200w, https:\/\/blogdofinfa.com.br\/wp-content\/uploads\/2023\/03\/WhatsApp-Image-2023-03-27-at-01.01.04-75x50.jpeg 75w, https:\/\/blogdofinfa.com.br\/wp-content\/uploads\/2023\/03\/WhatsApp-Image-2023-03-27-at-01.01.04-24x16.jpeg 24w, https:\/\/blogdofinfa.com.br\/wp-content\/uploads\/2023\/03\/WhatsApp-Image-2023-03-27-at-01.01.04-36x24.jpeg 36w, https:\/\/blogdofinfa.com.br\/wp-content\/uploads\/2023\/03\/WhatsApp-Image-2023-03-27-at-01.01.04-48x32.jpeg 48w, https:\/\/blogdofinfa.com.br\/wp-content\/uploads\/2023\/03\/WhatsApp-Image-2023-03-27-at-01.01.04.jpeg 1600w\" alt=\"\" width=\"600\" height=\"400\" data-attachment-id=\"235023\" data-permalink=\"https:\/\/blogdofinfa.com.br\/2023\/03\/maratona-de-inauguracoes-sandrinho-entregou-rua-pavimentada-no-bairro-sao-francisco.html\/whatsapp-image-2023-03-27-at-01-01-04\" data-orig-file=\"https:\/\/blogdofinfa.com.br\/wp-content\/uploads\/2023\/03\/WhatsApp-Image-2023-03-27-at-01.01.04.jpeg\" data-orig-size=\"1600,1066\" data-comments-opened=\"1\" data-image-meta=\"{&quot;aperture&quot;:&quot;0&quot;,&quot;credit&quot;:&quot;&quot;,&quot;camera&quot;:&quot;&quot;,&quot;caption&quot;:&quot;&quot;,&quot;created_timestamp&quot;:&quot;0&quot;,&quot;copyright&quot;:&quot;&quot;,&quot;focal_length&quot;:&quot;0&quot;,&quot;iso&quot;:&quot;0&quot;,&quot;shutter_speed&quot;:&quot;0&quot;,&quot;title&quot;:&quot;&quot;,&quot;orientation&quot;:&quot;0&quot;}\" data-image-title=\"WhatsApp Image 2023-03-27 at 01.01.04\" data-image-description=\"\" data-image-caption=\"\" data-medium-file=\"https:\/\/blogdofinfa.com.br\/wp-content\/uploads\/2023\/03\/WhatsApp-Image-2023-03-27-at-01.01.04-300x200.jpeg\" data-large-file=\"https:\/\/blogdofinfa.com.br\/wp-content\/uploads\/2023\/03\/WhatsApp-Image-2023-03-27-at-01.01.04-800x533.jpeg\" data-lazy-loaded=\"1\" \/><\/span><\/p>\n<p style=\"text-align: justify;\"><span style=\"font-size: 14pt; font-family: arial, helvetica, sans-serif;\">\u201cIsso \u00e9 um sonho de 31 anos. Viv\u00edamos com muita dificuldade nessa rua, com esgoto a c\u00e9u aberto, com muita terra, lama, poeira. A gest\u00e3o teve um olhar diferenciado com a gente morador. A palavra de ordem para n\u00f3s \u00e9 gratid\u00e3o,\u201d afirmou a moradora C\u00e9lia Gon\u00e7alo.<img decoding=\"async\" class=\"aligncenter size-large wp-image-235025 jetpack-lazy-image jetpack-lazy-image--handled\" src=\"https:\/\/blogdofinfa.com.br\/wp-content\/uploads\/2023\/03\/WhatsApp-Image-2023-03-27-at-01.01.05-800x533.jpeg\" sizes=\"(max-width: 600px) 100vw, 600px\" srcset=\"https:\/\/blogdofinfa.com.br\/wp-content\/uploads\/2023\/03\/WhatsApp-Image-2023-03-27-at-01.01.05-800x533.jpeg 800w, https:\/\/blogdofinfa.com.br\/wp-content\/uploads\/2023\/03\/WhatsApp-Image-2023-03-27-at-01.01.05-300x200.jpeg 300w, https:\/\/blogdofinfa.com.br\/wp-content\/uploads\/2023\/03\/WhatsApp-Image-2023-03-27-at-01.01.05-768x512.jpeg 768w, https:\/\/blogdofinfa.com.br\/wp-content\/uploads\/2023\/03\/WhatsApp-Image-2023-03-27-at-01.01.05-1536x1023.jpeg 1536w, https:\/\/blogdofinfa.com.br\/wp-content\/uploads\/2023\/03\/WhatsApp-Image-2023-03-27-at-01.01.05-200x133.jpeg 200w, https:\/\/blogdofinfa.com.br\/wp-content\/uploads\/2023\/03\/WhatsApp-Image-2023-03-27-at-01.01.05-75x50.jpeg 75w, https:\/\/blogdofinfa.com.br\/wp-content\/uploads\/2023\/03\/WhatsApp-Image-2023-03-27-at-01.01.05-24x16.jpeg 24w, https:\/\/blogdofinfa.com.br\/wp-content\/uploads\/2023\/03\/WhatsApp-Image-2023-03-27-at-01.01.05-36x24.jpeg 36w, https:\/\/blogdofinfa.com.br\/wp-content\/uploads\/2023\/03\/WhatsApp-Image-2023-03-27-at-01.01.05-48x32.jpeg 48w, https:\/\/blogdofinfa.com.br\/wp-content\/uploads\/2023\/03\/WhatsApp-Image-2023-03-27-at-01.01.05.jpeg 1600w\" alt=\"\" width=\"600\" height=\"400\" data-attachment-id=\"235025\" data-permalink=\"https:\/\/blogdofinfa.com.br\/2023\/03\/maratona-de-inauguracoes-sandrinho-entregou-rua-pavimentada-no-bairro-sao-francisco.html\/whatsapp-image-2023-03-27-at-01-01-05\" data-orig-file=\"https:\/\/blogdofinfa.com.br\/wp-content\/uploads\/2023\/03\/WhatsApp-Image-2023-03-27-at-01.01.05.jpeg\" data-orig-size=\"1600,1066\" data-comments-opened=\"1\" data-image-meta=\"{&quot;aperture&quot;:&quot;0&quot;,&quot;credit&quot;:&quot;&quot;,&quot;camera&quot;:&quot;&quot;,&quot;caption&quot;:&quot;&quot;,&quot;created_timestamp&quot;:&quot;0&quot;,&quot;copyright&quot;:&quot;&quot;,&quot;focal_length&quot;:&quot;0&quot;,&quot;iso&quot;:&quot;0&quot;,&quot;shutter_speed&quot;:&quot;0&quot;,&quot;title&quot;:&quot;&quot;,&quot;orientation&quot;:&quot;0&quot;}\" data-image-title=\"WhatsApp Image 2023-03-27 at 01.01.05\" data-image-description=\"\" data-image-caption=\"\" data-medium-file=\"https:\/\/blogdofinfa.com.br\/wp-content\/uploads\/2023\/03\/WhatsApp-Image-2023-03-27-at-01.01.05-300x200.jpeg\" data-large-file=\"https:\/\/blogdofinfa.com.br\/wp-content\/uploads\/2023\/03\/WhatsApp-Image-2023-03-27-at-01.01.05-800x533.jpeg\" data-lazy-loaded=\"1\" \/><img loading=\"lazy\" decoding=\"async\" class=\"aligncenter size-large wp-image-235027 jetpack-lazy-image jetpack-lazy-image--handled\" src=\"https:\/\/blogdofinfa.com.br\/wp-content\/uploads\/2023\/03\/WhatsApp-Image-2023-03-27-at-01.01.07-800x533.jpeg\" sizes=\"(max-width: 600px) 100vw, 600px\" srcset=\"https:\/\/blogdofinfa.com.br\/wp-content\/uploads\/2023\/03\/WhatsApp-Image-2023-03-27-at-01.01.07-800x533.jpeg 800w, https:\/\/blogdofinfa.com.br\/wp-content\/uploads\/2023\/03\/WhatsApp-Image-2023-03-27-at-01.01.07-300x200.jpeg 300w, https:\/\/blogdofinfa.com.br\/wp-content\/uploads\/2023\/03\/WhatsApp-Image-2023-03-27-at-01.01.07-768x512.jpeg 768w, https:\/\/blogdofinfa.com.br\/wp-content\/uploads\/2023\/03\/WhatsApp-Image-2023-03-27-at-01.01.07-1536x1023.jpeg 1536w, https:\/\/blogdofinfa.com.br\/wp-content\/uploads\/2023\/03\/WhatsApp-Image-2023-03-27-at-01.01.07-200x133.jpeg 200w, https:\/\/blogdofinfa.com.br\/wp-content\/uploads\/2023\/03\/WhatsApp-Image-2023-03-27-at-01.01.07-75x50.jpeg 75w, https:\/\/blogdofinfa.com.br\/wp-content\/uploads\/2023\/03\/WhatsApp-Image-2023-03-27-at-01.01.07-24x16.jpeg 24w, https:\/\/blogdofinfa.com.br\/wp-content\/uploads\/2023\/03\/WhatsApp-Image-2023-03-27-at-01.01.07-36x24.jpeg 36w, https:\/\/blogdofinfa.com.br\/wp-content\/uploads\/2023\/03\/WhatsApp-Image-2023-03-27-at-01.01.07-48x32.jpeg 48w, https:\/\/blogdofinfa.com.br\/wp-content\/uploads\/2023\/03\/WhatsApp-Image-2023-03-27-at-01.01.07.jpeg 1600w\" alt=\"\" width=\"600\" height=\"400\" data-attachment-id=\"235027\" data-permalink=\"https:\/\/blogdofinfa.com.br\/2023\/03\/maratona-de-inauguracoes-sandrinho-entregou-rua-pavimentada-no-bairro-sao-francisco.html\/whatsapp-image-2023-03-27-at-01-01-07\" data-orig-file=\"https:\/\/blogdofinfa.com.br\/wp-content\/uploads\/2023\/03\/WhatsApp-Image-2023-03-27-at-01.01.07.jpeg\" data-orig-size=\"1600,1066\" data-comments-opened=\"1\" data-image-meta=\"{&quot;aperture&quot;:&quot;0&quot;,&quot;credit&quot;:&quot;&quot;,&quot;camera&quot;:&quot;&quot;,&quot;caption&quot;:&quot;&quot;,&quot;created_timestamp&quot;:&quot;0&quot;,&quot;copyright&quot;:&quot;&quot;,&quot;focal_length&quot;:&quot;0&quot;,&quot;iso&quot;:&quot;0&quot;,&quot;shutter_speed&quot;:&quot;0&quot;,&quot;title&quot;:&quot;&quot;,&quot;orientation&quot;:&quot;0&quot;}\" data-image-title=\"WhatsApp Image 2023-03-27 at 01.01.07\" data-image-description=\"\" data-image-caption=\"\" data-medium-file=\"https:\/\/blogdofinfa.com.br\/wp-content\/uploads\/2023\/03\/WhatsApp-Image-2023-03-27-at-01.01.07-300x200.jpeg\" data-large-file=\"https:\/\/blogdofinfa.com.br\/wp-content\/uploads\/2023\/03\/WhatsApp-Image-2023-03-27-at-01.01.07-800x533.jpeg\" data-lazy-loaded=\"1\" \/><\/span><\/p>\n<p style=\"text-align: justify;\"><span style=\"font-size: 14pt; font-family: arial, helvetica, sans-serif;\">Essa \u00e9 a d\u00e9cima primeira semana consecutiva da maratona de inaugura\u00e7\u00f5es e entregas anunciada pelo Prefeito Sandrinho Palmeira para acontecer at\u00e9 o final deste ano. \u201cEstou muito feliz em ter um volume de obras e a\u00e7\u00f5es, que est\u00e3o beneficiando a nossa popula\u00e7\u00e3o, e que nos permite ter uma inaugura\u00e7\u00e3o, uma entrega por semana. A pisada ser\u00e1 essa at\u00e9 dezembro,\u201d destacou o Prefeito Sandrinho.<\/span><\/p>\n","protected":false},"excerpt":{"rendered":"<p>O Prefeito de Afogados, Sandrinho Palmeira, inaugurou neste final de semana mais uma rua pavimentada em sua gest&atilde;o: a Rua Maria Aurora Virginio, no bairro S&atilde;o Fr&acirc;ncico, por tr&aacute;s do museu do r&aacute;dio. A rua foi pavimentada com piso intertravado, a um custo de 58 mil Reais, em parceria com a Caixa e recursos de emenda do Senador Humberto Costa. A rua tamb&eacute;m ganhou cal&ccedil;adas com acessibilidade e ilumina&ccedil;&atilde;o em LED. Na inaugura&ccedil;&atilde;o, o Prefeito esteve acompanhado do Deputado Estadual, Jos&eacute; Patriota, e do vice-prefeito Daniel Valadares. O requerimento para a pavimenta&ccedil;&atilde;o da via foi solicitado pelo vereador C&iacute;cero Miguel &#8230; <\/p>\n<p class=\"read-more-container\"><a title=\"Maratona de inaugura\u00e7\u00f5es: Sandrinho entregou rua pavimentada no bairro S\u00e3o Francisco\" class=\"read-more button\" href=\"https:\/\/blogdojuniorcavalcanti.com.br\/index.php\/2023\/03\/27\/maratona-de-inauguracoes-sandrinho-entregou-rua-pavimentada-no-bairro-sao-francisco\/#more-24662\" aria-label=\"More on Maratona de inaugura\u00e7\u00f5es: Sandrinho entregou rua pavimentada no bairro S\u00e3o Francisco\">Leia mais<\/a><\/p>\n","protected":false},"author":2,"featured_media":24663,"comment_status":"open","ping_status":"open","sticky":false,"template":"","format":"standard","meta":{"footnotes":""},"categories":[25],"tags":[],"class_list":["post-24662","post","type-post","status-publish","format-standard","has-post-thumbnail","hentry","category-destaque","resize-featured-image"],"_links":{"self":[{"href":"https:\/\/blogdojuniorcavalcanti.com.br\/index.php\/wp-json\/wp\/v2\/posts\/24662","targetHints":{"allow":["GET"]}}],"collection":[{"href":"https:\/\/blogdojuniorcavalcanti.com.br\/index.php\/wp-json\/wp\/v2\/posts"}],"about":[{"href":"https:\/\/blogdojuniorcavalcanti.com.br\/index.php\/wp-json\/wp\/v2\/types\/post"}],"author":[{"embeddable":true,"href":"https:\/\/blogdojuniorcavalcanti.com.br\/index.php\/wp-json\/wp\/v2\/users\/2"}],"replies":[{"embeddable":true,"href":"https:\/\/blogdojuniorcavalcanti.com.br\/index.php\/wp-json\/wp\/v2\/comments?post=24662"}],"version-history":[{"count":1,"href":"https:\/\/blogdojuniorcavalcanti.com.br\/index.php\/wp-json\/wp\/v2\/posts\/24662\/revisions"}],"predecessor-version":[{"id":24664,"href":"https:\/\/blogdojuniorcavalcanti.com.br\/index.php\/wp-json\/wp\/v2\/posts\/24662\/revisions\/24664"}],"wp:featuredmedia":[{"embeddable":true,"href":"https:\/\/blogdojuniorcavalcanti.com.br\/index.php\/wp-json\/wp\/v2\/media\/24663"}],"wp:attachment":[{"href":"https:\/\/blogdojuniorcavalcanti.com.br\/index.php\/wp-json\/wp\/v2\/media?parent=24662"}],"wp:term":[{"taxonomy":"category","embeddable":true,"href":"https:\/\/blogdojuniorcavalcanti.com.br\/index.php\/wp-json\/wp\/v2\/categories?post=24662"},{"taxonomy":"post_tag","embeddable":true,"href":"https:\/\/blogdojuniorcavalcanti.com.br\/index.php\/wp-json\/wp\/v2\/tags?post=24662"}],"curies":[{"name":"wp","href":"https:\/\/api.w.org\/{rel}","templated":true}]}}