{"id":24708,"date":"2023-03-28T04:52:37","date_gmt":"2023-03-28T07:52:37","guid":{"rendered":"https:\/\/blogdojuniorcavalcanti.com.br\/?p=24708"},"modified":"2023-03-28T04:52:37","modified_gmt":"2023-03-28T07:52:37","slug":"sindrome-gripal-gera-transtorno-na-escala-medica-do-hospital-regional-emilia-camara","status":"publish","type":"post","link":"https:\/\/blogdojuniorcavalcanti.com.br\/index.php\/2023\/03\/28\/sindrome-gripal-gera-transtorno-na-escala-medica-do-hospital-regional-emilia-camara\/","title":{"rendered":"S\u00edndrome gripal gera transtorno na escala m\u00e9dica do Hospital Regional Em\u00edlia C\u00e2mara"},"content":{"rendered":"<p style=\"text-align: justify;\"><span style=\"font-size: 14pt;\"><img fetchpriority=\"high\" decoding=\"async\" class=\"alignleft wp-image-254897 jetpack-lazy-image jetpack-lazy-image--handled\" src=\"https:\/\/i2.wp.com\/nilljunior.com.br\/wp-content\/uploads\/2023\/03\/MarconyPereira-SebastiaoDuque.jpg?resize=400%2C310&amp;ssl=1\" sizes=\"(max-width: 400px) 100vw, 400px\" srcset=\"https:\/\/i2.wp.com\/nilljunior.com.br\/wp-content\/uploads\/2023\/03\/MarconyPereira-SebastiaoDuque.jpg?w=768&amp;ssl=1 768w, https:\/\/i2.wp.com\/nilljunior.com.br\/wp-content\/uploads\/2023\/03\/MarconyPereira-SebastiaoDuque.jpg?resize=300%2C233&amp;ssl=1 300w, https:\/\/i2.wp.com\/nilljunior.com.br\/wp-content\/uploads\/2023\/03\/MarconyPereira-SebastiaoDuque.jpg?resize=515%2C400&amp;ssl=1 515w\" alt=\"\" width=\"400\" height=\"310\" data-attachment-id=\"254897\" data-permalink=\"https:\/\/nilljunior.com.br\/sindrome-gripal-gera-transtorno-na-escala-medica-do-hospital-regional-emilia-camara\/marconypereira-sebastiaoduque\/\" data-orig-file=\"https:\/\/i2.wp.com\/nilljunior.com.br\/wp-content\/uploads\/2023\/03\/MarconyPereira-SebastiaoDuque.jpg?fit=768%2C596&amp;ssl=1\" data-orig-size=\"768,596\" data-comments-opened=\"1\" data-image-meta=\"{&quot;aperture&quot;:&quot;0&quot;,&quot;credit&quot;:&quot;&quot;,&quot;camera&quot;:&quot;&quot;,&quot;caption&quot;:&quot;&quot;,&quot;created_timestamp&quot;:&quot;0&quot;,&quot;copyright&quot;:&quot;&quot;,&quot;focal_length&quot;:&quot;0&quot;,&quot;iso&quot;:&quot;0&quot;,&quot;shutter_speed&quot;:&quot;0&quot;,&quot;title&quot;:&quot;&quot;,&quot;orientation&quot;:&quot;0&quot;}\" data-image-title=\"MarconyPereira-SebastiaoDuque\" data-image-description=\"\" data-medium-file=\"https:\/\/i2.wp.com\/nilljunior.com.br\/wp-content\/uploads\/2023\/03\/MarconyPereira-SebastiaoDuque.jpg?fit=300%2C233&amp;ssl=1\" data-large-file=\"https:\/\/i2.wp.com\/nilljunior.com.br\/wp-content\/uploads\/2023\/03\/MarconyPereira-SebastiaoDuque.jpg?fit=515%2C400&amp;ssl=1\" data-recalc-dims=\"1\" data-lazy-loaded=\"1\" \/><span style=\"font-family: arial, helvetica, sans-serif;\">O diretor-geral do Hospital Regional Em\u00edlia C\u00e2mara (HREC), Sebasti\u00e3o Duque, informou durante entrevista ao rep\u00f3rter Marcony Pereira, para o programa A Tarde \u00e9 Sua da R\u00e1dio Paje\u00fa, nesta segunda-feira (27), que a semana abre com desfalque na equipe m\u00e9dica na unidade causado por uma alta de s\u00edndromes gripais.<\/span><\/span><\/p>\n<p style=\"text-align: justify;\"><span style=\"font-size: 14pt; font-family: arial, helvetica, sans-serif;\">Segundo o diretor-geral, dez profissionais informaram estarem com os sintomas, o que impede que possam atender na unidade.<\/span><\/p>\n<p style=\"text-align: justify;\"><span style=\"font-size: 14pt; font-family: arial, helvetica, sans-serif;\">\u201cIsso causa um certo transtorno, pois precisamos fazer a substitui\u00e7\u00e3o destes profissionais e nem sempre a gente consegue, visto que s\u00f3 ficamos sabendo na maioria das vezes ap\u00f3s o in\u00edcio dos plant\u00f5es\u201d, informou Duque.<\/span><\/p>\n<p style=\"text-align: justify;\"><span style=\"font-size: 14pt; font-family: arial, helvetica, sans-serif;\">Fazendo um balan\u00e7o dos atendimentos durante o final de semana na unidade, Sebasti\u00e3o destacou o alto n\u00famero de acidentes com motos, em sua grande maioria causada pela combina\u00e7\u00e3o \u00e1lcool e dire\u00e7\u00e3o.<\/span><\/p>\n<p style=\"text-align: justify;\"><span style=\"font-size: 14pt; font-family: arial, helvetica, sans-serif;\">\u201cAs pessoas ainda n\u00e3o se conscientizarem que essa combina\u00e7\u00e3o pode ceifar vidas, infelizmente. Mais de dezenove acidentes em dois dias \u00e9 muito alto, a gente sabe que j\u00e1 registramos n\u00fameros maiores, mas \u00e9 alto sim\u201d, destacou Sebasti\u00e3o Duque.<\/span><\/p>\n","protected":false},"excerpt":{"rendered":"<p>O diretor-geral do Hospital Regional Em&iacute;lia C&acirc;mara (HREC), Sebasti&atilde;o Duque, informou durante entrevista ao rep&oacute;rter Marcony Pereira, para o programa A Tarde &eacute; Sua da R&aacute;dio Paje&uacute;, nesta segunda-feira (27), que a semana abre com desfalque na equipe m&eacute;dica na unidade causado por uma alta de s&iacute;ndromes gripais. Segundo o diretor-geral, dez profissionais informaram estarem com os sintomas, o que impede que possam atender na unidade. &ldquo;Isso causa um certo transtorno, pois precisamos fazer a substitui&ccedil;&atilde;o destes profissionais e nem sempre a gente consegue, visto que s&oacute; ficamos sabendo na maioria das vezes ap&oacute;s o in&iacute;cio dos plant&otilde;es&rdquo;, informou Duque. &#8230; <\/p>\n<p class=\"read-more-container\"><a title=\"S\u00edndrome gripal gera transtorno na escala m\u00e9dica do Hospital Regional Em\u00edlia C\u00e2mara\" class=\"read-more button\" href=\"https:\/\/blogdojuniorcavalcanti.com.br\/index.php\/2023\/03\/28\/sindrome-gripal-gera-transtorno-na-escala-medica-do-hospital-regional-emilia-camara\/#more-24708\" aria-label=\"More on S\u00edndrome gripal gera transtorno na escala m\u00e9dica do Hospital Regional Em\u00edlia C\u00e2mara\">Leia mais<\/a><\/p>\n","protected":false},"author":2,"featured_media":0,"comment_status":"open","ping_status":"open","sticky":false,"template":"","format":"standard","meta":{"footnotes":""},"categories":[28],"tags":[],"class_list":["post-24708","post","type-post","status-publish","format-standard","hentry","category-afogados"],"_links":{"self":[{"href":"https:\/\/blogdojuniorcavalcanti.com.br\/index.php\/wp-json\/wp\/v2\/posts\/24708","targetHints":{"allow":["GET"]}}],"collection":[{"href":"https:\/\/blogdojuniorcavalcanti.com.br\/index.php\/wp-json\/wp\/v2\/posts"}],"about":[{"href":"https:\/\/blogdojuniorcavalcanti.com.br\/index.php\/wp-json\/wp\/v2\/types\/post"}],"author":[{"embeddable":true,"href":"https:\/\/blogdojuniorcavalcanti.com.br\/index.php\/wp-json\/wp\/v2\/users\/2"}],"replies":[{"embeddable":true,"href":"https:\/\/blogdojuniorcavalcanti.com.br\/index.php\/wp-json\/wp\/v2\/comments?post=24708"}],"version-history":[{"count":1,"href":"https:\/\/blogdojuniorcavalcanti.com.br\/index.php\/wp-json\/wp\/v2\/posts\/24708\/revisions"}],"predecessor-version":[{"id":24709,"href":"https:\/\/blogdojuniorcavalcanti.com.br\/index.php\/wp-json\/wp\/v2\/posts\/24708\/revisions\/24709"}],"wp:attachment":[{"href":"https:\/\/blogdojuniorcavalcanti.com.br\/index.php\/wp-json\/wp\/v2\/media?parent=24708"}],"wp:term":[{"taxonomy":"category","embeddable":true,"href":"https:\/\/blogdojuniorcavalcanti.com.br\/index.php\/wp-json\/wp\/v2\/categories?post=24708"},{"taxonomy":"post_tag","embeddable":true,"href":"https:\/\/blogdojuniorcavalcanti.com.br\/index.php\/wp-json\/wp\/v2\/tags?post=24708"}],"curies":[{"name":"wp","href":"https:\/\/api.w.org\/{rel}","templated":true}]}}