{"id":24799,"date":"2023-04-01T05:08:41","date_gmt":"2023-04-01T08:08:41","guid":{"rendered":"https:\/\/blogdojuniorcavalcanti.com.br\/?p=24799"},"modified":"2023-04-01T05:08:41","modified_gmt":"2023-04-01T08:08:41","slug":"justica-suspende-eleicao-da-uniao-de-vereadores-de-pernambuco","status":"publish","type":"post","link":"https:\/\/blogdojuniorcavalcanti.com.br\/index.php\/2023\/04\/01\/justica-suspende-eleicao-da-uniao-de-vereadores-de-pernambuco\/","title":{"rendered":"Justi\u00e7a suspende elei\u00e7\u00e3o da Uni\u00e3o de Vereadores de Pernambuco"},"content":{"rendered":"<p style=\"text-align: justify;\"><span style=\"font-size: 14pt;\"><img fetchpriority=\"high\" decoding=\"async\" class=\"alignleft wp-image-243577 jetpack-lazy-image jetpack-lazy-image--handled\" src=\"https:\/\/i1.wp.com\/nilljunior.com.br\/wp-content\/uploads\/2022\/10\/Leo-do-AR.png?resize=400%2C279&amp;ssl=1\" sizes=\"(max-width: 400px) 100vw, 400px\" srcset=\"https:\/\/i1.wp.com\/nilljunior.com.br\/wp-content\/uploads\/2022\/10\/Leo-do-AR.png?w=595&amp;ssl=1 595w, https:\/\/i1.wp.com\/nilljunior.com.br\/wp-content\/uploads\/2022\/10\/Leo-do-AR.png?resize=300%2C209&amp;ssl=1 300w, https:\/\/i1.wp.com\/nilljunior.com.br\/wp-content\/uploads\/2022\/10\/Leo-do-AR.png?resize=573%2C400&amp;ssl=1 573w\" alt=\"\" width=\"400\" height=\"279\" data-attachment-id=\"243577\" data-permalink=\"https:\/\/nilljunior.com.br\/bandidos-invadem-casa-do-presidente-da-uvp-em-gravata\/leo-do-ar-2\/\" data-orig-file=\"https:\/\/i1.wp.com\/nilljunior.com.br\/wp-content\/uploads\/2022\/10\/Leo-do-AR.png?fit=595%2C415&amp;ssl=1\" data-orig-size=\"595,415\" data-comments-opened=\"1\" data-image-meta=\"{&quot;aperture&quot;:&quot;0&quot;,&quot;credit&quot;:&quot;&quot;,&quot;camera&quot;:&quot;&quot;,&quot;caption&quot;:&quot;&quot;,&quot;created_timestamp&quot;:&quot;0&quot;,&quot;copyright&quot;:&quot;&quot;,&quot;focal_length&quot;:&quot;0&quot;,&quot;iso&quot;:&quot;0&quot;,&quot;shutter_speed&quot;:&quot;0&quot;,&quot;title&quot;:&quot;&quot;,&quot;orientation&quot;:&quot;0&quot;}\" data-image-title=\"Leo-do-AR\" data-image-description=\"\" data-medium-file=\"https:\/\/i1.wp.com\/nilljunior.com.br\/wp-content\/uploads\/2022\/10\/Leo-do-AR.png?fit=300%2C209&amp;ssl=1\" data-large-file=\"https:\/\/i1.wp.com\/nilljunior.com.br\/wp-content\/uploads\/2022\/10\/Leo-do-AR.png?fit=573%2C400&amp;ssl=1\" data-recalc-dims=\"1\" data-lazy-loaded=\"1\" \/><span style=\"font-family: arial, helvetica, sans-serif;\">O\u00a0<b>Blog Cen\u00e1rio<\/b>\u00a0divulgou, com exclusividade, que a Justi\u00e7a em Pernambuco suspendeu a elei\u00e7\u00e3o da Uni\u00e3o de Vereadores de Pernambuco, por irregularidades, principalmente, no processo de convoca\u00e7\u00e3o da disputa interna.<\/span><\/span><\/p>\n<p style=\"text-align: justify;\"><span style=\"font-size: 14pt; font-family: arial, helvetica, sans-serif;\">No dia 17 de fevereiro: a sexta-feira anterior ao S\u00e1bado de Z\u00e9 Pereira, a comiss\u00e3o eleitoral da UVP, que \u00e9 comandado pelo presidente da C\u00e2mara de Gravat\u00e1, L\u00e9o do Ar (PSDB), publicou no Di\u00e1rio Oficial do Estado a convoca\u00e7\u00e3o para as inscri\u00e7\u00f5es das chapas concorrentes, mas sem dar o prazo necess\u00e1rio.<\/span><\/p>\n<p style=\"text-align: justify;\"><span style=\"font-size: 14pt; font-family: arial, helvetica, sans-serif;\">Na liminar, a Justi\u00e7a reconheceu as irregularidades e suspendeu a elei\u00e7\u00e3o prevista para a pr\u00f3xima segunda-feira (3). O prazo para a nova elei\u00e7\u00e3o dever\u00e1 ser publicado com \u201campla divulga\u00e7\u00e3o\u201d e tamb\u00e9m precisa respeitar o prazo de 15 dias entre a divulga\u00e7\u00e3o e o in\u00edcio do per\u00edodo das inscri\u00e7\u00f5es.<\/span><\/p>\n<p style=\"text-align: justify;\"><span style=\"font-size: 14pt; font-family: arial, helvetica, sans-serif;\">\u201cAnte o exposto, dou provimento ao pedido de tutela de urg\u00eancia para suspender a Assembleia que se realizaria no dia 03 de abril do ano corrente, para a elei\u00e7\u00e3o da Diretoria e Conselho fiscal da Uni\u00e3o dos Vereadores de Pernambuco\u201d, diz um treco da decis\u00e3o.<\/span><\/p>\n<p style=\"text-align: justify;\"><span style=\"font-size: 14pt; font-family: arial, helvetica, sans-serif;\">A UVP e a comiss\u00e3o eleitoral t\u00eam 15 dias para se pronunciar e tentar recorrer. Acesse<a href=\"https:\/\/drive.google.com\/file\/d\/1vlXsTV4j4FwjwnX9MVJi8bsRSkOb9FxJ\/view\" target=\"_blank\" rel=\"noopener\">\u00a0aqui<\/a>\u00a0a \u00edntegra da decis\u00e3o. As informa\u00e7\u00f5es s\u00e3o do\u00a0<strong>Blog Cen\u00e1rio<\/strong>.<\/span><\/p>\n","protected":false},"excerpt":{"rendered":"<p>O&nbsp;Blog Cen&aacute;rio&nbsp;divulgou, com exclusividade, que a Justi&ccedil;a em Pernambuco suspendeu a elei&ccedil;&atilde;o da Uni&atilde;o de Vereadores de Pernambuco, por irregularidades, principalmente, no processo de convoca&ccedil;&atilde;o da disputa interna. No dia 17 de fevereiro: a sexta-feira anterior ao S&aacute;bado de Z&eacute; Pereira, a comiss&atilde;o eleitoral da UVP, que &eacute; comandado pelo presidente da C&acirc;mara de Gravat&aacute;, L&eacute;o do Ar (PSDB), publicou no Di&aacute;rio Oficial do Estado a convoca&ccedil;&atilde;o para as inscri&ccedil;&otilde;es das chapas concorrentes, mas sem dar o prazo necess&aacute;rio. Na liminar, a Justi&ccedil;a reconheceu as irregularidades e suspendeu a elei&ccedil;&atilde;o prevista para a pr&oacute;xima segunda-feira (3). O prazo para a &#8230; <\/p>\n<p class=\"read-more-container\"><a title=\"Justi\u00e7a suspende elei\u00e7\u00e3o da Uni\u00e3o de Vereadores de Pernambuco\" class=\"read-more button\" href=\"https:\/\/blogdojuniorcavalcanti.com.br\/index.php\/2023\/04\/01\/justica-suspende-eleicao-da-uniao-de-vereadores-de-pernambuco\/#more-24799\" aria-label=\"More on Justi\u00e7a suspende elei\u00e7\u00e3o da Uni\u00e3o de Vereadores de Pernambuco\">Leia mais<\/a><\/p>\n","protected":false},"author":2,"featured_media":0,"comment_status":"open","ping_status":"open","sticky":false,"template":"","format":"standard","meta":{"footnotes":""},"categories":[26],"tags":[],"class_list":["post-24799","post","type-post","status-publish","format-standard","hentry","category-noticias"],"_links":{"self":[{"href":"https:\/\/blogdojuniorcavalcanti.com.br\/index.php\/wp-json\/wp\/v2\/posts\/24799","targetHints":{"allow":["GET"]}}],"collection":[{"href":"https:\/\/blogdojuniorcavalcanti.com.br\/index.php\/wp-json\/wp\/v2\/posts"}],"about":[{"href":"https:\/\/blogdojuniorcavalcanti.com.br\/index.php\/wp-json\/wp\/v2\/types\/post"}],"author":[{"embeddable":true,"href":"https:\/\/blogdojuniorcavalcanti.com.br\/index.php\/wp-json\/wp\/v2\/users\/2"}],"replies":[{"embeddable":true,"href":"https:\/\/blogdojuniorcavalcanti.com.br\/index.php\/wp-json\/wp\/v2\/comments?post=24799"}],"version-history":[{"count":1,"href":"https:\/\/blogdojuniorcavalcanti.com.br\/index.php\/wp-json\/wp\/v2\/posts\/24799\/revisions"}],"predecessor-version":[{"id":24800,"href":"https:\/\/blogdojuniorcavalcanti.com.br\/index.php\/wp-json\/wp\/v2\/posts\/24799\/revisions\/24800"}],"wp:attachment":[{"href":"https:\/\/blogdojuniorcavalcanti.com.br\/index.php\/wp-json\/wp\/v2\/media?parent=24799"}],"wp:term":[{"taxonomy":"category","embeddable":true,"href":"https:\/\/blogdojuniorcavalcanti.com.br\/index.php\/wp-json\/wp\/v2\/categories?post=24799"},{"taxonomy":"post_tag","embeddable":true,"href":"https:\/\/blogdojuniorcavalcanti.com.br\/index.php\/wp-json\/wp\/v2\/tags?post=24799"}],"curies":[{"name":"wp","href":"https:\/\/api.w.org\/{rel}","templated":true}]}}