{"id":25365,"date":"2023-05-02T04:50:37","date_gmt":"2023-05-02T07:50:37","guid":{"rendered":"https:\/\/blogdojuniorcavalcanti.com.br\/?p=25365"},"modified":"2023-05-02T04:50:37","modified_gmt":"2023-05-02T07:50:37","slug":"as-pessoas-que-tentaram-dar-golpe-serao-presas-diz-lula-durante-ato-de-1o-de-maio","status":"publish","type":"post","link":"https:\/\/blogdojuniorcavalcanti.com.br\/index.php\/2023\/05\/02\/as-pessoas-que-tentaram-dar-golpe-serao-presas-diz-lula-durante-ato-de-1o-de-maio\/","title":{"rendered":"\u2018As pessoas que tentaram dar golpe ser\u00e3o presas\u2019, diz Lula durante ato de 1\u00ba de maio"},"content":{"rendered":"<p style=\"text-align: justify;\"><span style=\"font-size: 14pt; font-family: arial, helvetica, sans-serif;\"><img fetchpriority=\"high\" decoding=\"async\" class=\"alignleft\" src=\"https:\/\/p2.trrsf.com\/image\/fget\/cf\/774\/0\/images.terra.com\/2023\/05\/01\/age20230501131-u7ohnjqh446o.jpg\" alt=\"Lula fez discurso sobre as fake news em ato de 1\u00ba de maio \" width=\"399\" height=\"266\" \/><\/span><\/p>\n<p style=\"text-align: justify;\"><span style=\"font-size: 14pt; font-family: arial, helvetica, sans-serif;\">O presidente Luiz In\u00e1cio Lula da Silva (PT) participou nesta segunda-feira, 1\u00ba, do ato organizados pelas centrais sindicais no Vale do Anhangaba\u00fa, em S\u00e3o Paulo, em homenagem ao Dia do Trabalhador. Durante o seu discurso, o petista recriminou as fakes news e lembrou o ataque golpista de 8 de janeiro.<\/span><\/p>\n<p style=\"text-align: justify;\"><span style=\"font-size: 14pt; font-family: arial, helvetica, sans-serif;\">\u201cA gente n\u00e3o pode permitir que a mentira continue prevalecendo nesse pa\u00eds. N\u00e3o podemos deixar a mentira neste pa\u00eds. Quem tem celular tem de ficar atento, esperto, a mentira nunca levou ningu\u00e9m a lugar nenhum\u201d, afirmou Lula.<\/span><\/p>\n<p style=\"text-align: justify;\"><span style=\"font-size: 14pt; font-family: arial, helvetica, sans-serif;\">\u201cEles tentaram dar um golpe no dia 8. Todas as pessoas que tentaram dar golpe ser\u00e3o presas. N\u00e3o pode mandar mensagem mentirosa, n\u00e3o pode passar para frente aquilo que voc\u00ea sabe que pode prejudicar a pessoa. A mentira nunca levou ningu\u00e9m a lugar nenhum\u201d, completou.<\/span><\/p>\n<p style=\"text-align: justify;\"><span style=\"font-size: 14pt; font-family: arial, helvetica, sans-serif;\">Lula ainda disse que \u201cfoi a verdade que derrotou o ex-presidente da Rep\u00fablica\u201d, em recado sobre a disputa eleitoral com Jair Bolsonaro (PL).<\/span><\/p>\n","protected":false},"excerpt":{"rendered":"<p>O presidente Luiz In&aacute;cio Lula da Silva (PT) participou nesta segunda-feira, 1&ordm;, do ato organizados pelas centrais sindicais no Vale do Anhangaba&uacute;, em S&atilde;o Paulo, em homenagem ao Dia do Trabalhador. Durante o seu discurso, o petista recriminou as fakes news e lembrou o ataque golpista de 8 de janeiro. &ldquo;A gente n&atilde;o pode permitir que a mentira continue prevalecendo nesse pa&iacute;s. N&atilde;o podemos deixar a mentira neste pa&iacute;s. Quem tem celular tem de ficar atento, esperto, a mentira nunca levou ningu&eacute;m a lugar nenhum&rdquo;, afirmou Lula. &ldquo;Eles tentaram dar um golpe no dia 8. Todas as pessoas que tentaram &#8230; <\/p>\n<p class=\"read-more-container\"><a title=\"\u2018As pessoas que tentaram dar golpe ser\u00e3o presas\u2019, diz Lula durante ato de 1\u00ba de maio\" class=\"read-more button\" href=\"https:\/\/blogdojuniorcavalcanti.com.br\/index.php\/2023\/05\/02\/as-pessoas-que-tentaram-dar-golpe-serao-presas-diz-lula-durante-ato-de-1o-de-maio\/#more-25365\" aria-label=\"More on \u2018As pessoas que tentaram dar golpe ser\u00e3o presas\u2019, diz Lula durante ato de 1\u00ba de maio\">Leia mais<\/a><\/p>\n","protected":false},"author":2,"featured_media":0,"comment_status":"open","ping_status":"open","sticky":false,"template":"","format":"standard","meta":{"footnotes":""},"categories":[33],"tags":[],"class_list":["post-25365","post","type-post","status-publish","format-standard","hentry","category-brasil"],"_links":{"self":[{"href":"https:\/\/blogdojuniorcavalcanti.com.br\/index.php\/wp-json\/wp\/v2\/posts\/25365","targetHints":{"allow":["GET"]}}],"collection":[{"href":"https:\/\/blogdojuniorcavalcanti.com.br\/index.php\/wp-json\/wp\/v2\/posts"}],"about":[{"href":"https:\/\/blogdojuniorcavalcanti.com.br\/index.php\/wp-json\/wp\/v2\/types\/post"}],"author":[{"embeddable":true,"href":"https:\/\/blogdojuniorcavalcanti.com.br\/index.php\/wp-json\/wp\/v2\/users\/2"}],"replies":[{"embeddable":true,"href":"https:\/\/blogdojuniorcavalcanti.com.br\/index.php\/wp-json\/wp\/v2\/comments?post=25365"}],"version-history":[{"count":1,"href":"https:\/\/blogdojuniorcavalcanti.com.br\/index.php\/wp-json\/wp\/v2\/posts\/25365\/revisions"}],"predecessor-version":[{"id":25366,"href":"https:\/\/blogdojuniorcavalcanti.com.br\/index.php\/wp-json\/wp\/v2\/posts\/25365\/revisions\/25366"}],"wp:attachment":[{"href":"https:\/\/blogdojuniorcavalcanti.com.br\/index.php\/wp-json\/wp\/v2\/media?parent=25365"}],"wp:term":[{"taxonomy":"category","embeddable":true,"href":"https:\/\/blogdojuniorcavalcanti.com.br\/index.php\/wp-json\/wp\/v2\/categories?post=25365"},{"taxonomy":"post_tag","embeddable":true,"href":"https:\/\/blogdojuniorcavalcanti.com.br\/index.php\/wp-json\/wp\/v2\/tags?post=25365"}],"curies":[{"name":"wp","href":"https:\/\/api.w.org\/{rel}","templated":true}]}}