{"id":25509,"date":"2023-05-07T09:57:36","date_gmt":"2023-05-07T12:57:36","guid":{"rendered":"https:\/\/blogdojuniorcavalcanti.com.br\/?p=25509"},"modified":"2023-05-07T09:57:36","modified_gmt":"2023-05-07T12:57:36","slug":"marcia-conrado-comemora-sucesso-do-aniversario-de-serra-talhada","status":"publish","type":"post","link":"https:\/\/blogdojuniorcavalcanti.com.br\/index.php\/2023\/05\/07\/marcia-conrado-comemora-sucesso-do-aniversario-de-serra-talhada\/","title":{"rendered":"M\u00e1rcia Conrado comemora sucesso do anivers\u00e1rio de Serra Talhada"},"content":{"rendered":"<p style=\"text-align: justify;\"><span style=\"font-size: 14pt; font-family: arial, helvetica, sans-serif;\"><img fetchpriority=\"high\" decoding=\"async\" class=\"wp-image-133181  alignleft\" src=\"https:\/\/penoticias.com.br\/blog\/wp-content\/uploads\/2023\/05\/PE-Noticias-51.jpg\" sizes=\"(max-width: 661px) 100vw, 661px\" srcset=\"https:\/\/penoticias.com.br\/blog\/wp-content\/uploads\/2023\/05\/PE-Noticias-51.jpg 650w, https:\/\/penoticias.com.br\/blog\/wp-content\/uploads\/2023\/05\/PE-Noticias-51-300x300.jpg 300w, https:\/\/penoticias.com.br\/blog\/wp-content\/uploads\/2023\/05\/PE-Noticias-51-150x150.jpg 150w\" alt=\"\" width=\"395\" height=\"395\" \/><\/span><\/p>\n<p style=\"text-align: justify;\"><span style=\"font-size: 14pt; font-family: arial, helvetica, sans-serif;\"><em>Da Assessoria<\/em><\/span><\/p>\n<p style=\"text-align: justify;\"><span style=\"font-size: 14pt; font-family: arial, helvetica, sans-serif;\">A prefeita de Serra Talhada, M\u00e1rcia Conrado (PT), comemorou neste s\u00e1bado o sucesso das celebra\u00e7\u00f5es do anivers\u00e1rio da cidade, localizada no Sert\u00e3o pernambucano. A festa foi marcada com um grande show realizado na noite da \u00faltima sexta-feira, que contou com a participa\u00e7\u00e3o de quatro grandes atra\u00e7\u00f5es: Wallas Arrais, Lim\u00e3o com Mel, Z\u00e9 Vaqueiro e Xote das Meninas. O evento contou com aproximadamente 35 mil pessoas e gerou um incremento de 40% na economia da cidade. Neste s\u00e1bado, dia da emancipa\u00e7\u00e3o, um desfile c\u00edvico foi realizado no munic\u00edpio.<\/span><\/p>\n<p style=\"text-align: justify;\"><span style=\"font-size: 14pt; font-family: arial, helvetica, sans-serif;\">\u201cFoi lindo! Uma festa com muita paz, amor e, principalmente, feita com muito carinho para cada um de voc\u00eas. Agrade\u00e7o a nossa governadora Raquel Lyra que nos ajudou a fazer essa comemora\u00e7\u00e3o linda, como nossa cidade merece, e fico feliz em saber que teve a satisfa\u00e7\u00e3o da popula\u00e7\u00e3o. Eventos como esse ajudam a movimentar nossa economia e gerar renda para nosso povo\u201d, afirmou M\u00e1rcia Conrado.<\/span><\/p>\n<p style=\"text-align: justify;\"><span style=\"font-size: 14pt; font-family: arial, helvetica, sans-serif;\">A prefeita lembrou que al\u00e9m do momento festivo, as comemora\u00e7\u00f5es da cidade contaram com importantes entregas, como o Sistema Simplificado de Abastecimento de \u00c1gua, dessa vez, no distrito de Varzinha, que beneficiou 80 fam\u00edlias, e a implanta\u00e7\u00e3o do novo sistema de monitoramento da cidade, com 18 c\u00e2meras.<\/span><\/p>\n<p style=\"text-align: justify;\"><span style=\"font-size: 14pt; font-family: arial, helvetica, sans-serif;\">A prefeita tamb\u00e9m entregou a Escola Municipal Fausto Pereira, reformada e ampliada, que contou com investimento de mais de R$ 2 milh\u00f5es, que hoje conta com nove salas de aula climatizadas, laborat\u00f3rio, biblioteca, sala de atendimento especializado, sala de professores, dire\u00e7\u00e3o, secretaria, arquivo, apoio pedag\u00f3gico, banheiros masculino e feminino para alunos, banheiros masculino e feminino para funcion\u00e1rios, cozinha, refeit\u00f3rio, dep\u00f3sito de merenda, dep\u00f3sito, espa\u00e7o multiuso e espa\u00e7o para horta.<\/span><\/p>\n<p style=\"text-align: justify;\"><span style=\"font-size: 14pt; font-family: arial, helvetica, sans-serif;\">Al\u00e9m disso, inaugurou a nova sede da Escola Jos\u00e9 Xavier de Moraes, com investimentos de R$ 400 mil em recursos pr\u00f3prios para a sua constru\u00e7\u00e3o e cerca de R$ 75 mil em equipamentos. A unidade escolar, que era de taipa, agora conta com estrutura de alvenaria, salas climatizadas, cozinha, administra\u00e7\u00e3o, banheiros masculino e feminino, \u00e1rea de servi\u00e7o, p\u00e1tio coberto, parquinho infantil e espa\u00e7o para horta.<\/span><\/p>\n","protected":false},"excerpt":{"rendered":"<p>Da Assessoria A prefeita de Serra Talhada, M&aacute;rcia Conrado (PT), comemorou neste s&aacute;bado o sucesso das celebra&ccedil;&otilde;es do anivers&aacute;rio da cidade, localizada no Sert&atilde;o pernambucano. A festa foi marcada com um grande show realizado na noite da &uacute;ltima sexta-feira, que contou com a participa&ccedil;&atilde;o de quatro grandes atra&ccedil;&otilde;es: Wallas Arrais, Lim&atilde;o com Mel, Z&eacute; Vaqueiro e Xote das Meninas. O evento contou com aproximadamente 35 mil pessoas e gerou um incremento de 40% na economia da cidade. Neste s&aacute;bado, dia da emancipa&ccedil;&atilde;o, um desfile c&iacute;vico foi realizado no munic&iacute;pio. &ldquo;Foi lindo! Uma festa com muita paz, amor e, principalmente, feita &#8230; <\/p>\n<p class=\"read-more-container\"><a title=\"M\u00e1rcia Conrado comemora sucesso do anivers\u00e1rio de Serra Talhada\" class=\"read-more button\" href=\"https:\/\/blogdojuniorcavalcanti.com.br\/index.php\/2023\/05\/07\/marcia-conrado-comemora-sucesso-do-aniversario-de-serra-talhada\/#more-25509\" aria-label=\"More on M\u00e1rcia Conrado comemora sucesso do anivers\u00e1rio de Serra Talhada\">Leia mais<\/a><\/p>\n","protected":false},"author":2,"featured_media":0,"comment_status":"open","ping_status":"open","sticky":false,"template":"","format":"standard","meta":{"footnotes":""},"categories":[30],"tags":[],"class_list":["post-25509","post","type-post","status-publish","format-standard","hentry","category-regional"],"_links":{"self":[{"href":"https:\/\/blogdojuniorcavalcanti.com.br\/index.php\/wp-json\/wp\/v2\/posts\/25509","targetHints":{"allow":["GET"]}}],"collection":[{"href":"https:\/\/blogdojuniorcavalcanti.com.br\/index.php\/wp-json\/wp\/v2\/posts"}],"about":[{"href":"https:\/\/blogdojuniorcavalcanti.com.br\/index.php\/wp-json\/wp\/v2\/types\/post"}],"author":[{"embeddable":true,"href":"https:\/\/blogdojuniorcavalcanti.com.br\/index.php\/wp-json\/wp\/v2\/users\/2"}],"replies":[{"embeddable":true,"href":"https:\/\/blogdojuniorcavalcanti.com.br\/index.php\/wp-json\/wp\/v2\/comments?post=25509"}],"version-history":[{"count":1,"href":"https:\/\/blogdojuniorcavalcanti.com.br\/index.php\/wp-json\/wp\/v2\/posts\/25509\/revisions"}],"predecessor-version":[{"id":25510,"href":"https:\/\/blogdojuniorcavalcanti.com.br\/index.php\/wp-json\/wp\/v2\/posts\/25509\/revisions\/25510"}],"wp:attachment":[{"href":"https:\/\/blogdojuniorcavalcanti.com.br\/index.php\/wp-json\/wp\/v2\/media?parent=25509"}],"wp:term":[{"taxonomy":"category","embeddable":true,"href":"https:\/\/blogdojuniorcavalcanti.com.br\/index.php\/wp-json\/wp\/v2\/categories?post=25509"},{"taxonomy":"post_tag","embeddable":true,"href":"https:\/\/blogdojuniorcavalcanti.com.br\/index.php\/wp-json\/wp\/v2\/tags?post=25509"}],"curies":[{"name":"wp","href":"https:\/\/api.w.org\/{rel}","templated":true}]}}