{"id":25518,"date":"2023-05-08T04:51:31","date_gmt":"2023-05-08T07:51:31","guid":{"rendered":"https:\/\/blogdojuniorcavalcanti.com.br\/?p=25518"},"modified":"2023-05-08T04:51:31","modified_gmt":"2023-05-08T07:51:31","slug":"domingo-espetacular-da-tv-record-mostou-o-caso-do-fisioterapeuta-cleiton-leite","status":"publish","type":"post","link":"https:\/\/blogdojuniorcavalcanti.com.br\/index.php\/2023\/05\/08\/domingo-espetacular-da-tv-record-mostou-o-caso-do-fisioterapeuta-cleiton-leite\/","title":{"rendered":"Domingo Espetacular da TV Record mostou o caso do fisioterapeuta Cleiton Leite"},"content":{"rendered":"<p style=\"text-align: justify;\"><span style=\"font-size: 14pt; font-family: arial, helvetica, sans-serif;\">O programa Domingo Espetacular da TV Record enviou uma equipe para apurar o caso do fisioterapeuta Cleiton Jos\u00e9 Leite, preso desde do dia 15 de outubro de 2020, condenado a 23 anos de pris\u00e3o, acusado de estrangular sua esposa em sua cl\u00ednica em Afogados da Ingazeira.<\/span><\/p>\n<p style=\"text-align: justify;\"><span style=\"font-size: 14pt; font-family: arial, helvetica, sans-serif;\">Cleiton vem lutando junto com sua fam\u00edlia para mostrar que houve erros na condu\u00e7\u00e3o do caso. \u201cEqu\u00edvocos esses que resultaram na sua condena\u00e7\u00e3o\u201d, diz a fam\u00edlia.\u00a0<\/span><\/p>\n<p style=\"text-align: justify;\"><span style=\"font-size: 14pt; font-family: arial, helvetica, sans-serif;\">Com autoriza\u00e7\u00e3o da justi\u00e7a, o fisioterapeuta fala pela primeira vez com exclusividade, a uma equipe de TV e Cleiton considera essa acusa\u00e7\u00e3o \u201cabsurda\u201d e se declara inocente.<\/span><\/p>\n<p style=\"text-align: justify;\"><span style=\"font-size: 14pt; font-family: arial, helvetica, sans-serif;\">O rep\u00f3rter Mauro Junior conversou com testemunhas que estavam no local naquela manh\u00e3 do dia 28 de setembro de 2020 na antiga cl\u00ednica de Cleiton, em Afogados da Ingazeira. Algumas nunca foram ouvidas pela Pol\u00edcia Civil nem pelo Minist\u00e9rio P\u00fablico.<\/span><\/p>\n<p style=\"text-align: justify;\"><span style=\"font-size: 14pt; font-family: arial, helvetica, sans-serif;\">A equipe do programa ouviu tamb\u00e9m especialistas. Peritos renomados do Brasil afirmaram que a causa da morte de Aiane Michele foi enforcamento, contrariando o laudo apresentado pelo legista do IML de Pernambuco \u00e0 \u00e9poca.<\/span><\/p>\n<p style=\"text-align: justify;\"><span style=\"font-size: 14pt; font-family: arial, helvetica, sans-serif;\">A defesa do fisioterapeuta entrou com um pedido de anula\u00e7\u00e3o do j\u00fari. O advogado Fernando Muniz que representa Cleiton, diz que \u201ca senten\u00e7a dos jurados foi totalmente contr\u00e1ria a prova dos autos.\u201d<\/span><\/p>\n<p style=\"text-align: justify;\"><span style=\"font-size: 14pt; font-family: arial, helvetica, sans-serif;\">A reportagem completa, vai ao ar neste domingo (7) no Domingo Espetacular na TV Record, que come\u00e7a \u00e0s 19:45h. As informa\u00e7\u00f5es foram repassadas pelo irm\u00e3o de Cleiton, o jornalista Joaquim Leite Neto.<\/span><\/p>\n","protected":false},"excerpt":{"rendered":"<p>O programa Domingo Espetacular da TV Record enviou uma equipe para apurar o caso do fisioterapeuta Cleiton Jos&eacute; Leite, preso desde do dia 15 de outubro de 2020, condenado a 23 anos de pris&atilde;o, acusado de estrangular sua esposa em sua cl&iacute;nica em Afogados da Ingazeira. Cleiton vem lutando junto com sua fam&iacute;lia para mostrar que houve erros na condu&ccedil;&atilde;o do caso. &ldquo;Equ&iacute;vocos esses que resultaram na sua condena&ccedil;&atilde;o&rdquo;, diz a fam&iacute;lia.&nbsp; Com autoriza&ccedil;&atilde;o da justi&ccedil;a, o fisioterapeuta fala pela primeira vez com exclusividade, a uma equipe de TV e Cleiton considera essa acusa&ccedil;&atilde;o &ldquo;absurda&rdquo; e se declara inocente. O &#8230; <\/p>\n<p class=\"read-more-container\"><a title=\"Domingo Espetacular da TV Record mostou o caso do fisioterapeuta Cleiton Leite\" class=\"read-more button\" href=\"https:\/\/blogdojuniorcavalcanti.com.br\/index.php\/2023\/05\/08\/domingo-espetacular-da-tv-record-mostou-o-caso-do-fisioterapeuta-cleiton-leite\/#more-25518\" aria-label=\"More on Domingo Espetacular da TV Record mostou o caso do fisioterapeuta Cleiton Leite\">Leia mais<\/a><\/p>\n","protected":false},"author":2,"featured_media":25519,"comment_status":"open","ping_status":"open","sticky":false,"template":"","format":"standard","meta":{"footnotes":""},"categories":[25],"tags":[],"class_list":["post-25518","post","type-post","status-publish","format-standard","has-post-thumbnail","hentry","category-destaque","resize-featured-image"],"_links":{"self":[{"href":"https:\/\/blogdojuniorcavalcanti.com.br\/index.php\/wp-json\/wp\/v2\/posts\/25518","targetHints":{"allow":["GET"]}}],"collection":[{"href":"https:\/\/blogdojuniorcavalcanti.com.br\/index.php\/wp-json\/wp\/v2\/posts"}],"about":[{"href":"https:\/\/blogdojuniorcavalcanti.com.br\/index.php\/wp-json\/wp\/v2\/types\/post"}],"author":[{"embeddable":true,"href":"https:\/\/blogdojuniorcavalcanti.com.br\/index.php\/wp-json\/wp\/v2\/users\/2"}],"replies":[{"embeddable":true,"href":"https:\/\/blogdojuniorcavalcanti.com.br\/index.php\/wp-json\/wp\/v2\/comments?post=25518"}],"version-history":[{"count":1,"href":"https:\/\/blogdojuniorcavalcanti.com.br\/index.php\/wp-json\/wp\/v2\/posts\/25518\/revisions"}],"predecessor-version":[{"id":25520,"href":"https:\/\/blogdojuniorcavalcanti.com.br\/index.php\/wp-json\/wp\/v2\/posts\/25518\/revisions\/25520"}],"wp:featuredmedia":[{"embeddable":true,"href":"https:\/\/blogdojuniorcavalcanti.com.br\/index.php\/wp-json\/wp\/v2\/media\/25519"}],"wp:attachment":[{"href":"https:\/\/blogdojuniorcavalcanti.com.br\/index.php\/wp-json\/wp\/v2\/media?parent=25518"}],"wp:term":[{"taxonomy":"category","embeddable":true,"href":"https:\/\/blogdojuniorcavalcanti.com.br\/index.php\/wp-json\/wp\/v2\/categories?post=25518"},{"taxonomy":"post_tag","embeddable":true,"href":"https:\/\/blogdojuniorcavalcanti.com.br\/index.php\/wp-json\/wp\/v2\/tags?post=25518"}],"curies":[{"name":"wp","href":"https:\/\/api.w.org\/{rel}","templated":true}]}}