{"id":25620,"date":"2023-05-11T06:19:36","date_gmt":"2023-05-11T09:19:36","guid":{"rendered":"https:\/\/blogdojuniorcavalcanti.com.br\/?p=25620"},"modified":"2023-05-11T06:19:36","modified_gmt":"2023-05-11T09:19:36","slug":"domingo-14-acontece-sorteio-do-iptu-premiado-em-afogados","status":"publish","type":"post","link":"https:\/\/blogdojuniorcavalcanti.com.br\/index.php\/2023\/05\/11\/domingo-14-acontece-sorteio-do-iptu-premiado-em-afogados\/","title":{"rendered":"Domingo (14) acontece sorteio do IPTU premiado em Afogados"},"content":{"rendered":"<p style=\"text-align: justify;\"><span style=\"font-size: 14pt;\"><img fetchpriority=\"high\" decoding=\"async\" class=\"aligncenter size-large wp-image-238097 jetpack-lazy-image jetpack-lazy-image--handled\" src=\"https:\/\/blogdofinfa.com.br\/wp-content\/uploads\/2023\/05\/WhatsApp-Image-2023-05-11-at-06.11.24-500x600.jpeg\" sizes=\"(max-width: 500px) 100vw, 500px\" srcset=\"https:\/\/blogdofinfa.com.br\/wp-content\/uploads\/2023\/05\/WhatsApp-Image-2023-05-11-at-06.11.24-500x600.jpeg 500w, https:\/\/blogdofinfa.com.br\/wp-content\/uploads\/2023\/05\/WhatsApp-Image-2023-05-11-at-06.11.24-250x300.jpeg 250w, https:\/\/blogdofinfa.com.br\/wp-content\/uploads\/2023\/05\/WhatsApp-Image-2023-05-11-at-06.11.24-768x922.jpeg 768w, https:\/\/blogdofinfa.com.br\/wp-content\/uploads\/2023\/05\/WhatsApp-Image-2023-05-11-at-06.11.24-1280x1536.jpeg 1280w, https:\/\/blogdofinfa.com.br\/wp-content\/uploads\/2023\/05\/WhatsApp-Image-2023-05-11-at-06.11.24-200x240.jpeg 200w, https:\/\/blogdofinfa.com.br\/wp-content\/uploads\/2023\/05\/WhatsApp-Image-2023-05-11-at-06.11.24-20x24.jpeg 20w, https:\/\/blogdofinfa.com.br\/wp-content\/uploads\/2023\/05\/WhatsApp-Image-2023-05-11-at-06.11.24-30x36.jpeg 30w, https:\/\/blogdofinfa.com.br\/wp-content\/uploads\/2023\/05\/WhatsApp-Image-2023-05-11-at-06.11.24-40x48.jpeg 40w, https:\/\/blogdofinfa.com.br\/wp-content\/uploads\/2023\/05\/WhatsApp-Image-2023-05-11-at-06.11.24.jpeg 1333w\" alt=\"\" width=\"500\" height=\"600\" data-attachment-id=\"238097\" data-permalink=\"https:\/\/blogdofinfa.com.br\/2023\/05\/domingo-14-acontece-sorteio-do-iptu-premiado-em-afogados.html\/whatsapp-image-2023-05-11-at-06-11-24\" data-orig-file=\"https:\/\/blogdofinfa.com.br\/wp-content\/uploads\/2023\/05\/WhatsApp-Image-2023-05-11-at-06.11.24.jpeg\" data-orig-size=\"1333,1600\" data-comments-opened=\"1\" data-image-meta=\"{&quot;aperture&quot;:&quot;0&quot;,&quot;credit&quot;:&quot;&quot;,&quot;camera&quot;:&quot;&quot;,&quot;caption&quot;:&quot;&quot;,&quot;created_timestamp&quot;:&quot;0&quot;,&quot;copyright&quot;:&quot;&quot;,&quot;focal_length&quot;:&quot;0&quot;,&quot;iso&quot;:&quot;0&quot;,&quot;shutter_speed&quot;:&quot;0&quot;,&quot;title&quot;:&quot;&quot;,&quot;orientation&quot;:&quot;0&quot;}\" data-image-title=\"WhatsApp Image 2023-05-11 at 06.11.24\" data-image-description=\"\" data-image-caption=\"\" data-medium-file=\"https:\/\/blogdofinfa.com.br\/wp-content\/uploads\/2023\/05\/WhatsApp-Image-2023-05-11-at-06.11.24-250x300.jpeg\" data-large-file=\"https:\/\/blogdofinfa.com.br\/wp-content\/uploads\/2023\/05\/WhatsApp-Image-2023-05-11-at-06.11.24-500x600.jpeg\" data-lazy-loaded=\"1\" \/><span style=\"font-family: arial, helvetica, sans-serif;\">\u00c9 neste domingo, dia das m\u00e3es, o grande festival de pr\u00eamios IPTU premiado referente ao ano fiscal 2022.<\/span><\/span><\/p>\n<p style=\"text-align: justify;\"><span style=\"font-size: 14pt; font-family: arial, helvetica, sans-serif;\">O contribuinte tem at\u00e9 sexta-feira (amanh\u00e3) para pagar os seus tributos e poder concorrer a duas geladeiras, duas tev\u00eas em Led, duas motos Honda CG Start, e um Fiat Mobi zero quil\u00f4metro.<\/span><\/p>\n<p style=\"text-align: justify;\"><span style=\"font-size: 14pt; font-family: arial, helvetica, sans-serif;\">Mas aten\u00e7\u00e3o, o prazo final para poder concorrer \u00e9 sexta feira (12). Ap\u00f3s o pagamento do tributo, o contribuinte deve ir at\u00e9 o setor de tributa\u00e7\u00e3o, na sede da Prefeitura, e depositar o cupom de participa\u00e7\u00e3o na urna instalada no local.<\/span><\/p>\n<p style=\"text-align: justify;\"><span style=\"font-size: 14pt; font-family: arial, helvetica, sans-serif;\">O sorteio ter\u00e1 in\u00edcio logo ap\u00f3s a missa, \u00e0s 19h, na Pra\u00e7a Monsenhor Alfredo de Arruda C\u00e2mara.<\/span><\/p>\n","protected":false},"excerpt":{"rendered":"<p>&Eacute; neste domingo, dia das m&atilde;es, o grande festival de pr&ecirc;mios IPTU premiado referente ao ano fiscal 2022. O contribuinte tem at&eacute; sexta-feira (amanh&atilde;) para pagar os seus tributos e poder concorrer a duas geladeiras, duas tev&ecirc;s em Led, duas motos Honda CG Start, e um Fiat Mobi zero quil&ocirc;metro. Mas aten&ccedil;&atilde;o, o prazo final para poder concorrer &eacute; sexta feira (12). Ap&oacute;s o pagamento do tributo, o contribuinte deve ir at&eacute; o setor de tributa&ccedil;&atilde;o, na sede da Prefeitura, e depositar o cupom de participa&ccedil;&atilde;o na urna instalada no local. O sorteio ter&aacute; in&iacute;cio logo ap&oacute;s a missa, &agrave;s &#8230; <\/p>\n<p class=\"read-more-container\"><a title=\"Domingo (14) acontece sorteio do IPTU premiado em Afogados\" class=\"read-more button\" href=\"https:\/\/blogdojuniorcavalcanti.com.br\/index.php\/2023\/05\/11\/domingo-14-acontece-sorteio-do-iptu-premiado-em-afogados\/#more-25620\" aria-label=\"More on Domingo (14) acontece sorteio do IPTU premiado em Afogados\">Leia mais<\/a><\/p>\n","protected":false},"author":2,"featured_media":0,"comment_status":"open","ping_status":"open","sticky":false,"template":"","format":"standard","meta":{"footnotes":""},"categories":[28],"tags":[],"class_list":["post-25620","post","type-post","status-publish","format-standard","hentry","category-afogados"],"_links":{"self":[{"href":"https:\/\/blogdojuniorcavalcanti.com.br\/index.php\/wp-json\/wp\/v2\/posts\/25620","targetHints":{"allow":["GET"]}}],"collection":[{"href":"https:\/\/blogdojuniorcavalcanti.com.br\/index.php\/wp-json\/wp\/v2\/posts"}],"about":[{"href":"https:\/\/blogdojuniorcavalcanti.com.br\/index.php\/wp-json\/wp\/v2\/types\/post"}],"author":[{"embeddable":true,"href":"https:\/\/blogdojuniorcavalcanti.com.br\/index.php\/wp-json\/wp\/v2\/users\/2"}],"replies":[{"embeddable":true,"href":"https:\/\/blogdojuniorcavalcanti.com.br\/index.php\/wp-json\/wp\/v2\/comments?post=25620"}],"version-history":[{"count":1,"href":"https:\/\/blogdojuniorcavalcanti.com.br\/index.php\/wp-json\/wp\/v2\/posts\/25620\/revisions"}],"predecessor-version":[{"id":25621,"href":"https:\/\/blogdojuniorcavalcanti.com.br\/index.php\/wp-json\/wp\/v2\/posts\/25620\/revisions\/25621"}],"wp:attachment":[{"href":"https:\/\/blogdojuniorcavalcanti.com.br\/index.php\/wp-json\/wp\/v2\/media?parent=25620"}],"wp:term":[{"taxonomy":"category","embeddable":true,"href":"https:\/\/blogdojuniorcavalcanti.com.br\/index.php\/wp-json\/wp\/v2\/categories?post=25620"},{"taxonomy":"post_tag","embeddable":true,"href":"https:\/\/blogdojuniorcavalcanti.com.br\/index.php\/wp-json\/wp\/v2\/tags?post=25620"}],"curies":[{"name":"wp","href":"https:\/\/api.w.org\/{rel}","templated":true}]}}