{"id":26126,"date":"2023-06-05T04:59:30","date_gmt":"2023-06-05T07:59:30","guid":{"rendered":"https:\/\/blogdojuniorcavalcanti.com.br\/?p=26126"},"modified":"2023-06-05T04:59:30","modified_gmt":"2023-06-05T07:59:30","slug":"arcoverde-e-afogados-da-ingazeira-recebem-acao-institucional-do-mppe","status":"publish","type":"post","link":"https:\/\/blogdojuniorcavalcanti.com.br\/index.php\/2023\/06\/05\/arcoverde-e-afogados-da-ingazeira-recebem-acao-institucional-do-mppe\/","title":{"rendered":"Arcoverde e Afogados da Ingazeira recebem a\u00e7\u00e3o institucional do MPPE"},"content":{"rendered":"<p style=\"text-align: justify;\"><span style=\"font-size: 14pt;\"><img fetchpriority=\"high\" decoding=\"async\" class=\"alignleft wp-image-104241 jetpack-lazy-image jetpack-lazy-image--handled\" src=\"https:\/\/i0.wp.com\/nilljunior.com.br\/wp-content\/uploads\/2017\/08\/Sede_MPPE_Afogafos_da_Ingazeira_2.jpg?resize=400%2C264&amp;ssl=1\" sizes=\"(max-width: 400px) 100vw, 400px\" srcset=\"https:\/\/i0.wp.com\/nilljunior.com.br\/wp-content\/uploads\/2017\/08\/Sede_MPPE_Afogafos_da_Ingazeira_2.jpg?w=350&amp;ssl=1 350w, https:\/\/i0.wp.com\/nilljunior.com.br\/wp-content\/uploads\/2017\/08\/Sede_MPPE_Afogafos_da_Ingazeira_2.jpg?resize=150%2C100&amp;ssl=1 150w, https:\/\/i0.wp.com\/nilljunior.com.br\/wp-content\/uploads\/2017\/08\/Sede_MPPE_Afogafos_da_Ingazeira_2.jpg?resize=300%2C198&amp;ssl=1 300w\" alt=\"\" width=\"400\" height=\"264\" data-attachment-id=\"104241\" data-permalink=\"https:\/\/nilljunior.com.br\/afogados-da-ingazeira-e-a-cidade-que-mais-confia-no-mppe-diz-pesquisa\/sede_mppe_afogafos_da_ingazeira_2\/\" data-orig-file=\"https:\/\/i0.wp.com\/nilljunior.com.br\/wp-content\/uploads\/2017\/08\/Sede_MPPE_Afogafos_da_Ingazeira_2.jpg?fit=350%2C231&amp;ssl=1\" data-orig-size=\"350,231\" data-comments-opened=\"1\" data-image-meta=\"{&quot;aperture&quot;:&quot;3.5&quot;,&quot;credit&quot;:&quot;&quot;,&quot;camera&quot;:&quot;NIKON D7000&quot;,&quot;caption&quot;:&quot;&quot;,&quot;created_timestamp&quot;:&quot;1500227173&quot;,&quot;copyright&quot;:&quot;&quot;,&quot;focal_length&quot;:&quot;18&quot;,&quot;iso&quot;:&quot;3200&quot;,&quot;shutter_speed&quot;:&quot;0.02&quot;,&quot;title&quot;:&quot;&quot;,&quot;orientation&quot;:&quot;1&quot;}\" data-image-title=\"Sede_MPPE_Afogafos_da_Ingazeira_2\" data-image-description=\"\" data-medium-file=\"https:\/\/i0.wp.com\/nilljunior.com.br\/wp-content\/uploads\/2017\/08\/Sede_MPPE_Afogafos_da_Ingazeira_2.jpg?fit=300%2C198&amp;ssl=1\" data-large-file=\"https:\/\/i0.wp.com\/nilljunior.com.br\/wp-content\/uploads\/2017\/08\/Sede_MPPE_Afogafos_da_Ingazeira_2.jpg?fit=350%2C231&amp;ssl=1\" data-recalc-dims=\"1\" data-lazy-loaded=\"1\" \/><span style=\"font-family: arial, helvetica, sans-serif;\">As cidades de Arcoverde e Afogados da Ingazeira, ambas no Sert\u00e3o do Estado, recebem nos dias 6 e 7 de junho, a a\u00e7\u00e3o institucional do Minist\u00e9rio P\u00fablico de Pernambuco (MPPE), denominada de Agenda Compartilhada.\u00a0<\/span><\/span><\/p>\n<p style=\"text-align: justify;\"><span style=\"font-size: 14pt; font-family: arial, helvetica, sans-serif;\">A proposta \u00e9 promover o fortalecimento do di\u00e1logo entre os membros do MPPE, com a recep\u00e7\u00e3o de demandas espec\u00edficas da regi\u00e3o, e divulgar os planos e medidas da atual gest\u00e3o.<\/span><\/p>\n<p style=\"text-align: justify;\"><span style=\"font-size: 14pt; font-family: arial, helvetica, sans-serif;\">At\u00e9 o final do ano, o Procurador-Geral de Justi\u00e7a do MPPE, Marcos Carvalho, deve percorrer as 14 Circunscri\u00e7\u00f5es e as unidades da Capital. Desde que foi lan\u00e7ada, em mar\u00e7o \u00faltimo, a Agenda Compartilhada j\u00e1 foi realizada em Palmares, Petrolina, Limoeiro, Nazar\u00e9 da Mata e Vit\u00f3ria de Santo Ant\u00e3o.<\/span><\/p>\n<p style=\"text-align: justify;\"><span style=\"font-size: 14pt; font-family: arial, helvetica, sans-serif;\">Al\u00e9m do registro e an\u00e1lise das demandas exclusivas de cada regi\u00e3o, a Agenda Compartilhada tamb\u00e9m promove oficinas com temas escolhidos pela Circunscri\u00e7\u00e3o a partir de demandas que a sociedade busca do MPPE. As oficinas est\u00e3o alinhadas ao Planejamento Estrat\u00e9gico institucional e s\u00e3o realizadas com o apoio da Escola Superior (ESMP), do N\u00facleo de Articula\u00e7\u00e3o Interna (NAI) e dos Centros de Apoio Operacional (CAOs).<\/span><\/p>\n<p style=\"text-align: justify;\"><span style=\"font-size: 14pt; font-family: arial, helvetica, sans-serif;\">Confira a programa\u00e7\u00e3o da Agenda Compartilhada no Sert\u00e3o do Estado.<\/span><\/p>\n<p style=\"text-align: justify;\"><span style=\"font-size: 14pt; font-family: arial, helvetica, sans-serif;\"><b>4\u00aa Circunscri\u00e7\u00e3o Ministerial \u2013 Arcoverde<\/b><\/span><\/p>\n<p style=\"text-align: justify;\"><span style=\"font-size: 14pt; font-family: arial, helvetica, sans-serif;\">Data: 06\/06\/2023 (ter\u00e7a-feira)<\/span><\/p>\n<p style=\"text-align: justify;\"><span style=\"font-size: 14pt; font-family: arial, helvetica, sans-serif;\">Hor\u00e1rio manh\u00e3: 8h30 \u00e0s 12h<\/span><\/p>\n<p style=\"text-align: justify;\"><span style=\"font-size: 14pt; font-family: arial, helvetica, sans-serif;\">Local: Sede das Promotorias de Arcoverde (Av. Coronel Ant\u00f4nio Japiass\u00fa, no 781, Centro, Arcoverde\/PE)<\/span><\/p>\n<p style=\"text-align: justify;\"><span style=\"font-size: 14pt; font-family: arial, helvetica, sans-serif;\">Hor\u00e1rio tarde: 14h \u00e0s 17h<\/span><\/p>\n<p style=\"text-align: justify;\"><span style=\"font-size: 14pt; font-family: arial, helvetica, sans-serif;\">Local: F\u00f3rum da Comarca de Arcoverde \u2013 Sala da ESMAPE (Av. Anderson Henrique Cristino, s\/no, 2o Andar, Bairro P\u00f4r do Sol, Arcoverde\/PE).<\/span><\/p>\n<p style=\"text-align: justify;\"><span style=\"font-size: 14pt; font-family: arial, helvetica, sans-serif;\"><b>3\u00aa Circunscri\u00e7\u00e3o Ministerial \u2013 Afogados da Ingazeira<\/b><\/span><\/p>\n<p style=\"text-align: justify;\"><span style=\"font-size: 14pt; font-family: arial, helvetica, sans-serif;\">Data: 07\/06\/2023 (quarta-feira)<\/span><\/p>\n<p style=\"text-align: justify;\"><span style=\"font-size: 14pt; font-family: arial, helvetica, sans-serif;\">Hor\u00e1rio: 9h \u00e0s 17h<\/span><\/p>\n<p style=\"text-align: justify;\"><span style=\"font-size: 14pt; font-family: arial, helvetica, sans-serif;\">Local: Sede das Promotorias de Justi\u00e7a de Afogados da Ingazeira (Pra\u00e7a Monsenhor Alfredo Arruda C\u00e2mara, n\u00ba 289, 1\u00ba Andar, Centro, Afogados da Ingazeira\/PE).<\/span><\/p>\n","protected":false},"excerpt":{"rendered":"<p>As cidades de Arcoverde e Afogados da Ingazeira, ambas no Sert&atilde;o do Estado, recebem nos dias 6 e 7 de junho, a a&ccedil;&atilde;o institucional do Minist&eacute;rio P&uacute;blico de Pernambuco (MPPE), denominada de Agenda Compartilhada.&nbsp; A proposta &eacute; promover o fortalecimento do di&aacute;logo entre os membros do MPPE, com a recep&ccedil;&atilde;o de demandas espec&iacute;ficas da regi&atilde;o, e divulgar os planos e medidas da atual gest&atilde;o. At&eacute; o final do ano, o Procurador-Geral de Justi&ccedil;a do MPPE, Marcos Carvalho, deve percorrer as 14 Circunscri&ccedil;&otilde;es e as unidades da Capital. Desde que foi lan&ccedil;ada, em mar&ccedil;o &uacute;ltimo, a Agenda Compartilhada j&aacute; foi realizada &#8230; <\/p>\n<p class=\"read-more-container\"><a title=\"Arcoverde e Afogados da Ingazeira recebem a\u00e7\u00e3o institucional do MPPE\" class=\"read-more button\" href=\"https:\/\/blogdojuniorcavalcanti.com.br\/index.php\/2023\/06\/05\/arcoverde-e-afogados-da-ingazeira-recebem-acao-institucional-do-mppe\/#more-26126\" aria-label=\"More on Arcoverde e Afogados da Ingazeira recebem a\u00e7\u00e3o institucional do MPPE\">Leia mais<\/a><\/p>\n","protected":false},"author":2,"featured_media":0,"comment_status":"open","ping_status":"open","sticky":false,"template":"","format":"standard","meta":{"footnotes":""},"categories":[28],"tags":[],"class_list":["post-26126","post","type-post","status-publish","format-standard","hentry","category-afogados"],"_links":{"self":[{"href":"https:\/\/blogdojuniorcavalcanti.com.br\/index.php\/wp-json\/wp\/v2\/posts\/26126","targetHints":{"allow":["GET"]}}],"collection":[{"href":"https:\/\/blogdojuniorcavalcanti.com.br\/index.php\/wp-json\/wp\/v2\/posts"}],"about":[{"href":"https:\/\/blogdojuniorcavalcanti.com.br\/index.php\/wp-json\/wp\/v2\/types\/post"}],"author":[{"embeddable":true,"href":"https:\/\/blogdojuniorcavalcanti.com.br\/index.php\/wp-json\/wp\/v2\/users\/2"}],"replies":[{"embeddable":true,"href":"https:\/\/blogdojuniorcavalcanti.com.br\/index.php\/wp-json\/wp\/v2\/comments?post=26126"}],"version-history":[{"count":1,"href":"https:\/\/blogdojuniorcavalcanti.com.br\/index.php\/wp-json\/wp\/v2\/posts\/26126\/revisions"}],"predecessor-version":[{"id":26127,"href":"https:\/\/blogdojuniorcavalcanti.com.br\/index.php\/wp-json\/wp\/v2\/posts\/26126\/revisions\/26127"}],"wp:attachment":[{"href":"https:\/\/blogdojuniorcavalcanti.com.br\/index.php\/wp-json\/wp\/v2\/media?parent=26126"}],"wp:term":[{"taxonomy":"category","embeddable":true,"href":"https:\/\/blogdojuniorcavalcanti.com.br\/index.php\/wp-json\/wp\/v2\/categories?post=26126"},{"taxonomy":"post_tag","embeddable":true,"href":"https:\/\/blogdojuniorcavalcanti.com.br\/index.php\/wp-json\/wp\/v2\/tags?post=26126"}],"curies":[{"name":"wp","href":"https:\/\/api.w.org\/{rel}","templated":true}]}}