{"id":26388,"date":"2023-06-16T04:51:09","date_gmt":"2023-06-16T07:51:09","guid":{"rendered":"https:\/\/blogdojuniorcavalcanti.com.br\/?p=26388"},"modified":"2023-06-16T04:51:09","modified_gmt":"2023-06-16T07:51:09","slug":"sandrinho-vai-inaugurar-mais-uma-rua-pavimentada-em-afogados","status":"publish","type":"post","link":"https:\/\/blogdojuniorcavalcanti.com.br\/index.php\/2023\/06\/16\/sandrinho-vai-inaugurar-mais-uma-rua-pavimentada-em-afogados\/","title":{"rendered":"Sandrinho vai inaugurar mais uma rua pavimentada em Afogados"},"content":{"rendered":"<p style=\"text-align: justify;\"><span style=\"font-size: 14pt; font-family: arial, helvetica, sans-serif;\">Entrando na vig\u00e9sima segunda semana da maratona de inaugura\u00e7\u00f5es e entregas, o Prefeito se Afogados, Sandrinho Palmeira, vai nesta sexta (16) ao bairro Sobreira inaugurar a obra de pavimenta\u00e7\u00e3o da Rua Lindinalva Maria Br\u00e1s.<\/span><\/p>\n<p style=\"text-align: justify;\"><span style=\"font-size: 14pt; font-family: arial, helvetica, sans-serif;\">Foram pavimentados com paralelo os 450m2 da via, al\u00e9m de instalados\u00a0172m lineares de meio-fio, a um custo total de R$ 53.284,83.<\/span><\/p>\n<p style=\"text-align: justify;\"><span style=\"font-size: 14pt; font-family: arial, helvetica, sans-serif;\">A inaugura\u00e7\u00e3o acontecer\u00e1 \u00e0s 16 horas, na Rua Lindonalva Maria Br\u00e1s, nas imedia\u00e7\u00f5es da Igreja evang\u00e9lica livre, no bairro Sobreira.<\/span><\/p>\n","protected":false},"excerpt":{"rendered":"<p>Entrando na vig&eacute;sima segunda semana da maratona de inaugura&ccedil;&otilde;es e entregas, o Prefeito se Afogados, Sandrinho Palmeira, vai nesta sexta (16) ao bairro Sobreira inaugurar a obra de pavimenta&ccedil;&atilde;o da Rua Lindinalva Maria Br&aacute;s. Foram pavimentados com paralelo os 450m2 da via, al&eacute;m de instalados&nbsp;172m lineares de meio-fio, a um custo total de R$ 53.284,83. A inaugura&ccedil;&atilde;o acontecer&aacute; &agrave;s 16 horas, na Rua Lindonalva Maria Br&aacute;s, nas imedia&ccedil;&otilde;es da Igreja evang&eacute;lica livre, no bairro Sobreira.<\/p>\n","protected":false},"author":2,"featured_media":26389,"comment_status":"open","ping_status":"open","sticky":false,"template":"","format":"standard","meta":{"footnotes":""},"categories":[25],"tags":[],"class_list":["post-26388","post","type-post","status-publish","format-standard","has-post-thumbnail","hentry","category-destaque","resize-featured-image"],"_links":{"self":[{"href":"https:\/\/blogdojuniorcavalcanti.com.br\/index.php\/wp-json\/wp\/v2\/posts\/26388","targetHints":{"allow":["GET"]}}],"collection":[{"href":"https:\/\/blogdojuniorcavalcanti.com.br\/index.php\/wp-json\/wp\/v2\/posts"}],"about":[{"href":"https:\/\/blogdojuniorcavalcanti.com.br\/index.php\/wp-json\/wp\/v2\/types\/post"}],"author":[{"embeddable":true,"href":"https:\/\/blogdojuniorcavalcanti.com.br\/index.php\/wp-json\/wp\/v2\/users\/2"}],"replies":[{"embeddable":true,"href":"https:\/\/blogdojuniorcavalcanti.com.br\/index.php\/wp-json\/wp\/v2\/comments?post=26388"}],"version-history":[{"count":1,"href":"https:\/\/blogdojuniorcavalcanti.com.br\/index.php\/wp-json\/wp\/v2\/posts\/26388\/revisions"}],"predecessor-version":[{"id":26390,"href":"https:\/\/blogdojuniorcavalcanti.com.br\/index.php\/wp-json\/wp\/v2\/posts\/26388\/revisions\/26390"}],"wp:featuredmedia":[{"embeddable":true,"href":"https:\/\/blogdojuniorcavalcanti.com.br\/index.php\/wp-json\/wp\/v2\/media\/26389"}],"wp:attachment":[{"href":"https:\/\/blogdojuniorcavalcanti.com.br\/index.php\/wp-json\/wp\/v2\/media?parent=26388"}],"wp:term":[{"taxonomy":"category","embeddable":true,"href":"https:\/\/blogdojuniorcavalcanti.com.br\/index.php\/wp-json\/wp\/v2\/categories?post=26388"},{"taxonomy":"post_tag","embeddable":true,"href":"https:\/\/blogdojuniorcavalcanti.com.br\/index.php\/wp-json\/wp\/v2\/tags?post=26388"}],"curies":[{"name":"wp","href":"https:\/\/api.w.org\/{rel}","templated":true}]}}