{"id":26554,"date":"2023-06-23T04:58:07","date_gmt":"2023-06-23T07:58:07","guid":{"rendered":"https:\/\/blogdojuniorcavalcanti.com.br\/?p=26554"},"modified":"2023-06-23T04:58:07","modified_gmt":"2023-06-23T07:58:07","slug":"em-caruaru-governadora-raquel-lyra-participa-da-entrega-de-192-apartamentos-do-residencial-severino-quirino","status":"publish","type":"post","link":"https:\/\/blogdojuniorcavalcanti.com.br\/index.php\/2023\/06\/23\/em-caruaru-governadora-raquel-lyra-participa-da-entrega-de-192-apartamentos-do-residencial-severino-quirino\/","title":{"rendered":"Em Caruaru, governadora Raquel Lyra participa da entrega de 192 apartamentos do Residencial Severino Quirino"},"content":{"rendered":"<p style=\"text-align: justify;\"><span style=\"font-size: 14pt; font-family: arial, helvetica, sans-serif;\">\u201cPara mim, que sou de Caruaru e acompanhei a luta dos movimentos sociais que ocuparam essa terra quando as casas ainda eram de lona, ver esse residencial pronto \u00e9 muito simb\u00f3lico. \u00c9 a realiza\u00e7\u00e3o de um sonho deles, mas que tamb\u00e9m \u00e9 nosso\u201d, afirmou a governadora Raquel Lyra durante a cerim\u00f4nia de entrega das chaves de 192 unidades habitacionais do residencial Severino Quirino, em Caruaru, realizada nesta quinta-feira (22).<\/span><\/p>\n<p style=\"text-align: justify;\"><span style=\"font-size: 14pt; font-family: arial, helvetica, sans-serif;\">O empreendimento, localizado no bairro do Vassoural, integra o programa federal Minha Casa Minha Vida \u2013 Entidades e recebeu aporte financeiro de R$ 970 mil do Governo de Pernambuco. A constru\u00e7\u00e3o do residencial beneficia cerca de 800 pessoas, que a partir de agora passam a ter acesso a moradias dignas.<img fetchpriority=\"high\" decoding=\"async\" class=\"aligncenter size-large wp-image-240921 jetpack-lazy-image jetpack-lazy-image--handled\" src=\"https:\/\/blogdofinfa.com.br\/wp-content\/uploads\/2023\/06\/WhatsApp-Image-2023-06-22-at-19.10.42-800x533.jpeg\" sizes=\"(max-width: 600px) 100vw, 600px\" srcset=\"https:\/\/blogdofinfa.com.br\/wp-content\/uploads\/2023\/06\/WhatsApp-Image-2023-06-22-at-19.10.42-800x533.jpeg 800w, https:\/\/blogdofinfa.com.br\/wp-content\/uploads\/2023\/06\/WhatsApp-Image-2023-06-22-at-19.10.42-300x200.jpeg 300w, https:\/\/blogdofinfa.com.br\/wp-content\/uploads\/2023\/06\/WhatsApp-Image-2023-06-22-at-19.10.42-768x512.jpeg 768w, https:\/\/blogdofinfa.com.br\/wp-content\/uploads\/2023\/06\/WhatsApp-Image-2023-06-22-at-19.10.42-200x133.jpeg 200w, https:\/\/blogdofinfa.com.br\/wp-content\/uploads\/2023\/06\/WhatsApp-Image-2023-06-22-at-19.10.42-75x50.jpeg 75w, https:\/\/blogdofinfa.com.br\/wp-content\/uploads\/2023\/06\/WhatsApp-Image-2023-06-22-at-19.10.42-24x16.jpeg 24w, https:\/\/blogdofinfa.com.br\/wp-content\/uploads\/2023\/06\/WhatsApp-Image-2023-06-22-at-19.10.42-36x24.jpeg 36w, https:\/\/blogdofinfa.com.br\/wp-content\/uploads\/2023\/06\/WhatsApp-Image-2023-06-22-at-19.10.42-48x32.jpeg 48w, https:\/\/blogdofinfa.com.br\/wp-content\/uploads\/2023\/06\/WhatsApp-Image-2023-06-22-at-19.10.42.jpeg 1024w\" alt=\"\" width=\"600\" height=\"400\" data-attachment-id=\"240921\" data-permalink=\"https:\/\/blogdofinfa.com.br\/2023\/06\/em-caruaru-governadora-raquel-lyra-participa-da-entrega-de-192-apartamentos-do-residencial-severino-quirino.html\/whatsapp-image-2023-06-22-at-19-10-42\" data-orig-file=\"https:\/\/blogdofinfa.com.br\/wp-content\/uploads\/2023\/06\/WhatsApp-Image-2023-06-22-at-19.10.42.jpeg\" data-orig-size=\"1024,682\" data-comments-opened=\"1\" data-image-meta=\"{&quot;aperture&quot;:&quot;0&quot;,&quot;credit&quot;:&quot;&quot;,&quot;camera&quot;:&quot;&quot;,&quot;caption&quot;:&quot;&quot;,&quot;created_timestamp&quot;:&quot;0&quot;,&quot;copyright&quot;:&quot;&quot;,&quot;focal_length&quot;:&quot;0&quot;,&quot;iso&quot;:&quot;0&quot;,&quot;shutter_speed&quot;:&quot;0&quot;,&quot;title&quot;:&quot;&quot;,&quot;orientation&quot;:&quot;0&quot;}\" data-image-title=\"WhatsApp Image 2023-06-22 at 19.10.42\" data-image-description=\"\" data-image-caption=\"\" data-medium-file=\"https:\/\/blogdofinfa.com.br\/wp-content\/uploads\/2023\/06\/WhatsApp-Image-2023-06-22-at-19.10.42-300x200.jpeg\" data-large-file=\"https:\/\/blogdofinfa.com.br\/wp-content\/uploads\/2023\/06\/WhatsApp-Image-2023-06-22-at-19.10.42-800x533.jpeg\" data-lazy-loaded=\"1\" \/><\/span><\/p>\n<p style=\"text-align: justify;\"><span style=\"font-size: 14pt; font-family: arial, helvetica, sans-serif;\">A primeira moradora a receber as chaves da casa pr\u00f3pria foi a dona de casa Paloma Amparo, que ir\u00e1 morar no novo apartamento com o marido e os seus tr\u00eas filhos. \u201cMeu sentimento \u00e9 de gratid\u00e3o, alegria, porque \u00e9 um sonho realizado. Agrade\u00e7o a Deus, que me deu for\u00e7as para eu nunca desistir. Porque a vit\u00f3ria veio. A mudan\u00e7a j\u00e1 est\u00e1 preparada e hoje mesmo j\u00e1 vou para a minha casa\u201d, comemorou. Do total de pessoas que receberam os im\u00f3veis, 70% s\u00e3o mulheres.<\/span><\/p>\n<p style=\"text-align: justify;\"><span style=\"font-size: 14pt; font-family: arial, helvetica, sans-serif;\">O residencial contou com financiamento total de R$ 16 milh\u00f5es, sendo R$ 970 mil de contrapartida do governo estadual. Constru\u00eddo no terreno onde antes havia uma ocupa\u00e7\u00e3o, o espa\u00e7o possui seis blocos com quatro pavimentos, cada um contendo 32 apartamentos com varanda. L\u00e1, os moradores v\u00e3o desfrutar de \u00e1rea de lazer, parque infantil, garagem, biciclet\u00e1rio e uma esta\u00e7\u00e3o elevat\u00f3ria da Compesa para garantir o esgotamento sanit\u00e1rio das moradias.<img decoding=\"async\" class=\"aligncenter size-large wp-image-240920 jetpack-lazy-image jetpack-lazy-image--handled\" src=\"https:\/\/blogdofinfa.com.br\/wp-content\/uploads\/2023\/06\/WhatsApp-Image-2023-06-22-at-19.10.41-1-800x534.jpeg\" sizes=\"(max-width: 600px) 100vw, 600px\" srcset=\"https:\/\/blogdofinfa.com.br\/wp-content\/uploads\/2023\/06\/WhatsApp-Image-2023-06-22-at-19.10.41-1-800x534.jpeg 800w, https:\/\/blogdofinfa.com.br\/wp-content\/uploads\/2023\/06\/WhatsApp-Image-2023-06-22-at-19.10.41-1-300x200.jpeg 300w, https:\/\/blogdofinfa.com.br\/wp-content\/uploads\/2023\/06\/WhatsApp-Image-2023-06-22-at-19.10.41-1-768x512.jpeg 768w, https:\/\/blogdofinfa.com.br\/wp-content\/uploads\/2023\/06\/WhatsApp-Image-2023-06-22-at-19.10.41-1-200x133.jpeg 200w, https:\/\/blogdofinfa.com.br\/wp-content\/uploads\/2023\/06\/WhatsApp-Image-2023-06-22-at-19.10.41-1-75x50.jpeg 75w, https:\/\/blogdofinfa.com.br\/wp-content\/uploads\/2023\/06\/WhatsApp-Image-2023-06-22-at-19.10.41-1-24x16.jpeg 24w, https:\/\/blogdofinfa.com.br\/wp-content\/uploads\/2023\/06\/WhatsApp-Image-2023-06-22-at-19.10.41-1-36x24.jpeg 36w, https:\/\/blogdofinfa.com.br\/wp-content\/uploads\/2023\/06\/WhatsApp-Image-2023-06-22-at-19.10.41-1-48x32.jpeg 48w, https:\/\/blogdofinfa.com.br\/wp-content\/uploads\/2023\/06\/WhatsApp-Image-2023-06-22-at-19.10.41-1.jpeg 1024w\" alt=\"\" width=\"600\" height=\"401\" data-attachment-id=\"240920\" data-permalink=\"https:\/\/blogdofinfa.com.br\/2023\/06\/em-caruaru-governadora-raquel-lyra-participa-da-entrega-de-192-apartamentos-do-residencial-severino-quirino.html\/whatsapp-image-2023-06-22-at-19-10-41-1\" data-orig-file=\"https:\/\/blogdofinfa.com.br\/wp-content\/uploads\/2023\/06\/WhatsApp-Image-2023-06-22-at-19.10.41-1.jpeg\" data-orig-size=\"1024,683\" data-comments-opened=\"1\" data-image-meta=\"{&quot;aperture&quot;:&quot;0&quot;,&quot;credit&quot;:&quot;&quot;,&quot;camera&quot;:&quot;&quot;,&quot;caption&quot;:&quot;&quot;,&quot;created_timestamp&quot;:&quot;0&quot;,&quot;copyright&quot;:&quot;&quot;,&quot;focal_length&quot;:&quot;0&quot;,&quot;iso&quot;:&quot;0&quot;,&quot;shutter_speed&quot;:&quot;0&quot;,&quot;title&quot;:&quot;&quot;,&quot;orientation&quot;:&quot;0&quot;}\" data-image-title=\"WhatsApp Image 2023-06-22 at 19.10.41 (1)\" data-image-description=\"\" data-image-caption=\"\" data-medium-file=\"https:\/\/blogdofinfa.com.br\/wp-content\/uploads\/2023\/06\/WhatsApp-Image-2023-06-22-at-19.10.41-1-300x200.jpeg\" data-large-file=\"https:\/\/blogdofinfa.com.br\/wp-content\/uploads\/2023\/06\/WhatsApp-Image-2023-06-22-at-19.10.41-1-800x534.jpeg\" data-lazy-loaded=\"1\" \/><\/span><\/p>\n<p style=\"text-align: justify;\"><span style=\"font-size: 14pt; font-family: arial, helvetica, sans-serif;\">\u201cEsse residencial \u00e9 fruto de uma parceria entre os governos federal, estadual e a Prefeitura de Caruaru. O projeto foi feito em conjunto com as entidades. Quero parabenizar a governadora Raquel Lyra, que no seu primeiro ano de governo j\u00e1 lan\u00e7ou o programa Morar Bem PE, beneficiando essas fam\u00edlias\u201d, disse o secret\u00e1rio-executivo do Minist\u00e9rio das Cidades, Hildo Rocha. \u201cA prioridade do governo \u00e9 moradia popular. Atrav\u00e9s do Morar Bem PE, temos como meta beneficiar, at\u00e9 2026, 50 mil fam\u00edlias com moradias dignas\u201d, completou a secret\u00e1ria de Desenvolvimento Urbano e Habita\u00e7\u00e3o do Estado, Simone Nunes.<\/span><\/p>\n<p style=\"text-align: justify;\"><span style=\"font-size: 14pt; font-family: arial, helvetica, sans-serif;\">O programa Morar Bem PE \u00e9 uma pol\u00edtica de habita\u00e7\u00e3o de interesse social implementada pelo Governo de Pernambuco em 2023. A iniciativa tem como objetivo proporcionar moradia digna para as fam\u00edlias pernambucanas, retomando obras, regularizando im\u00f3veis e buscando recursos para iniciar a constru\u00e7\u00e3o de novas unidades, etapa que em breve entrar\u00e1 em opera\u00e7\u00e3o.<img decoding=\"async\" class=\"aligncenter size-large wp-image-240922 jetpack-lazy-image jetpack-lazy-image--handled\" src=\"https:\/\/blogdofinfa.com.br\/wp-content\/uploads\/2023\/06\/WhatsApp-Image-2023-06-22-at-19.10.43-800x533.jpeg\" sizes=\"(max-width: 600px) 100vw, 600px\" srcset=\"https:\/\/blogdofinfa.com.br\/wp-content\/uploads\/2023\/06\/WhatsApp-Image-2023-06-22-at-19.10.43-800x533.jpeg 800w, https:\/\/blogdofinfa.com.br\/wp-content\/uploads\/2023\/06\/WhatsApp-Image-2023-06-22-at-19.10.43-300x200.jpeg 300w, https:\/\/blogdofinfa.com.br\/wp-content\/uploads\/2023\/06\/WhatsApp-Image-2023-06-22-at-19.10.43-768x512.jpeg 768w, https:\/\/blogdofinfa.com.br\/wp-content\/uploads\/2023\/06\/WhatsApp-Image-2023-06-22-at-19.10.43-200x133.jpeg 200w, https:\/\/blogdofinfa.com.br\/wp-content\/uploads\/2023\/06\/WhatsApp-Image-2023-06-22-at-19.10.43-75x50.jpeg 75w, https:\/\/blogdofinfa.com.br\/wp-content\/uploads\/2023\/06\/WhatsApp-Image-2023-06-22-at-19.10.43-24x16.jpeg 24w, https:\/\/blogdofinfa.com.br\/wp-content\/uploads\/2023\/06\/WhatsApp-Image-2023-06-22-at-19.10.43-36x24.jpeg 36w, https:\/\/blogdofinfa.com.br\/wp-content\/uploads\/2023\/06\/WhatsApp-Image-2023-06-22-at-19.10.43-48x32.jpeg 48w, https:\/\/blogdofinfa.com.br\/wp-content\/uploads\/2023\/06\/WhatsApp-Image-2023-06-22-at-19.10.43.jpeg 1024w\" alt=\"\" width=\"600\" height=\"400\" data-attachment-id=\"240922\" data-permalink=\"https:\/\/blogdofinfa.com.br\/2023\/06\/em-caruaru-governadora-raquel-lyra-participa-da-entrega-de-192-apartamentos-do-residencial-severino-quirino.html\/whatsapp-image-2023-06-22-at-19-10-43\" data-orig-file=\"https:\/\/blogdofinfa.com.br\/wp-content\/uploads\/2023\/06\/WhatsApp-Image-2023-06-22-at-19.10.43.jpeg\" data-orig-size=\"1024,682\" data-comments-opened=\"1\" data-image-meta=\"{&quot;aperture&quot;:&quot;0&quot;,&quot;credit&quot;:&quot;&quot;,&quot;camera&quot;:&quot;&quot;,&quot;caption&quot;:&quot;&quot;,&quot;created_timestamp&quot;:&quot;0&quot;,&quot;copyright&quot;:&quot;&quot;,&quot;focal_length&quot;:&quot;0&quot;,&quot;iso&quot;:&quot;0&quot;,&quot;shutter_speed&quot;:&quot;0&quot;,&quot;title&quot;:&quot;&quot;,&quot;orientation&quot;:&quot;0&quot;}\" data-image-title=\"WhatsApp Image 2023-06-22 at 19.10.43\" data-image-description=\"\" data-image-caption=\"\" data-medium-file=\"https:\/\/blogdofinfa.com.br\/wp-content\/uploads\/2023\/06\/WhatsApp-Image-2023-06-22-at-19.10.43-300x200.jpeg\" data-large-file=\"https:\/\/blogdofinfa.com.br\/wp-content\/uploads\/2023\/06\/WhatsApp-Image-2023-06-22-at-19.10.43-800x533.jpeg\" data-lazy-loaded=\"1\" \/><\/span><\/p>\n<p style=\"text-align: justify;\"><span style=\"font-size: 14pt; font-family: arial, helvetica, sans-serif;\">Estiveram presentes na solenidade de entrega do habitacional o prefeito de Caruaru, Rodrigo Pinheiro; os deputados estaduais D\u00e9bora Almeida, Jo\u00e3ozinho Ten\u00f3rio e Gustavo Gouveia; al\u00e9m dos secret\u00e1rios estaduais Aloisio Ferraz (Desenvolvimento Agr\u00e1rio, Agricultura, Pecu\u00e1ria e Pesca), Ana Mara\u00edza (Administra\u00e7\u00e3o), Almir Cirilo (Recursos H\u00eddricos e Saneamento), Carolina Cabral (Desenvolvimento Social, Crian\u00e7a, Juventude e Preven\u00e7\u00e3o \u00e0s Drogas), Diogo Bezerra (Projetos Estrat\u00e9gicos) e Eduardo Vieira (secret\u00e1rio-chefe do Gabinete da Governadora). A coordenadora geral da Associa\u00e7\u00e3o de Apoio aos Sem Teto da Regi\u00e3o Nordeste, L\u00eddia Brunes; o superintendente da Caixa Econ\u00f4mica em Pernambuco, Paulo Nery; a representante dos moradores do Residencial Severino Quirino, Do Carmo Carvalho; o presidente da C\u00e2mara de Vereadores de Caruaru, Bruno Lambreta, prefeitos e outras lideran\u00e7as da regi\u00e3o tamb\u00e9m prestigiaram o evento.\u00a0<strong>Fotos: Jana\u00edna Pepeu\/Secom<\/strong><\/span><\/p>\n","protected":false},"excerpt":{"rendered":"<p>&ldquo;Para mim, que sou de Caruaru e acompanhei a luta dos movimentos sociais que ocuparam essa terra quando as casas ainda eram de lona, ver esse residencial pronto &eacute; muito simb&oacute;lico. &Eacute; a realiza&ccedil;&atilde;o de um sonho deles, mas que tamb&eacute;m &eacute; nosso&rdquo;, afirmou a governadora Raquel Lyra durante a cerim&ocirc;nia de entrega das chaves de 192 unidades habitacionais do residencial Severino Quirino, em Caruaru, realizada nesta quinta-feira (22). O empreendimento, localizado no bairro do Vassoural, integra o programa federal Minha Casa Minha Vida &ndash; Entidades e recebeu aporte financeiro de R$ 970 mil do Governo de Pernambuco. A constru&ccedil;&atilde;o &#8230; <\/p>\n<p class=\"read-more-container\"><a title=\"Em Caruaru, governadora Raquel Lyra participa da entrega de 192 apartamentos do Residencial Severino Quirino\" class=\"read-more button\" href=\"https:\/\/blogdojuniorcavalcanti.com.br\/index.php\/2023\/06\/23\/em-caruaru-governadora-raquel-lyra-participa-da-entrega-de-192-apartamentos-do-residencial-severino-quirino\/#more-26554\" aria-label=\"More on Em Caruaru, governadora Raquel Lyra participa da entrega de 192 apartamentos do Residencial Severino Quirino\">Leia mais<\/a><\/p>\n","protected":false},"author":2,"featured_media":0,"comment_status":"open","ping_status":"open","sticky":false,"template":"","format":"standard","meta":{"footnotes":""},"categories":[26],"tags":[],"class_list":["post-26554","post","type-post","status-publish","format-standard","hentry","category-noticias"],"_links":{"self":[{"href":"https:\/\/blogdojuniorcavalcanti.com.br\/index.php\/wp-json\/wp\/v2\/posts\/26554","targetHints":{"allow":["GET"]}}],"collection":[{"href":"https:\/\/blogdojuniorcavalcanti.com.br\/index.php\/wp-json\/wp\/v2\/posts"}],"about":[{"href":"https:\/\/blogdojuniorcavalcanti.com.br\/index.php\/wp-json\/wp\/v2\/types\/post"}],"author":[{"embeddable":true,"href":"https:\/\/blogdojuniorcavalcanti.com.br\/index.php\/wp-json\/wp\/v2\/users\/2"}],"replies":[{"embeddable":true,"href":"https:\/\/blogdojuniorcavalcanti.com.br\/index.php\/wp-json\/wp\/v2\/comments?post=26554"}],"version-history":[{"count":1,"href":"https:\/\/blogdojuniorcavalcanti.com.br\/index.php\/wp-json\/wp\/v2\/posts\/26554\/revisions"}],"predecessor-version":[{"id":26555,"href":"https:\/\/blogdojuniorcavalcanti.com.br\/index.php\/wp-json\/wp\/v2\/posts\/26554\/revisions\/26555"}],"wp:attachment":[{"href":"https:\/\/blogdojuniorcavalcanti.com.br\/index.php\/wp-json\/wp\/v2\/media?parent=26554"}],"wp:term":[{"taxonomy":"category","embeddable":true,"href":"https:\/\/blogdojuniorcavalcanti.com.br\/index.php\/wp-json\/wp\/v2\/categories?post=26554"},{"taxonomy":"post_tag","embeddable":true,"href":"https:\/\/blogdojuniorcavalcanti.com.br\/index.php\/wp-json\/wp\/v2\/tags?post=26554"}],"curies":[{"name":"wp","href":"https:\/\/api.w.org\/{rel}","templated":true}]}}