{"id":26559,"date":"2023-06-23T05:00:14","date_gmt":"2023-06-23T08:00:14","guid":{"rendered":"https:\/\/blogdojuniorcavalcanti.com.br\/?p=26559"},"modified":"2023-06-23T05:00:14","modified_gmt":"2023-06-23T08:00:14","slug":"guarda-costeira-dos-eua-confirma-mortes-de-ocupantes-de-submersivel","status":"publish","type":"post","link":"https:\/\/blogdojuniorcavalcanti.com.br\/index.php\/2023\/06\/23\/guarda-costeira-dos-eua-confirma-mortes-de-ocupantes-de-submersivel\/","title":{"rendered":"Guarda Costeira dos EUA confirma mortes de ocupantes de submers\u00edvel"},"content":{"rendered":"<p style=\"text-align: justify;\"><span style=\"font-size: 14pt;\"><img fetchpriority=\"high\" decoding=\"async\" class=\"alignleft wp-image-261193 jetpack-lazy-image jetpack-lazy-image--handled\" src=\"https:\/\/i1.wp.com\/nilljunior.com.br\/wp-content\/uploads\/2023\/06\/submersivel-titan.jpg?resize=400%2C225&amp;ssl=1\" sizes=\"(max-width: 400px) 100vw, 400px\" srcset=\"https:\/\/i1.wp.com\/nilljunior.com.br\/wp-content\/uploads\/2023\/06\/submersivel-titan.jpg?w=900&amp;ssl=1 900w, https:\/\/i1.wp.com\/nilljunior.com.br\/wp-content\/uploads\/2023\/06\/submersivel-titan.jpg?resize=300%2C169&amp;ssl=1 300w, https:\/\/i1.wp.com\/nilljunior.com.br\/wp-content\/uploads\/2023\/06\/submersivel-titan.jpg?resize=768%2C432&amp;ssl=1 768w, https:\/\/i1.wp.com\/nilljunior.com.br\/wp-content\/uploads\/2023\/06\/submersivel-titan.jpg?resize=600%2C337&amp;ssl=1 600w\" alt=\"\" width=\"400\" height=\"225\" data-attachment-id=\"261193\" data-permalink=\"https:\/\/nilljunior.com.br\/guarda-costeira-dos-eua-confirma-mortes-de-ocupantes-de-submersivel\/submersivel-titan\/\" data-orig-file=\"https:\/\/i1.wp.com\/nilljunior.com.br\/wp-content\/uploads\/2023\/06\/submersivel-titan.jpg?fit=900%2C506&amp;ssl=1\" data-orig-size=\"900,506\" data-comments-opened=\"1\" data-image-meta=\"{&quot;aperture&quot;:&quot;0&quot;,&quot;credit&quot;:&quot;&quot;,&quot;camera&quot;:&quot;&quot;,&quot;caption&quot;:&quot;&quot;,&quot;created_timestamp&quot;:&quot;0&quot;,&quot;copyright&quot;:&quot;&quot;,&quot;focal_length&quot;:&quot;0&quot;,&quot;iso&quot;:&quot;0&quot;,&quot;shutter_speed&quot;:&quot;0&quot;,&quot;title&quot;:&quot;&quot;,&quot;orientation&quot;:&quot;0&quot;}\" data-image-title=\"submersivel-titan\" data-image-description=\"\" data-medium-file=\"https:\/\/i1.wp.com\/nilljunior.com.br\/wp-content\/uploads\/2023\/06\/submersivel-titan.jpg?fit=300%2C169&amp;ssl=1\" data-large-file=\"https:\/\/i1.wp.com\/nilljunior.com.br\/wp-content\/uploads\/2023\/06\/submersivel-titan.jpg?fit=600%2C337&amp;ssl=1\" data-recalc-dims=\"1\" data-lazy-loaded=\"1\" \/><span style=\"font-family: arial, helvetica, sans-serif;\">Todos os ocupantes do submers\u00edvel Titan, que estava sumido no Oceano Atl\u00e2ntico, morreram. A informa\u00e7\u00e3o foi confirmada pela OceanGate, empresa que promove a expedi\u00e7\u00e3o at\u00e9 o Titanic, e pela Guarda Costeira dos Estados Unidos na tarde desta quinta-feira (22).<\/span><\/span><\/p>\n<p style=\"text-align: justify;\"><span style=\"font-size: 14pt; font-family: arial, helvetica, sans-serif;\">Em comunicado oficial, a OceanGate, respons\u00e1vel pelo submers\u00edvel, admitiu que os cinco ocupantes da embarca\u00e7\u00e3o morreram. A admiss\u00e3o foi feita minutos antes de uma entrevista coletiva da marinha norte-americana, logo ap\u00f3s os familiares dos ocupantes serem comunicados.<\/span><\/p>\n<p style=\"text-align: justify;\"><span style=\"font-size: 14pt; font-family: arial, helvetica, sans-serif;\">O contra-almirante da Guarda Costeira dos Estados Unidos John Mauger afirmou que n\u00e3o h\u00e1 expectativa de encontrar passageiros com vida. As fam\u00edlias das v\u00edtimas j\u00e1 foram informadas sobre os \u00f3bitos.<\/span><\/p>\n<p style=\"text-align: justify;\"><span style=\"font-size: 14pt; font-family: arial, helvetica, sans-serif;\">Destro\u00e7os s\u00e3o consistentes com perda de press\u00e3o da cabine o que gerou uma \u201cimplos\u00e3o catastr\u00f3fica\u201d, explicou Mauger e acrescentou que os ru\u00eddos detectados por dois dias seguidos \u201cn\u00e3o parecem ter rela\u00e7\u00e3o com os destro\u00e7os localizados no solo oce\u00e2nico\u201d.<\/span><\/p>\n<p style=\"text-align: justify;\"><span style=\"font-size: 14pt; font-family: arial, helvetica, sans-serif;\">A Guarda Costeira explicou que encontrou cinco grandes partes do submers\u00edvel. \u201cNos disseram que esses eram os destro\u00e7os do Titan [o submers\u00edvel]. \u201cPrimeiro, encontramos a ponteira sem o casco pressurizado. Essa foi a primeira indica\u00e7\u00e3o de que houve um evento catastr\u00f3fico.\u201d Mais cedo, foram achados destro\u00e7os do submers\u00edvel a 3,2 km de profundidade e a cerca de 480 metros do Titanic.<\/span><\/p>\n<p style=\"text-align: justify;\"><span style=\"font-size: 14pt; font-family: arial, helvetica, sans-serif;\">Os oficiais esclareceram que o mapeamento de destro\u00e7os continuar\u00e1. \u201cFaremos o nosso melhor para descobrir o que aconteceu\u201d. Ve\u00edculos de opera\u00e7\u00e3o remota continuar\u00e3o operando no fundo do mar.<\/span><\/p>\n<p style=\"text-align: justify;\"><span style=\"font-size: 14pt; font-family: arial, helvetica, sans-serif;\"><b>Entenda o caso \u2013\u00a0<\/b>O submers\u00edvel, apelidado de \u201cTitan\u201d, submergiu na manh\u00e3 de domingo, 18 de junho. Os turistas queriam ver os destro\u00e7os do Titanic, localizado no Atl\u00e2ntico Norte.<\/span><\/p>\n<p style=\"text-align: justify;\"><span style=\"font-size: 14pt; font-family: arial, helvetica, sans-serif;\">O barco de apoio na superf\u00edcie, o quebra-gelo Polar Prince, perdeu contato com ele cerca de uma hora e 45 minutos mais tarde, segundo a Guarda Costeira dos EUA.<\/span><\/p>\n<p style=\"text-align: justify;\"><span style=\"font-size: 14pt; font-family: arial, helvetica, sans-serif;\">Um piloto e quatro passageiros faziam parte da expedi\u00e7\u00e3o. S\u00e3o eles: Stockton Rush, presidente da OceanGate; o bilion\u00e1rio Hamish Harding; Shahzada e Suleman Dawood, um empres\u00e1rio paquistan\u00eas e seu filho; e Paul-Henry Nargeolet, que era o capit\u00e3o do submers\u00edvel e considerado um dos maiores especialistas do naufr\u00e1gio do Titanic.<\/span><\/p>\n<p style=\"text-align: justify;\"><span style=\"font-size: 14pt; font-family: arial, helvetica, sans-serif;\">O submers\u00edvel foi dado como desaparecido a cerca de 700 quil\u00f4metros ao sul de S\u00e3o Jo\u00e3o da Terra Nova, capital da prov\u00edncia canadense de Terra Nova e Labrador, segundo as autoridades canadenses, na \u00e1rea onde ocorreu o naufr\u00e1gio do Titanic, em 1912. As informa\u00e7\u00f5es s\u00e3o do\u00a0<b>UOL<\/b>.<\/span><\/p>\n","protected":false},"excerpt":{"rendered":"<p>Todos os ocupantes do submers&iacute;vel Titan, que estava sumido no Oceano Atl&acirc;ntico, morreram. A informa&ccedil;&atilde;o foi confirmada pela OceanGate, empresa que promove a expedi&ccedil;&atilde;o at&eacute; o Titanic, e pela Guarda Costeira dos Estados Unidos na tarde desta quinta-feira (22). Em comunicado oficial, a OceanGate, respons&aacute;vel pelo submers&iacute;vel, admitiu que os cinco ocupantes da embarca&ccedil;&atilde;o morreram. A admiss&atilde;o foi feita minutos antes de uma entrevista coletiva da marinha norte-americana, logo ap&oacute;s os familiares dos ocupantes serem comunicados. O contra-almirante da Guarda Costeira dos Estados Unidos John Mauger afirmou que n&atilde;o h&aacute; expectativa de encontrar passageiros com vida. As fam&iacute;lias das v&iacute;timas &#8230; <\/p>\n<p class=\"read-more-container\"><a title=\"Guarda Costeira dos EUA confirma mortes de ocupantes de submers\u00edvel\" class=\"read-more button\" href=\"https:\/\/blogdojuniorcavalcanti.com.br\/index.php\/2023\/06\/23\/guarda-costeira-dos-eua-confirma-mortes-de-ocupantes-de-submersivel\/#more-26559\" aria-label=\"More on Guarda Costeira dos EUA confirma mortes de ocupantes de submers\u00edvel\">Leia mais<\/a><\/p>\n","protected":false},"author":2,"featured_media":0,"comment_status":"open","ping_status":"open","sticky":false,"template":"","format":"standard","meta":{"footnotes":""},"categories":[33],"tags":[],"class_list":["post-26559","post","type-post","status-publish","format-standard","hentry","category-brasil"],"_links":{"self":[{"href":"https:\/\/blogdojuniorcavalcanti.com.br\/index.php\/wp-json\/wp\/v2\/posts\/26559","targetHints":{"allow":["GET"]}}],"collection":[{"href":"https:\/\/blogdojuniorcavalcanti.com.br\/index.php\/wp-json\/wp\/v2\/posts"}],"about":[{"href":"https:\/\/blogdojuniorcavalcanti.com.br\/index.php\/wp-json\/wp\/v2\/types\/post"}],"author":[{"embeddable":true,"href":"https:\/\/blogdojuniorcavalcanti.com.br\/index.php\/wp-json\/wp\/v2\/users\/2"}],"replies":[{"embeddable":true,"href":"https:\/\/blogdojuniorcavalcanti.com.br\/index.php\/wp-json\/wp\/v2\/comments?post=26559"}],"version-history":[{"count":1,"href":"https:\/\/blogdojuniorcavalcanti.com.br\/index.php\/wp-json\/wp\/v2\/posts\/26559\/revisions"}],"predecessor-version":[{"id":26560,"href":"https:\/\/blogdojuniorcavalcanti.com.br\/index.php\/wp-json\/wp\/v2\/posts\/26559\/revisions\/26560"}],"wp:attachment":[{"href":"https:\/\/blogdojuniorcavalcanti.com.br\/index.php\/wp-json\/wp\/v2\/media?parent=26559"}],"wp:term":[{"taxonomy":"category","embeddable":true,"href":"https:\/\/blogdojuniorcavalcanti.com.br\/index.php\/wp-json\/wp\/v2\/categories?post=26559"},{"taxonomy":"post_tag","embeddable":true,"href":"https:\/\/blogdojuniorcavalcanti.com.br\/index.php\/wp-json\/wp\/v2\/tags?post=26559"}],"curies":[{"name":"wp","href":"https:\/\/api.w.org\/{rel}","templated":true}]}}