{"id":26905,"date":"2023-07-07T04:45:49","date_gmt":"2023-07-07T07:45:49","guid":{"rendered":"https:\/\/blogdojuniorcavalcanti.com.br\/?p=26905"},"modified":"2023-07-07T04:45:49","modified_gmt":"2023-07-07T07:45:49","slug":"desenvolve-pe-inicia-processo-de-desburocratizacao-com-municipios","status":"publish","type":"post","link":"https:\/\/blogdojuniorcavalcanti.com.br\/index.php\/2023\/07\/07\/desenvolve-pe-inicia-processo-de-desburocratizacao-com-municipios\/","title":{"rendered":"Desenvolve PE inicia processo de desburocratiza\u00e7\u00e3o com munic\u00edpios"},"content":{"rendered":"<p style=\"text-align: justify;\"><span style=\"font-size: 14pt;\"><img fetchpriority=\"high\" decoding=\"async\" class=\"alignleft wp-image-262013 size-large jetpack-lazy-image jetpack-lazy-image--handled\" src=\"https:\/\/i0.wp.com\/nilljunior.com.br\/wp-content\/uploads\/2023\/07\/WhatsApp-Image-2023-07-06-at-15.37.47.jpeg?resize=400%2C400&amp;ssl=1\" sizes=\"(max-width: 400px) 100vw, 400px\" srcset=\"https:\/\/i0.wp.com\/nilljunior.com.br\/wp-content\/uploads\/2023\/07\/WhatsApp-Image-2023-07-06-at-15.37.47.jpeg?resize=400%2C400&amp;ssl=1 400w, https:\/\/i0.wp.com\/nilljunior.com.br\/wp-content\/uploads\/2023\/07\/WhatsApp-Image-2023-07-06-at-15.37.47.jpeg?resize=250%2C250&amp;ssl=1 250w, https:\/\/i0.wp.com\/nilljunior.com.br\/wp-content\/uploads\/2023\/07\/WhatsApp-Image-2023-07-06-at-15.37.47.jpeg?resize=768%2C768&amp;ssl=1 768w, https:\/\/i0.wp.com\/nilljunior.com.br\/wp-content\/uploads\/2023\/07\/WhatsApp-Image-2023-07-06-at-15.37.47.jpeg?w=1024&amp;ssl=1 1024w\" alt=\"\" width=\"400\" height=\"400\" data-attachment-id=\"262013\" data-permalink=\"https:\/\/nilljunior.com.br\/desenvolve-pe-inicia-processo-de-desburocratizacao-com-municipios\/whatsapp-image-2023-07-06-at-15-37-47\/\" data-orig-file=\"https:\/\/i0.wp.com\/nilljunior.com.br\/wp-content\/uploads\/2023\/07\/WhatsApp-Image-2023-07-06-at-15.37.47.jpeg?fit=1024%2C1024&amp;ssl=1\" data-orig-size=\"1024,1024\" data-comments-opened=\"1\" data-image-meta=\"{&quot;aperture&quot;:&quot;0&quot;,&quot;credit&quot;:&quot;&quot;,&quot;camera&quot;:&quot;&quot;,&quot;caption&quot;:&quot;&quot;,&quot;created_timestamp&quot;:&quot;0&quot;,&quot;copyright&quot;:&quot;&quot;,&quot;focal_length&quot;:&quot;0&quot;,&quot;iso&quot;:&quot;0&quot;,&quot;shutter_speed&quot;:&quot;0&quot;,&quot;title&quot;:&quot;&quot;,&quot;orientation&quot;:&quot;0&quot;}\" data-image-title=\"WhatsApp Image 2023-07-06 at 15.37.47\" data-image-description=\"\" data-medium-file=\"https:\/\/i0.wp.com\/nilljunior.com.br\/wp-content\/uploads\/2023\/07\/WhatsApp-Image-2023-07-06-at-15.37.47.jpeg?fit=250%2C250&amp;ssl=1\" data-large-file=\"https:\/\/i0.wp.com\/nilljunior.com.br\/wp-content\/uploads\/2023\/07\/WhatsApp-Image-2023-07-06-at-15.37.47.jpeg?fit=400%2C400&amp;ssl=1\" data-recalc-dims=\"1\" data-lazy-loaded=\"1\" \/><span style=\"font-family: arial, helvetica, sans-serif;\">A equipe do Desenvolve PE, uma parceria entre a Associa\u00e7\u00e3o Municipalista de Pernambuco (Amupe) e o Sebrae, realiza nesta semana, a primeira reuni\u00e3o do processo de desburocratiza\u00e7\u00e3o para munic\u00edpios pernambucanos.\u00a0<\/span><\/span><\/p>\n<p style=\"text-align: justify;\"><span style=\"font-size: 14pt; font-family: arial, helvetica, sans-serif;\">A a\u00e7\u00e3o, que teve in\u00edcio no Cabo de Santo Agostinho e j\u00e1 passou por S\u00e3o Louren\u00e7o da Mata e Igarassu, est\u00e1 prevista no projeto e tem como objetivo prestar uma assessoria aos munic\u00edpios para trabalhar o alinhamento da legisla\u00e7\u00e3o, facilitando o registro de microempresas e o acompanhamento dos microempreendedores individuais pelas prefeituras.<\/span><\/p>\n<p style=\"text-align: justify;\"><span style=\"font-size: 14pt; font-family: arial, helvetica, sans-serif;\">\u201cNesse primeiro momento, estamos realizando a apresenta\u00e7\u00e3o do eixo de desburocratiza\u00e7\u00e3o para os atores envolvidos, que s\u00e3o as secretarias de planejamento, finan\u00e7as, o pessoal da Fazenda e quem mais estiver nesta \u00e1rea de desenvolvimento econ\u00f4mico no munic\u00edpio. A partir da\u00ed, vamos definir um grupo de trabalho que vai agir, a partir de um plano de a\u00e7\u00e3o\u201d, explicou Sueli Lyra, consultora do Sebrae Pernambuco.<\/span><\/p>\n<p style=\"text-align: justify;\"><span style=\"font-size: 14pt; font-family: arial, helvetica, sans-serif;\">Segundo Sueli, entre os resultados esperados com esta iniciativa, est\u00e3o: diminuir a burocracia na formaliza\u00e7\u00e3o de empresas e, consequentemente, ampliar a arrecada\u00e7\u00e3o do munic\u00edpio e a gera\u00e7\u00e3o de emprego e renda. A a\u00e7\u00e3o continua e chegar\u00e1 a mais munic\u00edpios pernambucanos. Em Jaboat\u00e3o dos Guararapes, a reuni\u00e3o inicial acontece j\u00e1 na pr\u00f3xima sexta, dia 7.<\/span><\/p>\n<p style=\"text-align: justify;\"><span style=\"font-size: 14pt; font-family: arial, helvetica, sans-serif;\">\u201cO Desenvolve PE \u00e9 um projeto que busca incentivar a capacita\u00e7\u00e3o t\u00e9cnica em diversos eixos de atua\u00e7\u00e3o da gest\u00e3o p\u00fablica para o desenvolvimento econ\u00f4mico dos munic\u00edpios. Como Amupe, estaremos juntos com as prefeituras, contribuindo com o crescimento das cidades\u201d, afirmou a presidente M\u00e1rcia Conrado.<\/span><\/p>\n","protected":false},"excerpt":{"rendered":"<p>A equipe do Desenvolve PE, uma parceria entre a Associa&ccedil;&atilde;o Municipalista de Pernambuco (Amupe) e o Sebrae, realiza nesta semana, a primeira reuni&atilde;o do processo de desburocratiza&ccedil;&atilde;o para munic&iacute;pios pernambucanos.&nbsp; A a&ccedil;&atilde;o, que teve in&iacute;cio no Cabo de Santo Agostinho e j&aacute; passou por S&atilde;o Louren&ccedil;o da Mata e Igarassu, est&aacute; prevista no projeto e tem como objetivo prestar uma assessoria aos munic&iacute;pios para trabalhar o alinhamento da legisla&ccedil;&atilde;o, facilitando o registro de microempresas e o acompanhamento dos microempreendedores individuais pelas prefeituras. &ldquo;Nesse primeiro momento, estamos realizando a apresenta&ccedil;&atilde;o do eixo de desburocratiza&ccedil;&atilde;o para os atores envolvidos, que s&atilde;o as &#8230; <\/p>\n<p class=\"read-more-container\"><a title=\"Desenvolve PE inicia processo de desburocratiza\u00e7\u00e3o com munic\u00edpios\" class=\"read-more button\" href=\"https:\/\/blogdojuniorcavalcanti.com.br\/index.php\/2023\/07\/07\/desenvolve-pe-inicia-processo-de-desburocratizacao-com-municipios\/#more-26905\" aria-label=\"More on Desenvolve PE inicia processo de desburocratiza\u00e7\u00e3o com munic\u00edpios\">Leia mais<\/a><\/p>\n","protected":false},"author":2,"featured_media":0,"comment_status":"open","ping_status":"open","sticky":false,"template":"","format":"standard","meta":{"footnotes":""},"categories":[26],"tags":[],"class_list":["post-26905","post","type-post","status-publish","format-standard","hentry","category-noticias"],"_links":{"self":[{"href":"https:\/\/blogdojuniorcavalcanti.com.br\/index.php\/wp-json\/wp\/v2\/posts\/26905","targetHints":{"allow":["GET"]}}],"collection":[{"href":"https:\/\/blogdojuniorcavalcanti.com.br\/index.php\/wp-json\/wp\/v2\/posts"}],"about":[{"href":"https:\/\/blogdojuniorcavalcanti.com.br\/index.php\/wp-json\/wp\/v2\/types\/post"}],"author":[{"embeddable":true,"href":"https:\/\/blogdojuniorcavalcanti.com.br\/index.php\/wp-json\/wp\/v2\/users\/2"}],"replies":[{"embeddable":true,"href":"https:\/\/blogdojuniorcavalcanti.com.br\/index.php\/wp-json\/wp\/v2\/comments?post=26905"}],"version-history":[{"count":1,"href":"https:\/\/blogdojuniorcavalcanti.com.br\/index.php\/wp-json\/wp\/v2\/posts\/26905\/revisions"}],"predecessor-version":[{"id":26906,"href":"https:\/\/blogdojuniorcavalcanti.com.br\/index.php\/wp-json\/wp\/v2\/posts\/26905\/revisions\/26906"}],"wp:attachment":[{"href":"https:\/\/blogdojuniorcavalcanti.com.br\/index.php\/wp-json\/wp\/v2\/media?parent=26905"}],"wp:term":[{"taxonomy":"category","embeddable":true,"href":"https:\/\/blogdojuniorcavalcanti.com.br\/index.php\/wp-json\/wp\/v2\/categories?post=26905"},{"taxonomy":"post_tag","embeddable":true,"href":"https:\/\/blogdojuniorcavalcanti.com.br\/index.php\/wp-json\/wp\/v2\/tags?post=26905"}],"curies":[{"name":"wp","href":"https:\/\/api.w.org\/{rel}","templated":true}]}}