{"id":27137,"date":"2023-07-18T04:58:21","date_gmt":"2023-07-18T07:58:21","guid":{"rendered":"https:\/\/blogdojuniorcavalcanti.com.br\/?p=27137"},"modified":"2023-07-18T04:58:21","modified_gmt":"2023-07-18T07:58:21","slug":"expoagro-voltara-a-colar-com-emancipacao","status":"publish","type":"post","link":"https:\/\/blogdojuniorcavalcanti.com.br\/index.php\/2023\/07\/18\/expoagro-voltara-a-colar-com-emancipacao\/","title":{"rendered":"Expoagro voltar\u00e1 a colar com Emancipa\u00e7\u00e3o"},"content":{"rendered":"<p style=\"text-align: justify;\"><span style=\"font-size: 14pt;\"><img fetchpriority=\"high\" decoding=\"async\" class=\"alignleft wp-image-261914 jetpack-lazy-image jetpack-lazy-image--handled\" src=\"https:\/\/i1.wp.com\/nilljunior.com.br\/wp-content\/uploads\/2023\/07\/Expoagro2022-aerea.jpeg?resize=400%2C300&amp;ssl=1\" sizes=\"(max-width: 400px) 100vw, 400px\" srcset=\"https:\/\/i1.wp.com\/nilljunior.com.br\/wp-content\/uploads\/2023\/07\/Expoagro2022-aerea.jpeg?w=640&amp;ssl=1 640w, https:\/\/i1.wp.com\/nilljunior.com.br\/wp-content\/uploads\/2023\/07\/Expoagro2022-aerea.jpeg?resize=300%2C225&amp;ssl=1 300w, https:\/\/i1.wp.com\/nilljunior.com.br\/wp-content\/uploads\/2023\/07\/Expoagro2022-aerea.jpeg?resize=533%2C400&amp;ssl=1 533w\" alt=\"\" width=\"400\" height=\"300\" data-attachment-id=\"261914\" data-permalink=\"https:\/\/nilljunior.com.br\/lei-de-autoria-de-jose-patriota-inclui-expoagro-de-afogados-no-calendario-oficial-de-pernambuco\/expoagro2022-aerea\/\" data-orig-file=\"https:\/\/i1.wp.com\/nilljunior.com.br\/wp-content\/uploads\/2023\/07\/Expoagro2022-aerea.jpeg?fit=640%2C480&amp;ssl=1\" data-orig-size=\"640,480\" data-comments-opened=\"1\" data-image-meta=\"{&quot;aperture&quot;:&quot;0&quot;,&quot;credit&quot;:&quot;&quot;,&quot;camera&quot;:&quot;&quot;,&quot;caption&quot;:&quot;&quot;,&quot;created_timestamp&quot;:&quot;0&quot;,&quot;copyright&quot;:&quot;&quot;,&quot;focal_length&quot;:&quot;0&quot;,&quot;iso&quot;:&quot;0&quot;,&quot;shutter_speed&quot;:&quot;0&quot;,&quot;title&quot;:&quot;&quot;,&quot;orientation&quot;:&quot;0&quot;}\" data-image-title=\"Expoagro2022-aerea\" data-image-description=\"\" data-medium-file=\"https:\/\/i1.wp.com\/nilljunior.com.br\/wp-content\/uploads\/2023\/07\/Expoagro2022-aerea.jpeg?fit=300%2C225&amp;ssl=1\" data-large-file=\"https:\/\/i1.wp.com\/nilljunior.com.br\/wp-content\/uploads\/2023\/07\/Expoagro2022-aerea.jpeg?fit=533%2C400&amp;ssl=1\" data-recalc-dims=\"1\" data-lazy-loaded=\"1\" \/><span style=\"font-family: arial, helvetica, sans-serif;\">Ap\u00f3s dois anos sendo realizada em julho, a Expoagro de Afogados da Ingazeira voltar\u00e1 a ser realizada em junho, junto com a festa de emancipa\u00e7\u00e3o pol\u00edtica e o ciclo junino. A informa\u00e7\u00e3o foi confirmada pelo prefeito Sandrinho Palmeira \u00e0 R\u00e1dio Paje\u00fa e divulgada na Coluna do Doming\u00e3o de ontem (16).<\/span><\/span><\/p>\n<p style=\"text-align: justify;\"><span style=\"font-size: 14pt; font-family: arial, helvetica, sans-serif;\">A mudan\u00e7a de data se deve \u00e0 dificuldade de contratar artistas nacionais para os shows da Expoagro, que ocorrem em julho. \u201cOs artistas nacionais que estavam no nosso planejamento para julho, est\u00e3o tocando agora no Sul e Sudeste. A gente diz, vamos fugir do S\u00e3o Jo\u00e3o para baratear, mas a\u00ed eles v\u00e3o pra outra regi\u00e3o e n\u00e3o conseguimos trazer\u201d, afirmou Palmeira.<\/span><\/p>\n<p style=\"text-align: justify;\"><span style=\"font-size: 14pt; font-family: arial, helvetica, sans-serif;\">A Expoagro de Afogados da Ingazeira \u00e9 um dos maiores eventos do Sert\u00e3o do Paje\u00fa. O evento re\u00fane shows de artistas nacionais e regionais, al\u00e9m da exposi\u00e7\u00e3o e concursos da caprinovinocultura. Tamb\u00e9m h\u00e1 exposi\u00e7\u00f5es e comercializa\u00e7\u00e3o de artesanatos e produtos feitos na regi\u00e3o.<\/span><\/p>\n","protected":false},"excerpt":{"rendered":"<p>Ap&oacute;s dois anos sendo realizada em julho, a Expoagro de Afogados da Ingazeira voltar&aacute; a ser realizada em junho, junto com a festa de emancipa&ccedil;&atilde;o pol&iacute;tica e o ciclo junino. A informa&ccedil;&atilde;o foi confirmada pelo prefeito Sandrinho Palmeira &agrave; R&aacute;dio Paje&uacute; e divulgada na Coluna do Doming&atilde;o de ontem (16). A mudan&ccedil;a de data se deve &agrave; dificuldade de contratar artistas nacionais para os shows da Expoagro, que ocorrem em julho. &ldquo;Os artistas nacionais que estavam no nosso planejamento para julho, est&atilde;o tocando agora no Sul e Sudeste. A gente diz, vamos fugir do S&atilde;o Jo&atilde;o para baratear, mas a&iacute; &#8230; <\/p>\n<p class=\"read-more-container\"><a title=\"Expoagro voltar\u00e1 a colar com Emancipa\u00e7\u00e3o\" class=\"read-more button\" href=\"https:\/\/blogdojuniorcavalcanti.com.br\/index.php\/2023\/07\/18\/expoagro-voltara-a-colar-com-emancipacao\/#more-27137\" aria-label=\"More on Expoagro voltar\u00e1 a colar com Emancipa\u00e7\u00e3o\">Leia mais<\/a><\/p>\n","protected":false},"author":2,"featured_media":0,"comment_status":"open","ping_status":"open","sticky":false,"template":"","format":"standard","meta":{"footnotes":""},"categories":[28],"tags":[],"class_list":["post-27137","post","type-post","status-publish","format-standard","hentry","category-afogados"],"_links":{"self":[{"href":"https:\/\/blogdojuniorcavalcanti.com.br\/index.php\/wp-json\/wp\/v2\/posts\/27137","targetHints":{"allow":["GET"]}}],"collection":[{"href":"https:\/\/blogdojuniorcavalcanti.com.br\/index.php\/wp-json\/wp\/v2\/posts"}],"about":[{"href":"https:\/\/blogdojuniorcavalcanti.com.br\/index.php\/wp-json\/wp\/v2\/types\/post"}],"author":[{"embeddable":true,"href":"https:\/\/blogdojuniorcavalcanti.com.br\/index.php\/wp-json\/wp\/v2\/users\/2"}],"replies":[{"embeddable":true,"href":"https:\/\/blogdojuniorcavalcanti.com.br\/index.php\/wp-json\/wp\/v2\/comments?post=27137"}],"version-history":[{"count":1,"href":"https:\/\/blogdojuniorcavalcanti.com.br\/index.php\/wp-json\/wp\/v2\/posts\/27137\/revisions"}],"predecessor-version":[{"id":27138,"href":"https:\/\/blogdojuniorcavalcanti.com.br\/index.php\/wp-json\/wp\/v2\/posts\/27137\/revisions\/27138"}],"wp:attachment":[{"href":"https:\/\/blogdojuniorcavalcanti.com.br\/index.php\/wp-json\/wp\/v2\/media?parent=27137"}],"wp:term":[{"taxonomy":"category","embeddable":true,"href":"https:\/\/blogdojuniorcavalcanti.com.br\/index.php\/wp-json\/wp\/v2\/categories?post=27137"},{"taxonomy":"post_tag","embeddable":true,"href":"https:\/\/blogdojuniorcavalcanti.com.br\/index.php\/wp-json\/wp\/v2\/tags?post=27137"}],"curies":[{"name":"wp","href":"https:\/\/api.w.org\/{rel}","templated":true}]}}