{"id":27273,"date":"2023-07-25T04:46:38","date_gmt":"2023-07-25T07:46:38","guid":{"rendered":"https:\/\/blogdojuniorcavalcanti.com.br\/?p=27273"},"modified":"2023-07-25T04:46:38","modified_gmt":"2023-07-25T07:46:38","slug":"sintepe-suspende-greve-da-educacao","status":"publish","type":"post","link":"https:\/\/blogdojuniorcavalcanti.com.br\/index.php\/2023\/07\/25\/sintepe-suspende-greve-da-educacao\/","title":{"rendered":"Sintepe suspende greve da educa\u00e7\u00e3o"},"content":{"rendered":"<p style=\"text-align: justify;\"><span style=\"font-size: 14pt;\"><b><img fetchpriority=\"high\" decoding=\"async\" class=\"alignleft wp-image-263189 jetpack-lazy-image jetpack-lazy-image--handled\" src=\"https:\/\/i1.wp.com\/nilljunior.com.br\/wp-content\/uploads\/2023\/07\/IveteCaetano-24-07-23.jpeg?resize=400%2C421&amp;ssl=1\" sizes=\"(max-width: 400px) 100vw, 400px\" srcset=\"https:\/\/i1.wp.com\/nilljunior.com.br\/wp-content\/uploads\/2023\/07\/IveteCaetano-24-07-23.jpeg?w=828&amp;ssl=1 828w, https:\/\/i1.wp.com\/nilljunior.com.br\/wp-content\/uploads\/2023\/07\/IveteCaetano-24-07-23.jpeg?resize=238%2C250&amp;ssl=1 238w, https:\/\/i1.wp.com\/nilljunior.com.br\/wp-content\/uploads\/2023\/07\/IveteCaetano-24-07-23.jpeg?resize=768%2C808&amp;ssl=1 768w, https:\/\/i1.wp.com\/nilljunior.com.br\/wp-content\/uploads\/2023\/07\/IveteCaetano-24-07-23.jpeg?resize=380%2C400&amp;ssl=1 380w\" alt=\"\" width=\"400\" height=\"421\" data-attachment-id=\"263189\" data-permalink=\"https:\/\/nilljunior.com.br\/sintepe-suspende-greve-da-educacao\/ivetecaetano-24-07-23\/\" data-orig-file=\"https:\/\/i1.wp.com\/nilljunior.com.br\/wp-content\/uploads\/2023\/07\/IveteCaetano-24-07-23.jpeg?fit=828%2C871&amp;ssl=1\" data-orig-size=\"828,871\" data-comments-opened=\"1\" data-image-meta=\"{&quot;aperture&quot;:&quot;0&quot;,&quot;credit&quot;:&quot;&quot;,&quot;camera&quot;:&quot;&quot;,&quot;caption&quot;:&quot;&quot;,&quot;created_timestamp&quot;:&quot;0&quot;,&quot;copyright&quot;:&quot;&quot;,&quot;focal_length&quot;:&quot;0&quot;,&quot;iso&quot;:&quot;0&quot;,&quot;shutter_speed&quot;:&quot;0&quot;,&quot;title&quot;:&quot;&quot;,&quot;orientation&quot;:&quot;1&quot;}\" data-image-title=\"IveteCaetano-24-07-23\" data-image-description=\"\" data-medium-file=\"https:\/\/i1.wp.com\/nilljunior.com.br\/wp-content\/uploads\/2023\/07\/IveteCaetano-24-07-23.jpeg?fit=238%2C250&amp;ssl=1\" data-large-file=\"https:\/\/i1.wp.com\/nilljunior.com.br\/wp-content\/uploads\/2023\/07\/IveteCaetano-24-07-23.jpeg?fit=380%2C400&amp;ssl=1\" data-recalc-dims=\"1\" data-lazy-loaded=\"1\" \/><span style=\"font-family: arial, helvetica, sans-serif;\">Por Andr\u00e9 Luis<\/span><\/b><\/span><\/p>\n<p style=\"text-align: justify;\"><span style=\"font-size: 14pt; font-family: arial, helvetica, sans-serif;\">Em uma Assembleia Geral Extraordin\u00e1ria realizada nesta segunda-feira (24), o Sindicato dos Trabalhadores em Educa\u00e7\u00e3o de Pernambuco (Sintepe) decidiu suspender a Greve da Educa\u00e7\u00e3o, que estava prevista para ser deflagrada nesta ter\u00e7a-feira (25). A decis\u00e3o ocorreu ap\u00f3s o Sintepe enfrentar uma a\u00e7\u00e3o judicial que colocava a greve como ilegal, impondo multas ao sindicato e descontos salariais desde o primeiro dia de paralisa\u00e7\u00e3o.<\/span><\/p>\n<p style=\"text-align: justify;\"><span style=\"font-size: 14pt; font-family: arial, helvetica, sans-serif;\">A presidenta do Sintepe, Ivete Caetano, explicou em um v\u00eddeo divulgado nas redes sociais os resultados da Assembleia. Segundo ela, a decis\u00e3o de suspender a greve foi tomada para garantir o direito de greve e em defesa do plano de carreira dos trabalhadores e trabalhadoras em educa\u00e7\u00e3o.\u00a0<\/span><\/p>\n<p style=\"text-align: justify;\"><span style=\"font-size: 14pt; font-family: arial, helvetica, sans-serif;\">\u201cA a\u00e7\u00e3o judicial solicitada pela governadora demonstrou o car\u00e1ter autorit\u00e1rio e a falta de di\u00e1logo do governo estadual para resolver conflitos na rela\u00e7\u00e3o de trabalho\u201d. disse Ivete.<\/span><\/p>\n<p style=\"text-align: justify;\"><span style=\"font-size: 14pt; font-family: arial, helvetica, sans-serif;\">A medida do governo, que buscava deslegitimar a greve e aplicar penalidades ao sindicato, gerou indigna\u00e7\u00e3o entre os educadores. Ivete Caetano enfatizou que a educa\u00e7\u00e3o s\u00f3 acontece com uni\u00e3o e trabalho coletivo.\u00a0<\/span><\/p>\n<p style=\"text-align: justify;\"><span style=\"font-size: 14pt; font-family: arial, helvetica, sans-serif;\">Ela tamb\u00e9m denunciou a tentativa de dividir a categoria e ressaltou que os educadores e educadoras continuar\u00e3o a luta de forma articulada com a comunidade escolar e os estudantes.<\/span><\/p>\n<p style=\"text-align: justify;\"><span style=\"font-size: 14pt; font-family: arial, helvetica, sans-serif;\">O Sintepe planeja combater a ofensiva do governo estadual com a\u00e7\u00f5es judiciais e uma ampla campanha de m\u00eddia em TV, r\u00e1dio e outdoors, a fim de evidenciar a face autorit\u00e1ria e arbitr\u00e1ria do Governo do Estado. A categoria pretende mostrar \u00e0 sociedade a import\u00e2ncia da solidariedade, unidade e uni\u00e3o na defesa dos direitos dos trabalhadores e da educa\u00e7\u00e3o.<\/span><\/p>\n","protected":false},"excerpt":{"rendered":"<p>Por Andr&eacute; Luis Em uma Assembleia Geral Extraordin&aacute;ria realizada nesta segunda-feira (24), o Sindicato dos Trabalhadores em Educa&ccedil;&atilde;o de Pernambuco (Sintepe) decidiu suspender a Greve da Educa&ccedil;&atilde;o, que estava prevista para ser deflagrada nesta ter&ccedil;a-feira (25). A decis&atilde;o ocorreu ap&oacute;s o Sintepe enfrentar uma a&ccedil;&atilde;o judicial que colocava a greve como ilegal, impondo multas ao sindicato e descontos salariais desde o primeiro dia de paralisa&ccedil;&atilde;o. A presidenta do Sintepe, Ivete Caetano, explicou em um v&iacute;deo divulgado nas redes sociais os resultados da Assembleia. Segundo ela, a decis&atilde;o de suspender a greve foi tomada para garantir o direito de greve e &#8230; <\/p>\n<p class=\"read-more-container\"><a title=\"Sintepe suspende greve da educa\u00e7\u00e3o\" class=\"read-more button\" href=\"https:\/\/blogdojuniorcavalcanti.com.br\/index.php\/2023\/07\/25\/sintepe-suspende-greve-da-educacao\/#more-27273\" aria-label=\"More on Sintepe suspende greve da educa\u00e7\u00e3o\">Leia mais<\/a><\/p>\n","protected":false},"author":2,"featured_media":0,"comment_status":"open","ping_status":"open","sticky":false,"template":"","format":"standard","meta":{"footnotes":""},"categories":[26],"tags":[],"class_list":["post-27273","post","type-post","status-publish","format-standard","hentry","category-noticias"],"_links":{"self":[{"href":"https:\/\/blogdojuniorcavalcanti.com.br\/index.php\/wp-json\/wp\/v2\/posts\/27273","targetHints":{"allow":["GET"]}}],"collection":[{"href":"https:\/\/blogdojuniorcavalcanti.com.br\/index.php\/wp-json\/wp\/v2\/posts"}],"about":[{"href":"https:\/\/blogdojuniorcavalcanti.com.br\/index.php\/wp-json\/wp\/v2\/types\/post"}],"author":[{"embeddable":true,"href":"https:\/\/blogdojuniorcavalcanti.com.br\/index.php\/wp-json\/wp\/v2\/users\/2"}],"replies":[{"embeddable":true,"href":"https:\/\/blogdojuniorcavalcanti.com.br\/index.php\/wp-json\/wp\/v2\/comments?post=27273"}],"version-history":[{"count":1,"href":"https:\/\/blogdojuniorcavalcanti.com.br\/index.php\/wp-json\/wp\/v2\/posts\/27273\/revisions"}],"predecessor-version":[{"id":27274,"href":"https:\/\/blogdojuniorcavalcanti.com.br\/index.php\/wp-json\/wp\/v2\/posts\/27273\/revisions\/27274"}],"wp:attachment":[{"href":"https:\/\/blogdojuniorcavalcanti.com.br\/index.php\/wp-json\/wp\/v2\/media?parent=27273"}],"wp:term":[{"taxonomy":"category","embeddable":true,"href":"https:\/\/blogdojuniorcavalcanti.com.br\/index.php\/wp-json\/wp\/v2\/categories?post=27273"},{"taxonomy":"post_tag","embeddable":true,"href":"https:\/\/blogdojuniorcavalcanti.com.br\/index.php\/wp-json\/wp\/v2\/tags?post=27273"}],"curies":[{"name":"wp","href":"https:\/\/api.w.org\/{rel}","templated":true}]}}