{"id":27333,"date":"2023-07-27T04:49:58","date_gmt":"2023-07-27T07:49:58","guid":{"rendered":"https:\/\/blogdojuniorcavalcanti.com.br\/?p=27333"},"modified":"2023-07-27T04:49:58","modified_gmt":"2023-07-27T07:49:58","slug":"raquel-lyra-se-reune-com-a-ministra-nisia-trindade-para-pleitear-recursos-para-a-saude-de-pernambuco","status":"publish","type":"post","link":"https:\/\/blogdojuniorcavalcanti.com.br\/index.php\/2023\/07\/27\/raquel-lyra-se-reune-com-a-ministra-nisia-trindade-para-pleitear-recursos-para-a-saude-de-pernambuco\/","title":{"rendered":"Raquel Lyra se re\u00fane com a ministra N\u00edsia Trindade para pleitear recursos para a sa\u00fade de Pernambuco"},"content":{"rendered":"<p style=\"text-align: justify;\"><span style=\"font-size: 14pt;\"><img fetchpriority=\"high\" decoding=\"async\" class=\"alignleft wp-image-263329 jetpack-lazy-image jetpack-lazy-image--handled\" src=\"https:\/\/i1.wp.com\/nilljunior.com.br\/wp-content\/uploads\/2023\/07\/NisiaTrindade-RaquelLyra-26-07-23.jpeg?resize=400%2C267&amp;ssl=1\" sizes=\"(max-width: 400px) 100vw, 400px\" srcset=\"https:\/\/i1.wp.com\/nilljunior.com.br\/wp-content\/uploads\/2023\/07\/NisiaTrindade-RaquelLyra-26-07-23.jpeg?w=1600&amp;ssl=1 1600w, https:\/\/i1.wp.com\/nilljunior.com.br\/wp-content\/uploads\/2023\/07\/NisiaTrindade-RaquelLyra-26-07-23.jpeg?resize=150%2C100&amp;ssl=1 150w, https:\/\/i1.wp.com\/nilljunior.com.br\/wp-content\/uploads\/2023\/07\/NisiaTrindade-RaquelLyra-26-07-23.jpeg?resize=300%2C200&amp;ssl=1 300w, https:\/\/i1.wp.com\/nilljunior.com.br\/wp-content\/uploads\/2023\/07\/NisiaTrindade-RaquelLyra-26-07-23.jpeg?resize=768%2C512&amp;ssl=1 768w, https:\/\/i1.wp.com\/nilljunior.com.br\/wp-content\/uploads\/2023\/07\/NisiaTrindade-RaquelLyra-26-07-23.jpeg?resize=600%2C400&amp;ssl=1 600w\" alt=\"\" width=\"400\" height=\"267\" data-attachment-id=\"263329\" data-permalink=\"https:\/\/nilljunior.com.br\/raquel-lyra-se-reune-com-a-ministra-nisia-trindade-para-pleitear-recursos-para-a-saude-de-pernambuco\/nisiatrindade-raquellyra-26-07-23\/\" data-orig-file=\"https:\/\/i1.wp.com\/nilljunior.com.br\/wp-content\/uploads\/2023\/07\/NisiaTrindade-RaquelLyra-26-07-23.jpeg?fit=1600%2C1066&amp;ssl=1\" data-orig-size=\"1600,1066\" data-comments-opened=\"1\" data-image-meta=\"{&quot;aperture&quot;:&quot;0&quot;,&quot;credit&quot;:&quot;&quot;,&quot;camera&quot;:&quot;&quot;,&quot;caption&quot;:&quot;&quot;,&quot;created_timestamp&quot;:&quot;0&quot;,&quot;copyright&quot;:&quot;&quot;,&quot;focal_length&quot;:&quot;0&quot;,&quot;iso&quot;:&quot;0&quot;,&quot;shutter_speed&quot;:&quot;0&quot;,&quot;title&quot;:&quot;&quot;,&quot;orientation&quot;:&quot;0&quot;}\" data-image-title=\"NisiaTrindade-RaquelLyra-26-07-23\" data-image-description=\"\" data-medium-file=\"https:\/\/i1.wp.com\/nilljunior.com.br\/wp-content\/uploads\/2023\/07\/NisiaTrindade-RaquelLyra-26-07-23.jpeg?fit=300%2C200&amp;ssl=1\" data-large-file=\"https:\/\/i1.wp.com\/nilljunior.com.br\/wp-content\/uploads\/2023\/07\/NisiaTrindade-RaquelLyra-26-07-23.jpeg?fit=600%2C400&amp;ssl=1\" data-recalc-dims=\"1\" data-lazy-loaded=\"1\" \/><span style=\"font-family: arial, helvetica, sans-serif;\">Em mais uma agenda em Bras\u00edlia nesta quarta-feira (26), a governadora Raquel Lyra teve uma reuni\u00e3o com a ministra da Sa\u00fade, N\u00edsia Trindade, para dialogar sobre os projetos para uma sa\u00fade mais regionalizada em Pernambuco. Durante o encontro, foi debatida a possibilidade de capta\u00e7\u00e3o de mais recursos federais para o setor no Estado.\u00a0<\/span><\/span><\/p>\n<p style=\"text-align: justify;\"><span style=\"font-size: 14pt; font-family: arial, helvetica, sans-serif;\">\u201cNos reunimos com a ministra N\u00edsia e sua equipe para trabalhar mais recursos regionalizados na sa\u00fade de Pernambuco, com o objetivo de refor\u00e7ar o atendimento em cardiologia, neurologia e outras \u00e1reas, al\u00e9m da abertura de novas maternidades e requalifica\u00e7\u00e3o dos nossos hospitais. A parceria com o governo federal \u00e9 fundamental para permitir que a gente fa\u00e7a sempre mais por Pernambuco\u201d, ressaltou a governadora Raquel Lyra, que estava acompanhada da secret\u00e1ria estadual de Sa\u00fade, Zilda Cavalcanti.<\/span><\/p>\n<p style=\"text-align: justify;\"><span style=\"font-size: 14pt; font-family: arial, helvetica, sans-serif;\">Na ocasi\u00e3o, a governadora tamb\u00e9m apresentou um panorama geral do sistema de sa\u00fade no Estado, destacando tamb\u00e9m a necessidade de investimentos para a abertura de novos leitos. A transforma\u00e7\u00e3o digital da sa\u00fade, especialmente a universaliza\u00e7\u00e3o do sistema de prontu\u00e1rios eletr\u00f4nicos, tamb\u00e9m esteve na pauta. O secret\u00e1rio estadual de Comunica\u00e7\u00e3o, Rodolfo Costa Pinto, acompanhou a agenda.<\/span><\/p>\n","protected":false},"excerpt":{"rendered":"<p>Em mais uma agenda em Bras&iacute;lia nesta quarta-feira (26), a governadora Raquel Lyra teve uma reuni&atilde;o com a ministra da Sa&uacute;de, N&iacute;sia Trindade, para dialogar sobre os projetos para uma sa&uacute;de mais regionalizada em Pernambuco. Durante o encontro, foi debatida a possibilidade de capta&ccedil;&atilde;o de mais recursos federais para o setor no Estado.&nbsp; &ldquo;Nos reunimos com a ministra N&iacute;sia e sua equipe para trabalhar mais recursos regionalizados na sa&uacute;de de Pernambuco, com o objetivo de refor&ccedil;ar o atendimento em cardiologia, neurologia e outras &aacute;reas, al&eacute;m da abertura de novas maternidades e requalifica&ccedil;&atilde;o dos nossos hospitais. A parceria com o governo &#8230; <\/p>\n<p class=\"read-more-container\"><a title=\"Raquel Lyra se re\u00fane com a ministra N\u00edsia Trindade para pleitear recursos para a sa\u00fade de Pernambuco\" class=\"read-more button\" href=\"https:\/\/blogdojuniorcavalcanti.com.br\/index.php\/2023\/07\/27\/raquel-lyra-se-reune-com-a-ministra-nisia-trindade-para-pleitear-recursos-para-a-saude-de-pernambuco\/#more-27333\" aria-label=\"More on Raquel Lyra se re\u00fane com a ministra N\u00edsia Trindade para pleitear recursos para a sa\u00fade de Pernambuco\">Leia mais<\/a><\/p>\n","protected":false},"author":2,"featured_media":0,"comment_status":"open","ping_status":"open","sticky":false,"template":"","format":"standard","meta":{"footnotes":""},"categories":[26],"tags":[],"class_list":["post-27333","post","type-post","status-publish","format-standard","hentry","category-noticias"],"_links":{"self":[{"href":"https:\/\/blogdojuniorcavalcanti.com.br\/index.php\/wp-json\/wp\/v2\/posts\/27333","targetHints":{"allow":["GET"]}}],"collection":[{"href":"https:\/\/blogdojuniorcavalcanti.com.br\/index.php\/wp-json\/wp\/v2\/posts"}],"about":[{"href":"https:\/\/blogdojuniorcavalcanti.com.br\/index.php\/wp-json\/wp\/v2\/types\/post"}],"author":[{"embeddable":true,"href":"https:\/\/blogdojuniorcavalcanti.com.br\/index.php\/wp-json\/wp\/v2\/users\/2"}],"replies":[{"embeddable":true,"href":"https:\/\/blogdojuniorcavalcanti.com.br\/index.php\/wp-json\/wp\/v2\/comments?post=27333"}],"version-history":[{"count":1,"href":"https:\/\/blogdojuniorcavalcanti.com.br\/index.php\/wp-json\/wp\/v2\/posts\/27333\/revisions"}],"predecessor-version":[{"id":27334,"href":"https:\/\/blogdojuniorcavalcanti.com.br\/index.php\/wp-json\/wp\/v2\/posts\/27333\/revisions\/27334"}],"wp:attachment":[{"href":"https:\/\/blogdojuniorcavalcanti.com.br\/index.php\/wp-json\/wp\/v2\/media?parent=27333"}],"wp:term":[{"taxonomy":"category","embeddable":true,"href":"https:\/\/blogdojuniorcavalcanti.com.br\/index.php\/wp-json\/wp\/v2\/categories?post=27333"},{"taxonomy":"post_tag","embeddable":true,"href":"https:\/\/blogdojuniorcavalcanti.com.br\/index.php\/wp-json\/wp\/v2\/tags?post=27333"}],"curies":[{"name":"wp","href":"https:\/\/api.w.org\/{rel}","templated":true}]}}