{"id":27383,"date":"2023-07-29T04:48:15","date_gmt":"2023-07-29T07:48:15","guid":{"rendered":"https:\/\/blogdojuniorcavalcanti.com.br\/?p=27383"},"modified":"2023-07-29T04:48:15","modified_gmt":"2023-07-29T07:48:15","slug":"sandrinho-vai-inaugurar-neste-sabado-mais-duas-ruas-pavimentadas-no-residencial-dom-francisco","status":"publish","type":"post","link":"https:\/\/blogdojuniorcavalcanti.com.br\/index.php\/2023\/07\/29\/sandrinho-vai-inaugurar-neste-sabado-mais-duas-ruas-pavimentadas-no-residencial-dom-francisco\/","title":{"rendered":"Sandrinho vai inaugurar neste s\u00e1bado mais duas ruas pavimentadas no residencial Dom Francisco"},"content":{"rendered":"<p style=\"text-align: justify;\"><span style=\"font-size: 14pt; font-family: arial, helvetica, sans-serif;\">O Prefeito de Afogados da Ingazeira, Alessandro Palmeira, vai inaugurar na manh\u00e3 deste s\u00e1bado (29) mais duas novas ruas pavimentadas: as Ruas Severino Pires e Projetada 12 (o nome oficial ser\u00e1 definido pela c\u00e2mara de vereadores).<\/span><\/p>\n<p style=\"text-align: justify;\"><span style=\"font-size: 14pt; font-family: arial, helvetica, sans-serif;\">Juntas, as ruas representam investimentos de quase R$ 100 mil. Foram pavimentados 731 m2 das duas vias. A inaugura\u00e7\u00e3o acontece \u00e0s 8h.<\/span><\/p>\n<p style=\"text-align: justify;\"><span style=\"font-size: 14pt; font-family: arial, helvetica, sans-serif;\">A a\u00e7\u00e3o integra a 27a semana da maratona de inaugura\u00e7\u00f5es e entregas anunciadas pelo Prefeito Sandrinho no in\u00edcio do ano e prevista para acontecer at\u00e9 o final dezembro.<\/span><\/p>\n","protected":false},"excerpt":{"rendered":"<p>O Prefeito de Afogados da Ingazeira, Alessandro Palmeira, vai inaugurar na manh&atilde; deste s&aacute;bado (29) mais duas novas ruas pavimentadas: as Ruas Severino Pires e Projetada 12 (o nome oficial ser&aacute; definido pela c&acirc;mara de vereadores). Juntas, as ruas representam investimentos de quase R$ 100 mil. Foram pavimentados 731 m2 das duas vias. A inaugura&ccedil;&atilde;o acontece &agrave;s 8h. A a&ccedil;&atilde;o integra a 27a semana da maratona de inaugura&ccedil;&otilde;es e entregas anunciadas pelo Prefeito Sandrinho no in&iacute;cio do ano e prevista para acontecer at&eacute; o final dezembro.<\/p>\n","protected":false},"author":2,"featured_media":27384,"comment_status":"open","ping_status":"open","sticky":false,"template":"","format":"standard","meta":{"footnotes":""},"categories":[25],"tags":[],"class_list":["post-27383","post","type-post","status-publish","format-standard","has-post-thumbnail","hentry","category-destaque","resize-featured-image"],"_links":{"self":[{"href":"https:\/\/blogdojuniorcavalcanti.com.br\/index.php\/wp-json\/wp\/v2\/posts\/27383","targetHints":{"allow":["GET"]}}],"collection":[{"href":"https:\/\/blogdojuniorcavalcanti.com.br\/index.php\/wp-json\/wp\/v2\/posts"}],"about":[{"href":"https:\/\/blogdojuniorcavalcanti.com.br\/index.php\/wp-json\/wp\/v2\/types\/post"}],"author":[{"embeddable":true,"href":"https:\/\/blogdojuniorcavalcanti.com.br\/index.php\/wp-json\/wp\/v2\/users\/2"}],"replies":[{"embeddable":true,"href":"https:\/\/blogdojuniorcavalcanti.com.br\/index.php\/wp-json\/wp\/v2\/comments?post=27383"}],"version-history":[{"count":1,"href":"https:\/\/blogdojuniorcavalcanti.com.br\/index.php\/wp-json\/wp\/v2\/posts\/27383\/revisions"}],"predecessor-version":[{"id":27385,"href":"https:\/\/blogdojuniorcavalcanti.com.br\/index.php\/wp-json\/wp\/v2\/posts\/27383\/revisions\/27385"}],"wp:featuredmedia":[{"embeddable":true,"href":"https:\/\/blogdojuniorcavalcanti.com.br\/index.php\/wp-json\/wp\/v2\/media\/27384"}],"wp:attachment":[{"href":"https:\/\/blogdojuniorcavalcanti.com.br\/index.php\/wp-json\/wp\/v2\/media?parent=27383"}],"wp:term":[{"taxonomy":"category","embeddable":true,"href":"https:\/\/blogdojuniorcavalcanti.com.br\/index.php\/wp-json\/wp\/v2\/categories?post=27383"},{"taxonomy":"post_tag","embeddable":true,"href":"https:\/\/blogdojuniorcavalcanti.com.br\/index.php\/wp-json\/wp\/v2\/tags?post=27383"}],"curies":[{"name":"wp","href":"https:\/\/api.w.org\/{rel}","templated":true}]}}