{"id":27558,"date":"2023-08-07T14:09:46","date_gmt":"2023-08-07T17:09:46","guid":{"rendered":"https:\/\/blogdojuniorcavalcanti.com.br\/?p=27558"},"modified":"2023-08-07T14:09:46","modified_gmt":"2023-08-07T17:09:46","slug":"presidente-da-amupe-condena-fala-do-governador-zema","status":"publish","type":"post","link":"https:\/\/blogdojuniorcavalcanti.com.br\/index.php\/2023\/08\/07\/presidente-da-amupe-condena-fala-do-governador-zema\/","title":{"rendered":"Presidente da Amupe condena fala do governador Zema"},"content":{"rendered":"<p style=\"text-align: justify;\"><span style=\"font-size: 14pt; font-family: arial, helvetica, sans-serif;\">A prefeita de Serra Talhada M\u00e1rcia Conrado, presidente da Associa\u00e7\u00e3o Municipalista de Pernambuco \u2013 AMUPE, criticou a fala do governador de Minas Gerais,\u00a0 Romeu Zema.<\/span><\/p>\n<p style=\"text-align: justify;\"><span style=\"font-size: 14pt; font-family: arial, helvetica, sans-serif;\">Ele defendeu uma esp\u00e9cie de guerra entre Estados do Sul e Sudeste contra os do Nordeste e Norte,\u00a0 que seriam mais beneficiados, e chegou a compar\u00e1-los com \u201cuma vaquinha que d\u00e1 menos leite\u201d. A fala foi taxada de preconceituosa e xen\u00f3foba.<\/span><\/p>\n<p style=\"text-align: justify;\"><span style=\"font-size: 14pt; font-family: arial, helvetica, sans-serif;\">\u201cLament\u00e1vel que um governador pregue preconceito com Nordeste, como fez o chefe do Executivo em Minas Gerais, Romeu Zema, ao defender prioridades para regi\u00f5es Sul e Sudeste do Brasil, comparando nossa regi\u00e3o como uma vaquinha que produz pouco\u201d declarou a gestora.<\/span><\/p>\n<p style=\"text-align: justify;\"><span style=\"font-size: 14pt; font-family: arial, helvetica, sans-serif;\">A prefeita defendeu combater as desigualdades sociais com mais pol\u00edticas p\u00fablicas e investimentos. \u201cS\u00f3 assim poderemos ver o nosso pa\u00eds se desenvolver ainda mais\u201d.<\/span><\/p>\n<p style=\"text-align: justify;\"><span style=\"font-size: 14pt; font-family: arial, helvetica, sans-serif;\">M\u00e1rcia conclui que o Nordeste n\u00e3o \u00e9 problema, e sim, solu\u00e7\u00e3o.\u00a0 \u201cAqui temos cultura, gente aguerrida, riquezas naturais e um potencial indescrit\u00edvel\u201d. E conclui: \u201cmais respeito \u00e0 regi\u00e3o.\u00a0 Mais respeito com nosso povo\u201d.<\/span><\/p>\n","protected":false},"excerpt":{"rendered":"<p>A prefeita de Serra Talhada M&aacute;rcia Conrado, presidente da Associa&ccedil;&atilde;o Municipalista de Pernambuco &ndash; AMUPE, criticou a fala do governador de Minas Gerais,&nbsp; Romeu Zema. Ele defendeu uma esp&eacute;cie de guerra entre Estados do Sul e Sudeste contra os do Nordeste e Norte,&nbsp; que seriam mais beneficiados, e chegou a compar&aacute;-los com &ldquo;uma vaquinha que d&aacute; menos leite&rdquo;. A fala foi taxada de preconceituosa e xen&oacute;foba. &ldquo;Lament&aacute;vel que um governador pregue preconceito com Nordeste, como fez o chefe do Executivo em Minas Gerais, Romeu Zema, ao defender prioridades para regi&otilde;es Sul e Sudeste do Brasil, comparando nossa regi&atilde;o como uma &#8230; <\/p>\n<p class=\"read-more-container\"><a title=\"Presidente da Amupe condena fala do governador Zema\" class=\"read-more button\" href=\"https:\/\/blogdojuniorcavalcanti.com.br\/index.php\/2023\/08\/07\/presidente-da-amupe-condena-fala-do-governador-zema\/#more-27558\" aria-label=\"More on Presidente da Amupe condena fala do governador Zema\">Leia mais<\/a><\/p>\n","protected":false},"author":2,"featured_media":27559,"comment_status":"open","ping_status":"open","sticky":false,"template":"","format":"standard","meta":{"footnotes":""},"categories":[25],"tags":[],"class_list":["post-27558","post","type-post","status-publish","format-standard","has-post-thumbnail","hentry","category-destaque","resize-featured-image"],"_links":{"self":[{"href":"https:\/\/blogdojuniorcavalcanti.com.br\/index.php\/wp-json\/wp\/v2\/posts\/27558","targetHints":{"allow":["GET"]}}],"collection":[{"href":"https:\/\/blogdojuniorcavalcanti.com.br\/index.php\/wp-json\/wp\/v2\/posts"}],"about":[{"href":"https:\/\/blogdojuniorcavalcanti.com.br\/index.php\/wp-json\/wp\/v2\/types\/post"}],"author":[{"embeddable":true,"href":"https:\/\/blogdojuniorcavalcanti.com.br\/index.php\/wp-json\/wp\/v2\/users\/2"}],"replies":[{"embeddable":true,"href":"https:\/\/blogdojuniorcavalcanti.com.br\/index.php\/wp-json\/wp\/v2\/comments?post=27558"}],"version-history":[{"count":1,"href":"https:\/\/blogdojuniorcavalcanti.com.br\/index.php\/wp-json\/wp\/v2\/posts\/27558\/revisions"}],"predecessor-version":[{"id":27560,"href":"https:\/\/blogdojuniorcavalcanti.com.br\/index.php\/wp-json\/wp\/v2\/posts\/27558\/revisions\/27560"}],"wp:featuredmedia":[{"embeddable":true,"href":"https:\/\/blogdojuniorcavalcanti.com.br\/index.php\/wp-json\/wp\/v2\/media\/27559"}],"wp:attachment":[{"href":"https:\/\/blogdojuniorcavalcanti.com.br\/index.php\/wp-json\/wp\/v2\/media?parent=27558"}],"wp:term":[{"taxonomy":"category","embeddable":true,"href":"https:\/\/blogdojuniorcavalcanti.com.br\/index.php\/wp-json\/wp\/v2\/categories?post=27558"},{"taxonomy":"post_tag","embeddable":true,"href":"https:\/\/blogdojuniorcavalcanti.com.br\/index.php\/wp-json\/wp\/v2\/tags?post=27558"}],"curies":[{"name":"wp","href":"https:\/\/api.w.org\/{rel}","templated":true}]}}