{"id":27645,"date":"2023-08-12T04:44:21","date_gmt":"2023-08-12T07:44:21","guid":{"rendered":"https:\/\/blogdojuniorcavalcanti.com.br\/?p=27645"},"modified":"2023-08-12T04:44:21","modified_gmt":"2023-08-12T07:44:21","slug":"jose-patriota-celebra-escolha-de-coco-de-roda-do-leitao-da-carapuca-e-de-assisao-como-patrimonios-vivos-de-pernambuco","status":"publish","type":"post","link":"https:\/\/blogdojuniorcavalcanti.com.br\/index.php\/2023\/08\/12\/jose-patriota-celebra-escolha-de-coco-de-roda-do-leitao-da-carapuca-e-de-assisao-como-patrimonios-vivos-de-pernambuco\/","title":{"rendered":"Jos\u00e9 Patriota celebra escolha de Coco de Roda do Leit\u00e3o da Carapu\u00e7a e de Assis\u00e3o como Patrim\u00f4nios Vivos de Pernambuco"},"content":{"rendered":"<p style=\"text-align: justify;\"><span style=\"font-size: 14pt; font-family: arial, helvetica, sans-serif;\">Com a divulga\u00e7\u00e3o de novos Patrim\u00f4nios Vivos de Pernambuco pelo Governo do Estado na quinta-feira (10), o deputado estadual Jos\u00e9 Patriota (PSB) utilizou suas redes sociais para parabenizar os grupos e artistas da regi\u00e3o do Paje\u00fa premiados.\u00a0<\/span><\/p>\n<p style=\"text-align: justify;\"><span style=\"font-size: 14pt; font-family: arial, helvetica, sans-serif;\">O Grupo Coco de Roda Negras e Negros do Leit\u00e3o da Carapu\u00e7a, da zona rural de Afogados da Ingazeira; e o mestre sanfoneiro de Serra Talhada, Assis\u00e3o foram celebrados pelo pol\u00edtico.<\/span><\/p>\n<p style=\"text-align: justify;\"><span style=\"font-size: 14pt; font-family: arial, helvetica, sans-serif;\">\u201cQue alegria ver a arte de nossa regi\u00e3o reconhecida e valorizada por todo o estado. O Paje\u00fa \u00e9 um celeiro cultural. Tanto Assis\u00e3o como o meu querido Coco de Roda do Leit\u00e3o, que acompanhamos h\u00e1 tanto tempo, merecem esse reconhecimento pelos servi\u00e7os prestados para o patrim\u00f4nio cultural de Pernambuco\u201d, exclamou Patriota, que por duas vezes foi prefeito do munic\u00edpio de Afogados da Ingazeira.<\/span><\/p>\n<p style=\"text-align: justify;\"><span style=\"font-size: 14pt; font-family: arial, helvetica, sans-serif;\"><b>Leit\u00e3o da Carapu\u00e7a \u2013<\/b>\u00a0A escolha do grupo Coco de Roda Negras e Negros do Leit\u00e3o da Carapu\u00e7a como Patrim\u00f4nio Vivo de Pernambuco foi fruto de um trabalho da Prefeitura de Afogados da Ingazeira, que elencou os elementos que faziam da representa\u00e7\u00e3o art\u00edstica merecedora dessa honra.<\/span><\/p>\n<p style=\"text-align: justify;\"><span style=\"font-size: 14pt; font-family: arial, helvetica, sans-serif;\">\u201cO grupo \u00e9 formado por mulheres e homens quilombolas que passam sua tradi\u00e7\u00e3o por gera\u00e7\u00f5es. A comunidade j\u00e1 foi palco de grandes momentos da cultura da regi\u00e3o. Como afogadense de cora\u00e7\u00e3o, sinto muito orgulho do reconhecimento em vida que o grupo recebe\u201d, afirma o deputado.<\/span><\/p>\n<p style=\"text-align: justify;\"><span style=\"font-size: 14pt; font-family: arial, helvetica, sans-serif;\">H\u00e1 20 anos, em 2003, a comunidade quilombola Leit\u00e3o da Carapu\u00e7a de Afogados da Ingazeira foi palco do lan\u00e7amento do Programa Arca das Letras, do Governo Federal, no ent\u00e3o primeiro mandato do presidente Lula. Na ocasi\u00e3o, o na \u00e9poca ministro da cultura Gilberto Gil fez uma apresenta\u00e7\u00e3o ao lado do Coco de Roda do Leit\u00e3o.<\/span><\/p>\n","protected":false},"excerpt":{"rendered":"<p>Com a divulga&ccedil;&atilde;o de novos Patrim&ocirc;nios Vivos de Pernambuco pelo Governo do Estado na quinta-feira (10), o deputado estadual Jos&eacute; Patriota (PSB) utilizou suas redes sociais para parabenizar os grupos e artistas da regi&atilde;o do Paje&uacute; premiados.&nbsp; O Grupo Coco de Roda Negras e Negros do Leit&atilde;o da Carapu&ccedil;a, da zona rural de Afogados da Ingazeira; e o mestre sanfoneiro de Serra Talhada, Assis&atilde;o foram celebrados pelo pol&iacute;tico. &ldquo;Que alegria ver a arte de nossa regi&atilde;o reconhecida e valorizada por todo o estado. O Paje&uacute; &eacute; um celeiro cultural. Tanto Assis&atilde;o como o meu querido Coco de Roda do Leit&atilde;o, &#8230; <\/p>\n<p class=\"read-more-container\"><a title=\"Jos\u00e9 Patriota celebra escolha de Coco de Roda do Leit\u00e3o da Carapu\u00e7a e de Assis\u00e3o como Patrim\u00f4nios Vivos de Pernambuco\" class=\"read-more button\" href=\"https:\/\/blogdojuniorcavalcanti.com.br\/index.php\/2023\/08\/12\/jose-patriota-celebra-escolha-de-coco-de-roda-do-leitao-da-carapuca-e-de-assisao-como-patrimonios-vivos-de-pernambuco\/#more-27645\" aria-label=\"More on Jos\u00e9 Patriota celebra escolha de Coco de Roda do Leit\u00e3o da Carapu\u00e7a e de Assis\u00e3o como Patrim\u00f4nios Vivos de Pernambuco\">Leia mais<\/a><\/p>\n","protected":false},"author":2,"featured_media":27646,"comment_status":"open","ping_status":"open","sticky":false,"template":"","format":"standard","meta":{"footnotes":""},"categories":[25],"tags":[],"class_list":["post-27645","post","type-post","status-publish","format-standard","has-post-thumbnail","hentry","category-destaque","resize-featured-image"],"_links":{"self":[{"href":"https:\/\/blogdojuniorcavalcanti.com.br\/index.php\/wp-json\/wp\/v2\/posts\/27645","targetHints":{"allow":["GET"]}}],"collection":[{"href":"https:\/\/blogdojuniorcavalcanti.com.br\/index.php\/wp-json\/wp\/v2\/posts"}],"about":[{"href":"https:\/\/blogdojuniorcavalcanti.com.br\/index.php\/wp-json\/wp\/v2\/types\/post"}],"author":[{"embeddable":true,"href":"https:\/\/blogdojuniorcavalcanti.com.br\/index.php\/wp-json\/wp\/v2\/users\/2"}],"replies":[{"embeddable":true,"href":"https:\/\/blogdojuniorcavalcanti.com.br\/index.php\/wp-json\/wp\/v2\/comments?post=27645"}],"version-history":[{"count":1,"href":"https:\/\/blogdojuniorcavalcanti.com.br\/index.php\/wp-json\/wp\/v2\/posts\/27645\/revisions"}],"predecessor-version":[{"id":27647,"href":"https:\/\/blogdojuniorcavalcanti.com.br\/index.php\/wp-json\/wp\/v2\/posts\/27645\/revisions\/27647"}],"wp:featuredmedia":[{"embeddable":true,"href":"https:\/\/blogdojuniorcavalcanti.com.br\/index.php\/wp-json\/wp\/v2\/media\/27646"}],"wp:attachment":[{"href":"https:\/\/blogdojuniorcavalcanti.com.br\/index.php\/wp-json\/wp\/v2\/media?parent=27645"}],"wp:term":[{"taxonomy":"category","embeddable":true,"href":"https:\/\/blogdojuniorcavalcanti.com.br\/index.php\/wp-json\/wp\/v2\/categories?post=27645"},{"taxonomy":"post_tag","embeddable":true,"href":"https:\/\/blogdojuniorcavalcanti.com.br\/index.php\/wp-json\/wp\/v2\/tags?post=27645"}],"curies":[{"name":"wp","href":"https:\/\/api.w.org\/{rel}","templated":true}]}}