{"id":27902,"date":"2023-08-24T04:44:05","date_gmt":"2023-08-24T07:44:05","guid":{"rendered":"https:\/\/blogdojuniorcavalcanti.com.br\/?p=27902"},"modified":"2023-08-24T04:44:05","modified_gmt":"2023-08-24T07:44:05","slug":"nova-sinalizacao-de-transito-e-instalada-pela-gestao-marcia-conrado","status":"publish","type":"post","link":"https:\/\/blogdojuniorcavalcanti.com.br\/index.php\/2023\/08\/24\/nova-sinalizacao-de-transito-e-instalada-pela-gestao-marcia-conrado\/","title":{"rendered":"Nova sinaliza\u00e7\u00e3o de tr\u00e2nsito \u00e9 instalada pela gest\u00e3o M\u00e1rcia Conrado"},"content":{"rendered":"<p style=\"text-align: justify;\"><span style=\"font-size: 14pt;\"><img fetchpriority=\"high\" decoding=\"async\" class=\"alignleft wp-image-265219 jetpack-lazy-image jetpack-lazy-image--handled\" src=\"https:\/\/i1.wp.com\/nilljunior.com.br\/wp-content\/uploads\/2023\/08\/sinaliza%C3%A7%C3%A3o-serra.png?resize=400%2C222&amp;ssl=1\" sizes=\"(max-width: 400px) 100vw, 400px\" srcset=\"https:\/\/i1.wp.com\/nilljunior.com.br\/wp-content\/uploads\/2023\/08\/sinaliza\u00e7\u00e3o-serra.png?w=671&amp;ssl=1 671w, https:\/\/i1.wp.com\/nilljunior.com.br\/wp-content\/uploads\/2023\/08\/sinaliza\u00e7\u00e3o-serra.png?resize=300%2C167&amp;ssl=1 300w, https:\/\/i1.wp.com\/nilljunior.com.br\/wp-content\/uploads\/2023\/08\/sinaliza\u00e7\u00e3o-serra.png?resize=600%2C334&amp;ssl=1 600w\" alt=\"\" width=\"400\" height=\"222\" data-attachment-id=\"265219\" data-permalink=\"https:\/\/nilljunior.com.br\/nova-sinalizacao-de-transito-e-instalada-pela-gestao-marcia-conrado\/sinalizacao-serra\/\" data-orig-file=\"https:\/\/i1.wp.com\/nilljunior.com.br\/wp-content\/uploads\/2023\/08\/sinaliza\u00e7\u00e3o-serra.png?fit=671%2C373&amp;ssl=1\" data-orig-size=\"671,373\" data-comments-opened=\"1\" data-image-meta=\"{&quot;aperture&quot;:&quot;0&quot;,&quot;credit&quot;:&quot;&quot;,&quot;camera&quot;:&quot;&quot;,&quot;caption&quot;:&quot;&quot;,&quot;created_timestamp&quot;:&quot;0&quot;,&quot;copyright&quot;:&quot;&quot;,&quot;focal_length&quot;:&quot;0&quot;,&quot;iso&quot;:&quot;0&quot;,&quot;shutter_speed&quot;:&quot;0&quot;,&quot;title&quot;:&quot;&quot;,&quot;orientation&quot;:&quot;0&quot;}\" data-image-title=\"sinaliza\u00e7\u00e3o serra\" data-image-description=\"\" data-medium-file=\"https:\/\/i1.wp.com\/nilljunior.com.br\/wp-content\/uploads\/2023\/08\/sinaliza\u00e7\u00e3o-serra.png?fit=300%2C167&amp;ssl=1\" data-large-file=\"https:\/\/i1.wp.com\/nilljunior.com.br\/wp-content\/uploads\/2023\/08\/sinaliza\u00e7\u00e3o-serra.png?fit=600%2C334&amp;ssl=1\" data-recalc-dims=\"1\" data-lazy-loaded=\"1\" \/><span style=\"font-family: arial, helvetica, sans-serif;\">A Superintend\u00eancia de Tr\u00e2nsito e Transportes (STTRANS) de Serra Talhada est\u00e1 intensificando a sinaliza\u00e7\u00e3o horizontal nas vias do munic\u00edpio.<\/span><\/span><\/p>\n<p style=\"text-align: justify;\"><span style=\"font-size: 14pt; font-family: arial, helvetica, sans-serif;\">Com o objetivo de proporcionar mais seguran\u00e7a aos pedestres e motoristas, a Prefeitura da cidade iniciou o processo de amplia\u00e7\u00e3o das pinturas, beneficiando os bairros do Vila Bela, Bom Jesus, Concei\u00e7\u00e3o, S\u00e3o Crist\u00f3v\u00e3o, Ipsep, al\u00e9m do Centro Comercial.<\/span><\/p>\n<p style=\"text-align: justify;\"><span style=\"font-size: 14pt; font-family: arial, helvetica, sans-serif;\">A iniciativa tem um investimento de quase R$ 150 mil com recursos pr\u00f3prio e v\u00e3o somar 4.200 metros quadrados de pintura. Superintendente Transportes e Tr\u00e2nsito de Serra Talhada, C\u00e9lio Antunes, explica que esse tipo de sinaliza\u00e7\u00e3o vi\u00e1ria se caracteriza por utilizar linhas, marca\u00e7\u00f5es, s\u00edmbolos e legendas, pintados ou apostos sobre o pavimento das vias.<\/span><\/p>\n<p style=\"text-align: justify;\"><span style=\"font-size: 14pt; font-family: arial, helvetica, sans-serif;\">\u201cEla tem como fun\u00e7\u00e3o organizar o fluxo de ve\u00edculos e pedestres, controlar e orientar os deslocamentos em situa\u00e7\u00f5es com problemas de geometria, topografia ou frente a obst\u00e1culos, e complementar os sinais verticais de regulamenta\u00e7\u00e3o, advert\u00eancia ou indica\u00e7\u00e3o\u201d, destacou.<\/span><\/p>\n<p style=\"text-align: justify;\"><span style=\"font-size: 14pt; font-family: arial, helvetica, sans-serif;\">A a\u00e7\u00e3o visa promover medidas de preven\u00e7\u00e3o de acidentes e prote\u00e7\u00e3o \u00e0 sociedade, como destaca a prefeita M\u00e1rcia Conrado. \u201cTemos feito um conjunto de medidas com o objetivo de proporcionar maior seguran\u00e7a a pedestres, ciclistas e motoristas. Uma delas j\u00e1 trouxe a redu\u00e7\u00e3o de acidentes, que foi a instala\u00e7\u00e3o de uma central de monitoramento. E, dentro desse conjunto de a\u00e7\u00f5es, tamb\u00e9m temos a melhoria de nossas sinaliza\u00e7\u00f5es, que j\u00e1 demos in\u00edcio. Tamb\u00e9m temos promovido muitas campanhas educativas para crian\u00e7as, adolescentes e idosos com o objetivo de preven\u00e7\u00e3o\u201d, afirmou a prefeita.<\/span><\/p>\n","protected":false},"excerpt":{"rendered":"<p>A Superintend&ecirc;ncia de Tr&acirc;nsito e Transportes (STTRANS) de Serra Talhada est&aacute; intensificando a sinaliza&ccedil;&atilde;o horizontal nas vias do munic&iacute;pio. Com o objetivo de proporcionar mais seguran&ccedil;a aos pedestres e motoristas, a Prefeitura da cidade iniciou o processo de amplia&ccedil;&atilde;o das pinturas, beneficiando os bairros do Vila Bela, Bom Jesus, Concei&ccedil;&atilde;o, S&atilde;o Crist&oacute;v&atilde;o, Ipsep, al&eacute;m do Centro Comercial. A iniciativa tem um investimento de quase R$ 150 mil com recursos pr&oacute;prio e v&atilde;o somar 4.200 metros quadrados de pintura. Superintendente Transportes e Tr&acirc;nsito de Serra Talhada, C&eacute;lio Antunes, explica que esse tipo de sinaliza&ccedil;&atilde;o vi&aacute;ria se caracteriza por utilizar linhas, marca&ccedil;&otilde;es, &#8230; <\/p>\n<p class=\"read-more-container\"><a title=\"Nova sinaliza\u00e7\u00e3o de tr\u00e2nsito \u00e9 instalada pela gest\u00e3o M\u00e1rcia Conrado\" class=\"read-more button\" href=\"https:\/\/blogdojuniorcavalcanti.com.br\/index.php\/2023\/08\/24\/nova-sinalizacao-de-transito-e-instalada-pela-gestao-marcia-conrado\/#more-27902\" aria-label=\"More on Nova sinaliza\u00e7\u00e3o de tr\u00e2nsito \u00e9 instalada pela gest\u00e3o M\u00e1rcia Conrado\">Leia mais<\/a><\/p>\n","protected":false},"author":2,"featured_media":0,"comment_status":"open","ping_status":"open","sticky":false,"template":"","format":"standard","meta":{"footnotes":""},"categories":[26],"tags":[],"class_list":["post-27902","post","type-post","status-publish","format-standard","hentry","category-noticias"],"_links":{"self":[{"href":"https:\/\/blogdojuniorcavalcanti.com.br\/index.php\/wp-json\/wp\/v2\/posts\/27902","targetHints":{"allow":["GET"]}}],"collection":[{"href":"https:\/\/blogdojuniorcavalcanti.com.br\/index.php\/wp-json\/wp\/v2\/posts"}],"about":[{"href":"https:\/\/blogdojuniorcavalcanti.com.br\/index.php\/wp-json\/wp\/v2\/types\/post"}],"author":[{"embeddable":true,"href":"https:\/\/blogdojuniorcavalcanti.com.br\/index.php\/wp-json\/wp\/v2\/users\/2"}],"replies":[{"embeddable":true,"href":"https:\/\/blogdojuniorcavalcanti.com.br\/index.php\/wp-json\/wp\/v2\/comments?post=27902"}],"version-history":[{"count":1,"href":"https:\/\/blogdojuniorcavalcanti.com.br\/index.php\/wp-json\/wp\/v2\/posts\/27902\/revisions"}],"predecessor-version":[{"id":27903,"href":"https:\/\/blogdojuniorcavalcanti.com.br\/index.php\/wp-json\/wp\/v2\/posts\/27902\/revisions\/27903"}],"wp:attachment":[{"href":"https:\/\/blogdojuniorcavalcanti.com.br\/index.php\/wp-json\/wp\/v2\/media?parent=27902"}],"wp:term":[{"taxonomy":"category","embeddable":true,"href":"https:\/\/blogdojuniorcavalcanti.com.br\/index.php\/wp-json\/wp\/v2\/categories?post=27902"},{"taxonomy":"post_tag","embeddable":true,"href":"https:\/\/blogdojuniorcavalcanti.com.br\/index.php\/wp-json\/wp\/v2\/tags?post=27902"}],"curies":[{"name":"wp","href":"https:\/\/api.w.org\/{rel}","templated":true}]}}