{"id":27985,"date":"2023-08-28T04:52:02","date_gmt":"2023-08-28T07:52:02","guid":{"rendered":"https:\/\/blogdojuniorcavalcanti.com.br\/?p=27985"},"modified":"2023-08-28T04:52:02","modified_gmt":"2023-08-28T07:52:02","slug":"prefeitura-de-carnaiba-promove-formacao-em-auriculoterapia-para-profissionais-da-atencao-primaria-a-saude","status":"publish","type":"post","link":"https:\/\/blogdojuniorcavalcanti.com.br\/index.php\/2023\/08\/28\/prefeitura-de-carnaiba-promove-formacao-em-auriculoterapia-para-profissionais-da-atencao-primaria-a-saude\/","title":{"rendered":"Prefeitura de Carna\u00edba promove forma\u00e7\u00e3o em Auriculoterapia para profissionais da Aten\u00e7\u00e3o Prim\u00e1ria \u00e0 Sa\u00fade"},"content":{"rendered":"<p style=\"text-align: justify;\"><span style=\"font-size: 14pt; font-family: arial, helvetica, sans-serif;\"><img fetchpriority=\"high\" decoding=\"async\" class=\"wp-image-141221 alignleft\" src=\"https:\/\/penoticias.com.br\/blog\/wp-content\/uploads\/2023\/08\/aa-53.jpg\" sizes=\"(max-width: 559px) 100vw, 559px\" srcset=\"https:\/\/penoticias.com.br\/blog\/wp-content\/uploads\/2023\/08\/aa-53.jpg 442w, https:\/\/penoticias.com.br\/blog\/wp-content\/uploads\/2023\/08\/aa-53-283x300.jpg 283w\" alt=\"\" width=\"404\" height=\"428\" \/><\/span><\/p>\n<p style=\"text-align: justify;\"><span style=\"font-size: 14pt; font-family: arial, helvetica, sans-serif;\">A Prefeitura de Carna\u00edba, atrav\u00e9s da Secretaria Municipal de Sa\u00fade promoveu, neste m\u00eas de agosto, forma\u00e7\u00e3o em Auriculoterapia para profissionais da Aten\u00e7\u00e3o Prim\u00e1ria \u00e0 Sa\u00fade, CAPS, NASF, Academia da Sa\u00fade e Centro de Reabilita\u00e7\u00e3o Dr. Jos\u00e9 Leite.<\/span><\/p>\n<p style=\"text-align: justify;\"><span style=\"font-size: 14pt; font-family: arial, helvetica, sans-serif;\">A forma\u00e7\u00e3o engloba uma das Pr\u00e1ticas Integrativas e Complementares (PIC), a qual vem somar na qualifica\u00e7\u00e3o da oferta de sa\u00fade no munic\u00edpio.<\/span><\/p>\n<p style=\"text-align: justify;\"><span style=\"font-size: 14pt; font-family: arial, helvetica, sans-serif;\">A pr\u00e1tica de Auriculoterapia \u00e9 inspirada em uma ci\u00eancia milenar chinesa, que vem sendo importante aliada da medicina brasileira, comprovada no al\u00edvio das dores f\u00edsicas e mentais, al\u00e9m de estimular a diminui\u00e7\u00e3o do uso de medicamentos.<\/span><\/p>\n<p style=\"text-align: justify;\"><span style=\"font-size: 14pt; font-family: arial, helvetica, sans-serif;\">Esse novo servi\u00e7o ser\u00e1 ofertado a popula\u00e7\u00e3o pelos servi\u00e7os de sa\u00fade do munic\u00edpio atrav\u00e9s de a\u00e7\u00f5es coletivas ou individuais.<\/span><\/p>\n","protected":false},"excerpt":{"rendered":"<p>A Prefeitura de Carna&iacute;ba, atrav&eacute;s da Secretaria Municipal de Sa&uacute;de promoveu, neste m&ecirc;s de agosto, forma&ccedil;&atilde;o em Auriculoterapia para profissionais da Aten&ccedil;&atilde;o Prim&aacute;ria &agrave; Sa&uacute;de, CAPS, NASF, Academia da Sa&uacute;de e Centro de Reabilita&ccedil;&atilde;o Dr. Jos&eacute; Leite. A forma&ccedil;&atilde;o engloba uma das Pr&aacute;ticas Integrativas e Complementares (PIC), a qual vem somar na qualifica&ccedil;&atilde;o da oferta de sa&uacute;de no munic&iacute;pio. A pr&aacute;tica de Auriculoterapia &eacute; inspirada em uma ci&ecirc;ncia milenar chinesa, que vem sendo importante aliada da medicina brasileira, comprovada no al&iacute;vio das dores f&iacute;sicas e mentais, al&eacute;m de estimular a diminui&ccedil;&atilde;o do uso de medicamentos. Esse novo servi&ccedil;o ser&aacute; ofertado &#8230; <\/p>\n<p class=\"read-more-container\"><a title=\"Prefeitura de Carna\u00edba promove forma\u00e7\u00e3o em Auriculoterapia para profissionais da Aten\u00e7\u00e3o Prim\u00e1ria \u00e0 Sa\u00fade\" class=\"read-more button\" href=\"https:\/\/blogdojuniorcavalcanti.com.br\/index.php\/2023\/08\/28\/prefeitura-de-carnaiba-promove-formacao-em-auriculoterapia-para-profissionais-da-atencao-primaria-a-saude\/#more-27985\" aria-label=\"More on Prefeitura de Carna\u00edba promove forma\u00e7\u00e3o em Auriculoterapia para profissionais da Aten\u00e7\u00e3o Prim\u00e1ria \u00e0 Sa\u00fade\">Leia mais<\/a><\/p>\n","protected":false},"author":2,"featured_media":0,"comment_status":"open","ping_status":"open","sticky":false,"template":"","format":"standard","meta":{"footnotes":""},"categories":[26],"tags":[],"class_list":["post-27985","post","type-post","status-publish","format-standard","hentry","category-noticias"],"_links":{"self":[{"href":"https:\/\/blogdojuniorcavalcanti.com.br\/index.php\/wp-json\/wp\/v2\/posts\/27985","targetHints":{"allow":["GET"]}}],"collection":[{"href":"https:\/\/blogdojuniorcavalcanti.com.br\/index.php\/wp-json\/wp\/v2\/posts"}],"about":[{"href":"https:\/\/blogdojuniorcavalcanti.com.br\/index.php\/wp-json\/wp\/v2\/types\/post"}],"author":[{"embeddable":true,"href":"https:\/\/blogdojuniorcavalcanti.com.br\/index.php\/wp-json\/wp\/v2\/users\/2"}],"replies":[{"embeddable":true,"href":"https:\/\/blogdojuniorcavalcanti.com.br\/index.php\/wp-json\/wp\/v2\/comments?post=27985"}],"version-history":[{"count":1,"href":"https:\/\/blogdojuniorcavalcanti.com.br\/index.php\/wp-json\/wp\/v2\/posts\/27985\/revisions"}],"predecessor-version":[{"id":27986,"href":"https:\/\/blogdojuniorcavalcanti.com.br\/index.php\/wp-json\/wp\/v2\/posts\/27985\/revisions\/27986"}],"wp:attachment":[{"href":"https:\/\/blogdojuniorcavalcanti.com.br\/index.php\/wp-json\/wp\/v2\/media?parent=27985"}],"wp:term":[{"taxonomy":"category","embeddable":true,"href":"https:\/\/blogdojuniorcavalcanti.com.br\/index.php\/wp-json\/wp\/v2\/categories?post=27985"},{"taxonomy":"post_tag","embeddable":true,"href":"https:\/\/blogdojuniorcavalcanti.com.br\/index.php\/wp-json\/wp\/v2\/tags?post=27985"}],"curies":[{"name":"wp","href":"https:\/\/api.w.org\/{rel}","templated":true}]}}