{"id":28165,"date":"2023-09-06T04:53:46","date_gmt":"2023-09-06T07:53:46","guid":{"rendered":"https:\/\/blogdojuniorcavalcanti.com.br\/?p=28165"},"modified":"2023-09-06T04:53:46","modified_gmt":"2023-09-06T07:53:46","slug":"zeinha-torres-destaca-premios-em-cerimonia-do-idepe-regional","status":"publish","type":"post","link":"https:\/\/blogdojuniorcavalcanti.com.br\/index.php\/2023\/09\/06\/zeinha-torres-destaca-premios-em-cerimonia-do-idepe-regional\/","title":{"rendered":"Zeinha Torres destaca pr\u00eamios em cerim\u00f4nia do IDEPE Regional"},"content":{"rendered":"<p style=\"text-align: justify;\"><span style=\"font-size: 14pt;\"><strong><img fetchpriority=\"high\" decoding=\"async\" class=\"alignleft wp-image-266192 jetpack-lazy-image jetpack-lazy-image--handled\" src=\"https:\/\/i0.wp.com\/nilljunior.com.br\/wp-content\/uploads\/2023\/09\/ZeinhaTorres-05-09-23.jpeg?resize=400%2C348&amp;ssl=1\" sizes=\"(max-width: 400px) 100vw, 400px\" srcset=\"https:\/\/i0.wp.com\/nilljunior.com.br\/wp-content\/uploads\/2023\/09\/ZeinhaTorres-05-09-23.jpeg?w=1024&amp;ssl=1 1024w, https:\/\/i0.wp.com\/nilljunior.com.br\/wp-content\/uploads\/2023\/09\/ZeinhaTorres-05-09-23.jpeg?resize=288%2C250&amp;ssl=1 288w, https:\/\/i0.wp.com\/nilljunior.com.br\/wp-content\/uploads\/2023\/09\/ZeinhaTorres-05-09-23.jpeg?resize=768%2C668&amp;ssl=1 768w, https:\/\/i0.wp.com\/nilljunior.com.br\/wp-content\/uploads\/2023\/09\/ZeinhaTorres-05-09-23.jpeg?resize=460%2C400&amp;ssl=1 460w\" alt=\"\" width=\"400\" height=\"348\" data-attachment-id=\"266192\" data-permalink=\"https:\/\/nilljunior.com.br\/zeinha-torres-destaca-premios-em-cerimonia-do-idepe-regional\/zeinhatorres-05-09-23\/\" data-orig-file=\"https:\/\/i0.wp.com\/nilljunior.com.br\/wp-content\/uploads\/2023\/09\/ZeinhaTorres-05-09-23.jpeg?fit=1024%2C890&amp;ssl=1\" data-orig-size=\"1024,890\" data-comments-opened=\"1\" data-image-meta=\"{&quot;aperture&quot;:&quot;0&quot;,&quot;credit&quot;:&quot;&quot;,&quot;camera&quot;:&quot;&quot;,&quot;caption&quot;:&quot;&quot;,&quot;created_timestamp&quot;:&quot;0&quot;,&quot;copyright&quot;:&quot;&quot;,&quot;focal_length&quot;:&quot;0&quot;,&quot;iso&quot;:&quot;0&quot;,&quot;shutter_speed&quot;:&quot;0&quot;,&quot;title&quot;:&quot;&quot;,&quot;orientation&quot;:&quot;0&quot;}\" data-image-title=\"ZeinhaTorres-05-09-23\" data-image-description=\"\" data-medium-file=\"https:\/\/i0.wp.com\/nilljunior.com.br\/wp-content\/uploads\/2023\/09\/ZeinhaTorres-05-09-23.jpeg?fit=288%2C250&amp;ssl=1\" data-large-file=\"https:\/\/i0.wp.com\/nilljunior.com.br\/wp-content\/uploads\/2023\/09\/ZeinhaTorres-05-09-23.jpeg?fit=460%2C400&amp;ssl=1\" data-recalc-dims=\"1\" data-lazy-loaded=\"1\" \/><span style=\"font-family: arial, helvetica, sans-serif;\">Por Andr\u00e9 Luis<\/span><\/strong><\/span><\/p>\n<p style=\"text-align: justify;\"><span style=\"font-size: 14pt; font-family: arial, helvetica, sans-serif;\">Na manh\u00e3 desta ter\u00e7a-feira (5), o prefeito de Iguaracy, Zeinha Torres (PSB), juntamente com a secret\u00e1ria de Educa\u00e7\u00e3o e Esportes, Rita de Cassia, e a secret\u00e1ria de Finan\u00e7as, Ligia Torres, participou da Cerim\u00f4nia de Premia\u00e7\u00e3o IDEPE da GRE-Sert\u00e3o do Alto Paje\u00fa, realizada na cidade de Afogados da Ingazeira.<\/span><\/p>\n<p style=\"text-align: justify;\"><span style=\"font-size: 14pt; font-family: arial, helvetica, sans-serif;\">Zeinha compartilhou sua satisfa\u00e7\u00e3o nas redes sociais, anunciando a conquista de seis pr\u00eamios no IDEPE Regional. Os pr\u00eamios incluem:<\/span><\/p>\n<p style=\"text-align: justify;\"><span style=\"font-size: 14pt; font-family: arial, helvetica, sans-serif;\">Primeiro Lugar Regional \u2013 Ensino Fundamental \u2013 Anos Finais;<\/span><\/p>\n<p style=\"text-align: justify;\"><span style=\"font-size: 14pt; font-family: arial, helvetica, sans-serif;\">Segundo Lugar Regional \u2013 Ensino Fundamental \u2013 Anos Iniciais;<\/span><\/p>\n<p style=\"text-align: justify;\"><span style=\"font-size: 14pt; font-family: arial, helvetica, sans-serif;\">Crescimento Regional \u2013 Ensino Fundamental \u2013 Anos Finais;<\/span><\/p>\n<p style=\"text-align: justify;\"><span style=\"font-size: 14pt; font-family: arial, helvetica, sans-serif;\">Crescimento Regional \u2013 Ensino Fundamental \u2013 Anos Iniciais;<\/span><\/p>\n<p style=\"text-align: justify;\"><span style=\"font-size: 14pt; font-family: arial, helvetica, sans-serif;\">Profici\u00eancia Padr\u00e3o de Desempenho Desej\u00e1vel em Matem\u00e1tica;<\/span><\/p>\n<p style=\"text-align: justify;\"><span style=\"font-size: 14pt; font-family: arial, helvetica, sans-serif;\">Profici\u00eancia Padr\u00e3o de Desempenho Desej\u00e1vel em L\u00edngua Portuguesa.<\/span><\/p>\n<p style=\"text-align: justify;\"><span style=\"font-size: 14pt; font-family: arial, helvetica, sans-serif;\">O prefeito expressou seu reconhecimento a toda a equipe envolvida, com um agradecimento especial \u00e0 Secretaria de Educa\u00e7\u00e3o e Esportes. Ele destacou que esses pr\u00eamios s\u00e3o o resultado do \u00e1rduo trabalho de todos os envolvidos na \u00e1rea da educa\u00e7\u00e3o de Iguaracy.<\/span><\/p>\n<p style=\"text-align: justify;\"><span style=\"font-size: 14pt; font-family: arial, helvetica, sans-serif;\">Zeinha Torres tamb\u00e9m parabenizou as escolas estaduais do munic\u00edpio, o EREM Rosete e a Escola Estadual Joaquim Alves de Freitas, que tamb\u00e9m foram agraciadas com pr\u00eamios na cerim\u00f4nia do IDEPE Regional.<\/span><\/p>\n","protected":false},"excerpt":{"rendered":"<p>Por Andr&eacute; Luis Na manh&atilde; desta ter&ccedil;a-feira (5), o prefeito de Iguaracy, Zeinha Torres (PSB), juntamente com a secret&aacute;ria de Educa&ccedil;&atilde;o e Esportes, Rita de Cassia, e a secret&aacute;ria de Finan&ccedil;as, Ligia Torres, participou da Cerim&ocirc;nia de Premia&ccedil;&atilde;o IDEPE da GRE-Sert&atilde;o do Alto Paje&uacute;, realizada na cidade de Afogados da Ingazeira. Zeinha compartilhou sua satisfa&ccedil;&atilde;o nas redes sociais, anunciando a conquista de seis pr&ecirc;mios no IDEPE Regional. Os pr&ecirc;mios incluem: Primeiro Lugar Regional &ndash; Ensino Fundamental &ndash; Anos Finais; Segundo Lugar Regional &ndash; Ensino Fundamental &ndash; Anos Iniciais; Crescimento Regional &ndash; Ensino Fundamental &ndash; Anos Finais; Crescimento Regional &ndash; Ensino &#8230; <\/p>\n<p class=\"read-more-container\"><a title=\"Zeinha Torres destaca pr\u00eamios em cerim\u00f4nia do IDEPE Regional\" class=\"read-more button\" href=\"https:\/\/blogdojuniorcavalcanti.com.br\/index.php\/2023\/09\/06\/zeinha-torres-destaca-premios-em-cerimonia-do-idepe-regional\/#more-28165\" aria-label=\"More on Zeinha Torres destaca pr\u00eamios em cerim\u00f4nia do IDEPE Regional\">Leia mais<\/a><\/p>\n","protected":false},"author":2,"featured_media":0,"comment_status":"open","ping_status":"open","sticky":false,"template":"","format":"standard","meta":{"footnotes":""},"categories":[26],"tags":[],"class_list":["post-28165","post","type-post","status-publish","format-standard","hentry","category-noticias"],"_links":{"self":[{"href":"https:\/\/blogdojuniorcavalcanti.com.br\/index.php\/wp-json\/wp\/v2\/posts\/28165","targetHints":{"allow":["GET"]}}],"collection":[{"href":"https:\/\/blogdojuniorcavalcanti.com.br\/index.php\/wp-json\/wp\/v2\/posts"}],"about":[{"href":"https:\/\/blogdojuniorcavalcanti.com.br\/index.php\/wp-json\/wp\/v2\/types\/post"}],"author":[{"embeddable":true,"href":"https:\/\/blogdojuniorcavalcanti.com.br\/index.php\/wp-json\/wp\/v2\/users\/2"}],"replies":[{"embeddable":true,"href":"https:\/\/blogdojuniorcavalcanti.com.br\/index.php\/wp-json\/wp\/v2\/comments?post=28165"}],"version-history":[{"count":1,"href":"https:\/\/blogdojuniorcavalcanti.com.br\/index.php\/wp-json\/wp\/v2\/posts\/28165\/revisions"}],"predecessor-version":[{"id":28166,"href":"https:\/\/blogdojuniorcavalcanti.com.br\/index.php\/wp-json\/wp\/v2\/posts\/28165\/revisions\/28166"}],"wp:attachment":[{"href":"https:\/\/blogdojuniorcavalcanti.com.br\/index.php\/wp-json\/wp\/v2\/media?parent=28165"}],"wp:term":[{"taxonomy":"category","embeddable":true,"href":"https:\/\/blogdojuniorcavalcanti.com.br\/index.php\/wp-json\/wp\/v2\/categories?post=28165"},{"taxonomy":"post_tag","embeddable":true,"href":"https:\/\/blogdojuniorcavalcanti.com.br\/index.php\/wp-json\/wp\/v2\/tags?post=28165"}],"curies":[{"name":"wp","href":"https:\/\/api.w.org\/{rel}","templated":true}]}}