{"id":28208,"date":"2023-09-08T04:39:27","date_gmt":"2023-09-08T07:39:27","guid":{"rendered":"https:\/\/blogdojuniorcavalcanti.com.br\/?p=28208"},"modified":"2023-09-08T04:39:27","modified_gmt":"2023-09-08T07:39:27","slug":"afogados-sandrinho-palmeira-comandou-a-cerimonia-de-hasteamento-dos-pavilhoes","status":"publish","type":"post","link":"https:\/\/blogdojuniorcavalcanti.com.br\/index.php\/2023\/09\/08\/afogados-sandrinho-palmeira-comandou-a-cerimonia-de-hasteamento-dos-pavilhoes\/","title":{"rendered":"Afogados: Sandrinho Palmeira comandou a cerim\u00f4nia de hasteamento dos pavilh\u00f5es"},"content":{"rendered":"<p style=\"text-align: justify;\"><span style=\"font-size: 14pt; font-family: arial, helvetica, sans-serif;\"><em><strong>7 de Setembro ainda teve o tradicional desfile dos vaqueiros\u00a0<\/strong><\/em><\/span><\/p>\n<p style=\"text-align: justify;\"><span style=\"font-size: 14pt; font-family: arial, helvetica, sans-serif;\">O Prefeito Sandrinho Palmeira comandou a cerim\u00f4nia de hasteamento dos pavilh\u00f5es, em frente \u00e0 catedral do Senhor Bom Jesus dos Rem\u00e9dios. A execu\u00e7\u00e3o dos hinos ficou por conta da Banda municipal Bernardo Delvanir Ferreira. Presen\u00e7as do Tiro de guerra Guarda civil municipal e representantes do corpo de bombeiros militar e da Pol\u00edcia Militar.<\/span><\/p>\n<p style=\"text-align: justify;\"><span style=\"font-size: 14pt; font-family: arial, helvetica, sans-serif;\">O Prefeito Sandrinho Palmeira esteve acompanhado do vice-prefeito, Daniel Valadares, secret\u00e1rios municipais, dos vereadores Agnaldo Rodrigues, Gal Mariano, Raimundo Lima, Toinho da Ponte, Cicero Miguel e do Presidente da C\u00e2mara, Rubinho do S\u00e3o Jo\u00e3o.<\/span><\/p>\n<p style=\"text-align: justify;\"><span style=\"font-size: 14pt; font-family: arial, helvetica, sans-serif;\">\u201cEsse \u00e9 um dia muito importante para a nossa na\u00e7\u00e3o, em especial para o povo Pernambucano, com longa tradi\u00e7\u00e3o de lutas. Quando a gente fala de independ\u00eancia, a gente n\u00e3o pode deixar de citar a independ\u00eancia econ\u00f4mica, e de governan\u00e7a. Fico feliz em poder celebrar a volta das pol\u00edticas sociais, das pol\u00edticas p\u00fablicas direcionadas \u00e0 assist\u00eancia social, ao pequeno agricultor, por parte do governo federal. Quero reafirmar que, apesar das dificuldades, n\u00f3s iremos manter nosso calend\u00e1rio de entregas e inaugura\u00e7\u00f5es de obras,\u201d destacou Sandrinho Palmeira.<\/span><\/p>\n<p style=\"text-align: justify;\"><span style=\"font-size: 14pt; font-family: arial, helvetica, sans-serif;\"><strong><img decoding=\"async\" class=\"alignleft\" src=\"https:\/\/i2.wp.com\/nilljunior.com.br\/wp-content\/uploads\/2023\/09\/Desfile-Vaqueiros-Afogados-07-09-23.jpeg?resize=400%2C600&amp;ssl=1\" \/>Desfile dos Vaqueiros \u2013<\/strong>\u00a0Pelo 35\u00ba ano os vaqueiros tomaram conta das ruas de Afogados em um desfile que celebra um dos elementos mais fortes da cultura e da tradi\u00e7\u00e3o nordestina.<\/span><\/p>\n<p style=\"text-align: justify;\"><span style=\"font-size: 14pt; font-family: arial, helvetica, sans-serif;\">Concentrados desde cedo no centro desportivo municipal, os vaqueiros sa\u00edram em desfile por volta das 10h, empunhando as bandeiras do Brasil, de Pernambuco e de Afogados, percorrendo as principais ruas da cidade.\u00a0<\/span><\/p>\n<p style=\"text-align: justify;\"><span style=\"font-size: 14pt; font-family: arial, helvetica, sans-serif;\">Na volta ao centro, al\u00e9m do almo\u00e7o ofertado pela Prefeitura, eles participaram da cerim\u00f4nia de homenagens e premia\u00e7\u00f5es, coordenada pela Secretaria de Cultura e Esportes.\u00a0<\/span><\/p>\n<p style=\"text-align: justify;\"><span style=\"font-size: 14pt; font-family: arial, helvetica, sans-serif;\">Foram homenageados o vaqueiro mais original: Ant\u00f4nio Fernando Vidal 67 anos; o Vaqueiro mais velho: Apolonio Alves, 83 anos; o Vaqueiro mais novo: Luan Heitor, 2 ano; o Vaqueiro encourado mais novo: Luiz Heitor Sales, 4 anos; Vaqueiro encourado mais Velho: Ant\u00f4nio Pedro Sobrinho, 78 anos, dentre outros. Homenagem tamb\u00e9m a Vicente de Paula, organizador do desfile. Acompanhado do Secret\u00e1rio de Cultura, Augusto Martins, e representando o Prefeito Alessandro Palmeira, o vice-prefeito Daniel Valadares destacou a import\u00e2ncia do evento. \u201cEssa \u00e9 uma tradi\u00e7\u00e3o de mais de tr\u00eas d\u00e9cadas, e que vem fortalecer e enaltecer essa figura t\u00e3o importante para a nossa cultura, para a nossa economia, que \u00e9 o vaqueiro,\u201d finalizou Daniel.\u00a0<\/span><\/p>\n<div class=\"sharedaddy sd-sharing-enabled\">\n<div class=\"robots-nocontent sd-block sd-social sd-social-icon sd-sharing\">\n<h3 class=\"sd-title\" style=\"text-align: justify;\"><\/h3>\n<\/div>\n<\/div>\n","protected":false},"excerpt":{"rendered":"<p>7 de Setembro ainda teve o tradicional desfile dos vaqueiros&nbsp; O Prefeito Sandrinho Palmeira comandou a cerim&ocirc;nia de hasteamento dos pavilh&otilde;es, em frente &agrave; catedral do Senhor Bom Jesus dos Rem&eacute;dios. A execu&ccedil;&atilde;o dos hinos ficou por conta da Banda municipal Bernardo Delvanir Ferreira. Presen&ccedil;as do Tiro de guerra Guarda civil municipal e representantes do corpo de bombeiros militar e da Pol&iacute;cia Militar. O Prefeito Sandrinho Palmeira esteve acompanhado do vice-prefeito, Daniel Valadares, secret&aacute;rios municipais, dos vereadores Agnaldo Rodrigues, Gal Mariano, Raimundo Lima, Toinho da Ponte, Cicero Miguel e do Presidente da C&acirc;mara, Rubinho do S&atilde;o Jo&atilde;o. &ldquo;Esse &eacute; um &#8230; <\/p>\n<p class=\"read-more-container\"><a title=\"Afogados: Sandrinho Palmeira comandou a cerim\u00f4nia de hasteamento dos pavilh\u00f5es\" class=\"read-more button\" href=\"https:\/\/blogdojuniorcavalcanti.com.br\/index.php\/2023\/09\/08\/afogados-sandrinho-palmeira-comandou-a-cerimonia-de-hasteamento-dos-pavilhoes\/#more-28208\" aria-label=\"More on Afogados: Sandrinho Palmeira comandou a cerim\u00f4nia de hasteamento dos pavilh\u00f5es\">Leia mais<\/a><\/p>\n","protected":false},"author":2,"featured_media":28209,"comment_status":"open","ping_status":"open","sticky":false,"template":"","format":"standard","meta":{"footnotes":""},"categories":[25],"tags":[],"class_list":["post-28208","post","type-post","status-publish","format-standard","has-post-thumbnail","hentry","category-destaque","resize-featured-image"],"_links":{"self":[{"href":"https:\/\/blogdojuniorcavalcanti.com.br\/index.php\/wp-json\/wp\/v2\/posts\/28208","targetHints":{"allow":["GET"]}}],"collection":[{"href":"https:\/\/blogdojuniorcavalcanti.com.br\/index.php\/wp-json\/wp\/v2\/posts"}],"about":[{"href":"https:\/\/blogdojuniorcavalcanti.com.br\/index.php\/wp-json\/wp\/v2\/types\/post"}],"author":[{"embeddable":true,"href":"https:\/\/blogdojuniorcavalcanti.com.br\/index.php\/wp-json\/wp\/v2\/users\/2"}],"replies":[{"embeddable":true,"href":"https:\/\/blogdojuniorcavalcanti.com.br\/index.php\/wp-json\/wp\/v2\/comments?post=28208"}],"version-history":[{"count":1,"href":"https:\/\/blogdojuniorcavalcanti.com.br\/index.php\/wp-json\/wp\/v2\/posts\/28208\/revisions"}],"predecessor-version":[{"id":28210,"href":"https:\/\/blogdojuniorcavalcanti.com.br\/index.php\/wp-json\/wp\/v2\/posts\/28208\/revisions\/28210"}],"wp:featuredmedia":[{"embeddable":true,"href":"https:\/\/blogdojuniorcavalcanti.com.br\/index.php\/wp-json\/wp\/v2\/media\/28209"}],"wp:attachment":[{"href":"https:\/\/blogdojuniorcavalcanti.com.br\/index.php\/wp-json\/wp\/v2\/media?parent=28208"}],"wp:term":[{"taxonomy":"category","embeddable":true,"href":"https:\/\/blogdojuniorcavalcanti.com.br\/index.php\/wp-json\/wp\/v2\/categories?post=28208"},{"taxonomy":"post_tag","embeddable":true,"href":"https:\/\/blogdojuniorcavalcanti.com.br\/index.php\/wp-json\/wp\/v2\/tags?post=28208"}],"curies":[{"name":"wp","href":"https:\/\/api.w.org\/{rel}","templated":true}]}}