{"id":28216,"date":"2023-09-08T04:43:53","date_gmt":"2023-09-08T07:43:53","guid":{"rendered":"https:\/\/blogdojuniorcavalcanti.com.br\/?p=28216"},"modified":"2023-09-08T04:43:53","modified_gmt":"2023-09-08T07:43:53","slug":"governo-municipal-de-iguaracy-se-reune-com-comunidade-quilombola","status":"publish","type":"post","link":"https:\/\/blogdojuniorcavalcanti.com.br\/index.php\/2023\/09\/08\/governo-municipal-de-iguaracy-se-reune-com-comunidade-quilombola\/","title":{"rendered":"Governo Municipal de Iguaracy se re\u00fane com comunidade quilombola"},"content":{"rendered":"<p style=\"text-align: justify;\"><span style=\"font-size: 14pt;\"><img fetchpriority=\"high\" decoding=\"async\" class=\"aligncenter size-large wp-image-246292 jetpack-lazy-image jetpack-lazy-image--handled\" src=\"https:\/\/blogdofinfa.com.br\/wp-content\/uploads\/2023\/09\/WhatsApp-Image-2023-09-06-at-16.21.11-2-800x600.jpeg\" sizes=\"(max-width: 600px) 100vw, 600px\" srcset=\"https:\/\/blogdofinfa.com.br\/wp-content\/uploads\/2023\/09\/WhatsApp-Image-2023-09-06-at-16.21.11-2-800x600.jpeg 800w, https:\/\/blogdofinfa.com.br\/wp-content\/uploads\/2023\/09\/WhatsApp-Image-2023-09-06-at-16.21.11-2-300x225.jpeg 300w, https:\/\/blogdofinfa.com.br\/wp-content\/uploads\/2023\/09\/WhatsApp-Image-2023-09-06-at-16.21.11-2-768x576.jpeg 768w, https:\/\/blogdofinfa.com.br\/wp-content\/uploads\/2023\/09\/WhatsApp-Image-2023-09-06-at-16.21.11-2-200x150.jpeg 200w, https:\/\/blogdofinfa.com.br\/wp-content\/uploads\/2023\/09\/WhatsApp-Image-2023-09-06-at-16.21.11-2-24x18.jpeg 24w, https:\/\/blogdofinfa.com.br\/wp-content\/uploads\/2023\/09\/WhatsApp-Image-2023-09-06-at-16.21.11-2-36x27.jpeg 36w, https:\/\/blogdofinfa.com.br\/wp-content\/uploads\/2023\/09\/WhatsApp-Image-2023-09-06-at-16.21.11-2-48x36.jpeg 48w, https:\/\/blogdofinfa.com.br\/wp-content\/uploads\/2023\/09\/WhatsApp-Image-2023-09-06-at-16.21.11-2.jpeg 1024w\" alt=\"\" width=\"600\" height=\"450\" data-attachment-id=\"246292\" data-permalink=\"https:\/\/blogdofinfa.com.br\/2023\/09\/governo-municipal-de-iguaracy-se-reunem-com-comunidade-quilombola.html\/whatsapp-image-2023-09-06-at-16-21-11-2\" data-orig-file=\"https:\/\/blogdofinfa.com.br\/wp-content\/uploads\/2023\/09\/WhatsApp-Image-2023-09-06-at-16.21.11-2.jpeg\" data-orig-size=\"1024,768\" data-comments-opened=\"1\" data-image-meta=\"{&quot;aperture&quot;:&quot;0&quot;,&quot;credit&quot;:&quot;&quot;,&quot;camera&quot;:&quot;&quot;,&quot;caption&quot;:&quot;&quot;,&quot;created_timestamp&quot;:&quot;0&quot;,&quot;copyright&quot;:&quot;&quot;,&quot;focal_length&quot;:&quot;0&quot;,&quot;iso&quot;:&quot;0&quot;,&quot;shutter_speed&quot;:&quot;0&quot;,&quot;title&quot;:&quot;&quot;,&quot;orientation&quot;:&quot;0&quot;}\" data-image-title=\"WhatsApp Image 2023-09-06 at 16.21.11 (2)\" data-image-description=\"\" data-image-caption=\"\" data-medium-file=\"https:\/\/blogdofinfa.com.br\/wp-content\/uploads\/2023\/09\/WhatsApp-Image-2023-09-06-at-16.21.11-2-300x225.jpeg\" data-large-file=\"https:\/\/blogdofinfa.com.br\/wp-content\/uploads\/2023\/09\/WhatsApp-Image-2023-09-06-at-16.21.11-2-800x600.jpeg\" data-lazy-loaded=\"1\" \/><span style=\"font-family: arial, helvetica, sans-serif;\">O Secret\u00e1rio de Administra\u00e7\u00e3o e Desenvolvimento Econ\u00f4mico, Marcos Melo, a secret\u00e1ria de Desenvolvimento e Assist\u00eancia Social, Juliany Rab\u00ealo e o Coordenador de Pol\u00edticas Agr\u00edcolas, Gilelio Leite, foram at\u00e9 a Comunidade da Varzinha dos Quilombolas, onde se reuniram com os moradores.<\/span><\/span><\/p>\n<p style=\"text-align: justify;\"><span style=\"font-size: 14pt; font-family: arial, helvetica, sans-serif;\">Na ocasi\u00e3o, apresentaram a todos, o Projeto PAA na modalidade Doa\u00e7\u00e3o Simult\u00e2nea, cadastrado junto ao CONAB pelo munic\u00edpio, e j\u00e1 aprovado no valor de R$ 134 mil. No total 17 agricultores est\u00e3o aptos a produzir e fornecer os alimentos para o Programa de Aquisi\u00e7\u00e3o de Alimentos. Os produtos produzidos pelos agricultores familiares ser\u00e3o distribu\u00eddos pela Secretaria de Desenvolvimento e Assist\u00eancia Social, beneficiando as fam\u00edlias em situa\u00e7\u00e3o de vulnerabilidade alimentar.<img decoding=\"async\" class=\"aligncenter size-large wp-image-246290 jetpack-lazy-image jetpack-lazy-image--handled\" src=\"https:\/\/blogdofinfa.com.br\/wp-content\/uploads\/2023\/09\/WhatsApp-Image-2023-09-06-at-16.21.11-800x600.jpeg\" sizes=\"(max-width: 600px) 100vw, 600px\" srcset=\"https:\/\/blogdofinfa.com.br\/wp-content\/uploads\/2023\/09\/WhatsApp-Image-2023-09-06-at-16.21.11-800x600.jpeg 800w, https:\/\/blogdofinfa.com.br\/wp-content\/uploads\/2023\/09\/WhatsApp-Image-2023-09-06-at-16.21.11-300x225.jpeg 300w, https:\/\/blogdofinfa.com.br\/wp-content\/uploads\/2023\/09\/WhatsApp-Image-2023-09-06-at-16.21.11-768x576.jpeg 768w, https:\/\/blogdofinfa.com.br\/wp-content\/uploads\/2023\/09\/WhatsApp-Image-2023-09-06-at-16.21.11-200x150.jpeg 200w, https:\/\/blogdofinfa.com.br\/wp-content\/uploads\/2023\/09\/WhatsApp-Image-2023-09-06-at-16.21.11-24x18.jpeg 24w, https:\/\/blogdofinfa.com.br\/wp-content\/uploads\/2023\/09\/WhatsApp-Image-2023-09-06-at-16.21.11-36x27.jpeg 36w, https:\/\/blogdofinfa.com.br\/wp-content\/uploads\/2023\/09\/WhatsApp-Image-2023-09-06-at-16.21.11-48x36.jpeg 48w, https:\/\/blogdofinfa.com.br\/wp-content\/uploads\/2023\/09\/WhatsApp-Image-2023-09-06-at-16.21.11.jpeg 1024w\" alt=\"\" width=\"600\" height=\"450\" data-attachment-id=\"246290\" data-permalink=\"https:\/\/blogdofinfa.com.br\/2023\/09\/governo-municipal-de-iguaracy-se-reunem-com-comunidade-quilombola.html\/whatsapp-image-2023-09-06-at-16-21-11\" data-orig-file=\"https:\/\/blogdofinfa.com.br\/wp-content\/uploads\/2023\/09\/WhatsApp-Image-2023-09-06-at-16.21.11.jpeg\" data-orig-size=\"1024,768\" data-comments-opened=\"1\" data-image-meta=\"{&quot;aperture&quot;:&quot;0&quot;,&quot;credit&quot;:&quot;&quot;,&quot;camera&quot;:&quot;&quot;,&quot;caption&quot;:&quot;&quot;,&quot;created_timestamp&quot;:&quot;0&quot;,&quot;copyright&quot;:&quot;&quot;,&quot;focal_length&quot;:&quot;0&quot;,&quot;iso&quot;:&quot;0&quot;,&quot;shutter_speed&quot;:&quot;0&quot;,&quot;title&quot;:&quot;&quot;,&quot;orientation&quot;:&quot;0&quot;}\" data-image-title=\"WhatsApp Image 2023-09-06 at 16.21.11\" data-image-description=\"\" data-image-caption=\"\" data-medium-file=\"https:\/\/blogdofinfa.com.br\/wp-content\/uploads\/2023\/09\/WhatsApp-Image-2023-09-06-at-16.21.11-300x225.jpeg\" data-large-file=\"https:\/\/blogdofinfa.com.br\/wp-content\/uploads\/2023\/09\/WhatsApp-Image-2023-09-06-at-16.21.11-800x600.jpeg\" data-lazy-loaded=\"1\" \/><\/span><\/p>\n<p style=\"text-align: justify;\"><span style=\"font-size: 14pt; font-family: arial, helvetica, sans-serif;\">Os agricultores aptos assinaram os contratos e o recurso j\u00e1 est\u00e1 empenhado. \u00c9 um importante programa que vai gerar renda para os agricultores da Varzinha dos Quilombolas, com a garantia da comercializa\u00e7\u00e3o do que ser\u00e1 produzido, fomentando a economia local com o mercado institucional. Eles produzem, o governo compra, e doa a quem necessita.<img decoding=\"async\" class=\"aligncenter size-large wp-image-246291 jetpack-lazy-image jetpack-lazy-image--handled\" src=\"https:\/\/blogdofinfa.com.br\/wp-content\/uploads\/2023\/09\/WhatsApp-Image-2023-09-06-at-16.21.11-1-800x600.jpeg\" sizes=\"(max-width: 600px) 100vw, 600px\" srcset=\"https:\/\/blogdofinfa.com.br\/wp-content\/uploads\/2023\/09\/WhatsApp-Image-2023-09-06-at-16.21.11-1-800x600.jpeg 800w, https:\/\/blogdofinfa.com.br\/wp-content\/uploads\/2023\/09\/WhatsApp-Image-2023-09-06-at-16.21.11-1-300x225.jpeg 300w, https:\/\/blogdofinfa.com.br\/wp-content\/uploads\/2023\/09\/WhatsApp-Image-2023-09-06-at-16.21.11-1-768x576.jpeg 768w, https:\/\/blogdofinfa.com.br\/wp-content\/uploads\/2023\/09\/WhatsApp-Image-2023-09-06-at-16.21.11-1-200x150.jpeg 200w, https:\/\/blogdofinfa.com.br\/wp-content\/uploads\/2023\/09\/WhatsApp-Image-2023-09-06-at-16.21.11-1-24x18.jpeg 24w, https:\/\/blogdofinfa.com.br\/wp-content\/uploads\/2023\/09\/WhatsApp-Image-2023-09-06-at-16.21.11-1-36x27.jpeg 36w, https:\/\/blogdofinfa.com.br\/wp-content\/uploads\/2023\/09\/WhatsApp-Image-2023-09-06-at-16.21.11-1-48x36.jpeg 48w, https:\/\/blogdofinfa.com.br\/wp-content\/uploads\/2023\/09\/WhatsApp-Image-2023-09-06-at-16.21.11-1.jpeg 1024w\" alt=\"\" width=\"600\" height=\"450\" data-attachment-id=\"246291\" data-permalink=\"https:\/\/blogdofinfa.com.br\/2023\/09\/governo-municipal-de-iguaracy-se-reunem-com-comunidade-quilombola.html\/whatsapp-image-2023-09-06-at-16-21-11-1\" data-orig-file=\"https:\/\/blogdofinfa.com.br\/wp-content\/uploads\/2023\/09\/WhatsApp-Image-2023-09-06-at-16.21.11-1.jpeg\" data-orig-size=\"1024,768\" data-comments-opened=\"1\" data-image-meta=\"{&quot;aperture&quot;:&quot;0&quot;,&quot;credit&quot;:&quot;&quot;,&quot;camera&quot;:&quot;&quot;,&quot;caption&quot;:&quot;&quot;,&quot;created_timestamp&quot;:&quot;0&quot;,&quot;copyright&quot;:&quot;&quot;,&quot;focal_length&quot;:&quot;0&quot;,&quot;iso&quot;:&quot;0&quot;,&quot;shutter_speed&quot;:&quot;0&quot;,&quot;title&quot;:&quot;&quot;,&quot;orientation&quot;:&quot;0&quot;}\" data-image-title=\"WhatsApp Image 2023-09-06 at 16.21.11 (1)\" data-image-description=\"\" data-image-caption=\"\" data-medium-file=\"https:\/\/blogdofinfa.com.br\/wp-content\/uploads\/2023\/09\/WhatsApp-Image-2023-09-06-at-16.21.11-1-300x225.jpeg\" data-large-file=\"https:\/\/blogdofinfa.com.br\/wp-content\/uploads\/2023\/09\/WhatsApp-Image-2023-09-06-at-16.21.11-1-800x600.jpeg\" data-lazy-loaded=\"1\" \/><\/span><\/p>\n<p style=\"text-align: justify;\"><span style=\"font-size: 14pt; font-family: arial, helvetica, sans-serif;\">A a\u00e7\u00e3o do munic\u00edpio de Iguaracy tem parceria com o Sindicato dos Trabalhadores Rurais e a Associa\u00e7\u00e3o da Varzinha dos Quilombolas. O objetivo \u00e9 que em breve mais comunidades sejam beneficiadas com o programa no munic\u00edpio.<\/span><\/p>\n","protected":false},"excerpt":{"rendered":"<p>O Secret&aacute;rio de Administra&ccedil;&atilde;o e Desenvolvimento Econ&ocirc;mico, Marcos Melo, a secret&aacute;ria de Desenvolvimento e Assist&ecirc;ncia Social, Juliany Rab&ecirc;lo e o Coordenador de Pol&iacute;ticas Agr&iacute;colas, Gilelio Leite, foram at&eacute; a Comunidade da Varzinha dos Quilombolas, onde se reuniram com os moradores. Na ocasi&atilde;o, apresentaram a todos, o Projeto PAA na modalidade Doa&ccedil;&atilde;o Simult&acirc;nea, cadastrado junto ao CONAB pelo munic&iacute;pio, e j&aacute; aprovado no valor de R$ 134 mil. No total 17 agricultores est&atilde;o aptos a produzir e fornecer os alimentos para o Programa de Aquisi&ccedil;&atilde;o de Alimentos. Os produtos produzidos pelos agricultores familiares ser&atilde;o distribu&iacute;dos pela Secretaria de Desenvolvimento e Assist&ecirc;ncia &#8230; <\/p>\n<p class=\"read-more-container\"><a title=\"Governo Municipal de Iguaracy se re\u00fane com comunidade quilombola\" class=\"read-more button\" href=\"https:\/\/blogdojuniorcavalcanti.com.br\/index.php\/2023\/09\/08\/governo-municipal-de-iguaracy-se-reune-com-comunidade-quilombola\/#more-28216\" aria-label=\"More on Governo Municipal de Iguaracy se re\u00fane com comunidade quilombola\">Leia mais<\/a><\/p>\n","protected":false},"author":2,"featured_media":0,"comment_status":"open","ping_status":"open","sticky":false,"template":"","format":"standard","meta":{"footnotes":""},"categories":[26],"tags":[],"class_list":["post-28216","post","type-post","status-publish","format-standard","hentry","category-noticias"],"_links":{"self":[{"href":"https:\/\/blogdojuniorcavalcanti.com.br\/index.php\/wp-json\/wp\/v2\/posts\/28216","targetHints":{"allow":["GET"]}}],"collection":[{"href":"https:\/\/blogdojuniorcavalcanti.com.br\/index.php\/wp-json\/wp\/v2\/posts"}],"about":[{"href":"https:\/\/blogdojuniorcavalcanti.com.br\/index.php\/wp-json\/wp\/v2\/types\/post"}],"author":[{"embeddable":true,"href":"https:\/\/blogdojuniorcavalcanti.com.br\/index.php\/wp-json\/wp\/v2\/users\/2"}],"replies":[{"embeddable":true,"href":"https:\/\/blogdojuniorcavalcanti.com.br\/index.php\/wp-json\/wp\/v2\/comments?post=28216"}],"version-history":[{"count":1,"href":"https:\/\/blogdojuniorcavalcanti.com.br\/index.php\/wp-json\/wp\/v2\/posts\/28216\/revisions"}],"predecessor-version":[{"id":28217,"href":"https:\/\/blogdojuniorcavalcanti.com.br\/index.php\/wp-json\/wp\/v2\/posts\/28216\/revisions\/28217"}],"wp:attachment":[{"href":"https:\/\/blogdojuniorcavalcanti.com.br\/index.php\/wp-json\/wp\/v2\/media?parent=28216"}],"wp:term":[{"taxonomy":"category","embeddable":true,"href":"https:\/\/blogdojuniorcavalcanti.com.br\/index.php\/wp-json\/wp\/v2\/categories?post=28216"},{"taxonomy":"post_tag","embeddable":true,"href":"https:\/\/blogdojuniorcavalcanti.com.br\/index.php\/wp-json\/wp\/v2\/tags?post=28216"}],"curies":[{"name":"wp","href":"https:\/\/api.w.org\/{rel}","templated":true}]}}