{"id":28229,"date":"2023-09-11T04:44:53","date_gmt":"2023-09-11T07:44:53","guid":{"rendered":"https:\/\/blogdojuniorcavalcanti.com.br\/?p=28229"},"modified":"2023-09-11T04:44:53","modified_gmt":"2023-09-11T07:44:53","slug":"governo-federal-anuncia-que-auxilio-a-municipios-gauchos-ja-totaliza-r-741-milhoes","status":"publish","type":"post","link":"https:\/\/blogdojuniorcavalcanti.com.br\/index.php\/2023\/09\/11\/governo-federal-anuncia-que-auxilio-a-municipios-gauchos-ja-totaliza-r-741-milhoes\/","title":{"rendered":"Governo Federal anuncia que auxilio a munic\u00edpios ga\u00fachos j\u00e1 totaliza R$ 741 milh\u00f5es"},"content":{"rendered":"<p style=\"text-align: justify;\"><span style=\"font-size: 14pt; font-family: arial, helvetica, sans-serif;\"><b><i>Recursos envolvem atividades de busca e salvamento feitas desde o in\u00edcio da semana e a\u00e7\u00f5es de recupera\u00e7\u00e3o de estruturas e reconstru\u00e7\u00e3o das cidades atingidas<\/i><\/b><\/span><\/p>\n<p style=\"text-align: justify;\"><span style=\"font-size: 14pt; font-family: arial, helvetica, sans-serif;\">O presidente da Rep\u00fablica em exerc\u00edcio, Geraldo Alckmin, anunciou neste domingo (10\/9) que as a\u00e7\u00f5es do Governo Federal para atendimento aos munic\u00edpios atingidos pelos efeitos de um ciclone no Rio Grande do Sul j\u00e1 totalizam R$ 741 milh\u00f5es.<\/span><\/p>\n<p style=\"text-align: justify;\"><span style=\"font-size: 14pt; font-family: arial, helvetica, sans-serif;\">Os recursos envolvem tanto atividades de busca e salvamento, que v\u00eam sendo feitas desde o in\u00edcio da semana, quanto as iniciativas voltadas para restabelecer estruturas, reconstruir as cidades e levar ajuda humanit\u00e1ria \u00e0s v\u00edtimas. Alckmin esteve com uma comitiva de ministros, secret\u00e1rios e t\u00e9cnicos do Governo Federal em visita a alguns dos munic\u00edpios mais atingidos pelos efeitos das chuvas dos \u00faltimos dias.\u00a0<\/span><\/p>\n<p style=\"text-align: justify;\"><span style=\"font-size: 14pt; font-family: arial, helvetica, sans-serif;\">\u201cTemos tr\u00eas desafios aqui. O primeiro era salvar vidas; buscar pessoas. Continua o trabalho hospitalar, de sa\u00fade. O segundo \u00e9 reconstruir as cidades. Visitamos v\u00e1rios munic\u00edpios. \u00c9 impressionante a viol\u00eancia das \u00e1guas. A terceira \u00e9 a economia. Salvar o emprego. Recuperar a economia. Encaminhar projetos\u201d, listou Geraldo Alckmin, durante coletiva de imprensa em Lajeado, no campus da Universidade do Vale do Taquari (Univates), ao lado do governador do estado, Eduardo Leite, de dezenas de prefeitos, de empres\u00e1rios ga\u00fachos.\u00a0<\/span><\/p>\n<p style=\"text-align: justify;\"><span style=\"font-size: 14pt; font-family: arial, helvetica, sans-serif;\">Ao todo, 88 munic\u00edpios ga\u00fachos tiveram danos provocados pela forte chuva \u2013 79 j\u00e1 tiveram a situa\u00e7\u00e3o de emerg\u00eancia reconhecida pelo Governo Federal. O balan\u00e7o mais recente da Defesa Civil Estadual aponta que chegou a 43 o n\u00famero de mortos.<\/span><\/p>\n<p style=\"text-align: justify;\"><span style=\"font-size: 14pt; font-family: arial, helvetica, sans-serif;\">Os desaparecidos seguem sendo 46, a maior parte em Mu\u00e7um (30) e depois em Lajeado (8) e Arroio do Meio (8). O informe mostra ainda que o n\u00famero de desalojados se elevou para 11.642, enquanto os desabrigados s\u00e3o 3.798. Desde o in\u00edcio dos trabalhos conjuntos com autoridades no estado, 3.130 pessoas j\u00e1 foram resgatadas.<\/span><\/p>\n<p style=\"text-align: justify;\"><span style=\"font-size: 14pt; font-family: arial, helvetica, sans-serif;\">COMITIVA \u2013 Alckmin viajou ao Rio Grande do Sul acompanhado de uma comitiva de ministros, secret\u00e1rios e assessores do Governo Federal. O grupo passou pelos munic\u00edpios de Roca Sales e Mu\u00e7um. Roca Sales, de 11,5 mil habitantes no Vale do Taquari, est\u00e1 entre os mais afetados pelas fortes chuvas no estado. Alckmin foi at\u00e9 o hospital de campanha do munic\u00edpio e fez uma caminhada para analisar os estragos do evento clim\u00e1tico.<\/span><\/p>\n<p style=\"text-align: justify;\"><span style=\"font-size: 14pt; font-family: arial, helvetica, sans-serif;\">A prefeitura de Mu\u00e7um decretou calamidade p\u00fablica na quarta-feira (6\/9). Parte das vias de acesso \u00e0 cidade continua bloqueada e sem condi\u00e7\u00f5es de acesso de ve\u00edculos. Volunt\u00e1rios de outras cidades convocados para atuar na limpeza e reconstru\u00e7\u00e3o de Mu\u00e7um est\u00e3o sendo orientados a deixar os carros na entrada da cidade e entrar no munic\u00edpio a p\u00e9.<\/span><\/p>\n<p style=\"text-align: justify;\"><span style=\"font-size: 14pt; font-family: arial, helvetica, sans-serif;\">Participam da comitiva os ministros da Defesa, Jos\u00e9 M\u00facio; da Sa\u00fade, N\u00edsia Trindade; da Integra\u00e7\u00e3o e do Desenvolvimento Regional, Waldez G\u00f3es; do Desenvolvimento Agr\u00e1rio e Agricultura Familiar, Paulo Teixeira; da Secretaria de Comunica\u00e7\u00e3o da Presid\u00eancia da Rep\u00fablica, Paulo Pimenta; do Desenvolvimento e Assist\u00eancia Social, Wellington Dias; das Cidades, Jader Filho; e do Meio Ambiente e Mudan\u00e7a do Clima, Marina Silva, al\u00e9m de representantes de outros minist\u00e9rios e \u00f3rg\u00e3os federais.<\/span><\/p>\n","protected":false},"excerpt":{"rendered":"<p>Recursos envolvem atividades de busca e salvamento feitas desde o in&iacute;cio da semana e a&ccedil;&otilde;es de recupera&ccedil;&atilde;o de estruturas e reconstru&ccedil;&atilde;o das cidades atingidas O presidente da Rep&uacute;blica em exerc&iacute;cio, Geraldo Alckmin, anunciou neste domingo (10\/9) que as a&ccedil;&otilde;es do Governo Federal para atendimento aos munic&iacute;pios atingidos pelos efeitos de um ciclone no Rio Grande do Sul j&aacute; totalizam R$ 741 milh&otilde;es. Os recursos envolvem tanto atividades de busca e salvamento, que v&ecirc;m sendo feitas desde o in&iacute;cio da semana, quanto as iniciativas voltadas para restabelecer estruturas, reconstruir as cidades e levar ajuda humanit&aacute;ria &agrave;s v&iacute;timas. Alckmin esteve com uma &#8230; <\/p>\n<p class=\"read-more-container\"><a title=\"Governo Federal anuncia que auxilio a munic\u00edpios ga\u00fachos j\u00e1 totaliza R$ 741 milh\u00f5es\" class=\"read-more button\" href=\"https:\/\/blogdojuniorcavalcanti.com.br\/index.php\/2023\/09\/11\/governo-federal-anuncia-que-auxilio-a-municipios-gauchos-ja-totaliza-r-741-milhoes\/#more-28229\" aria-label=\"More on Governo Federal anuncia que auxilio a munic\u00edpios ga\u00fachos j\u00e1 totaliza R$ 741 milh\u00f5es\">Leia mais<\/a><\/p>\n","protected":false},"author":2,"featured_media":28230,"comment_status":"open","ping_status":"open","sticky":false,"template":"","format":"standard","meta":{"footnotes":""},"categories":[25],"tags":[],"class_list":["post-28229","post","type-post","status-publish","format-standard","has-post-thumbnail","hentry","category-destaque","resize-featured-image"],"_links":{"self":[{"href":"https:\/\/blogdojuniorcavalcanti.com.br\/index.php\/wp-json\/wp\/v2\/posts\/28229","targetHints":{"allow":["GET"]}}],"collection":[{"href":"https:\/\/blogdojuniorcavalcanti.com.br\/index.php\/wp-json\/wp\/v2\/posts"}],"about":[{"href":"https:\/\/blogdojuniorcavalcanti.com.br\/index.php\/wp-json\/wp\/v2\/types\/post"}],"author":[{"embeddable":true,"href":"https:\/\/blogdojuniorcavalcanti.com.br\/index.php\/wp-json\/wp\/v2\/users\/2"}],"replies":[{"embeddable":true,"href":"https:\/\/blogdojuniorcavalcanti.com.br\/index.php\/wp-json\/wp\/v2\/comments?post=28229"}],"version-history":[{"count":1,"href":"https:\/\/blogdojuniorcavalcanti.com.br\/index.php\/wp-json\/wp\/v2\/posts\/28229\/revisions"}],"predecessor-version":[{"id":28231,"href":"https:\/\/blogdojuniorcavalcanti.com.br\/index.php\/wp-json\/wp\/v2\/posts\/28229\/revisions\/28231"}],"wp:featuredmedia":[{"embeddable":true,"href":"https:\/\/blogdojuniorcavalcanti.com.br\/index.php\/wp-json\/wp\/v2\/media\/28230"}],"wp:attachment":[{"href":"https:\/\/blogdojuniorcavalcanti.com.br\/index.php\/wp-json\/wp\/v2\/media?parent=28229"}],"wp:term":[{"taxonomy":"category","embeddable":true,"href":"https:\/\/blogdojuniorcavalcanti.com.br\/index.php\/wp-json\/wp\/v2\/categories?post=28229"},{"taxonomy":"post_tag","embeddable":true,"href":"https:\/\/blogdojuniorcavalcanti.com.br\/index.php\/wp-json\/wp\/v2\/tags?post=28229"}],"curies":[{"name":"wp","href":"https:\/\/api.w.org\/{rel}","templated":true}]}}