{"id":28526,"date":"2023-09-25T04:34:19","date_gmt":"2023-09-25T07:34:19","guid":{"rendered":"https:\/\/blogdojuniorcavalcanti.com.br\/?p=28526"},"modified":"2023-09-25T04:34:19","modified_gmt":"2023-09-25T07:34:19","slug":"condenado-por-tentar-explodir-bomba-em-brasilia-pode-fazer-acordo-de-delacao-com-cpmi","status":"publish","type":"post","link":"https:\/\/blogdojuniorcavalcanti.com.br\/index.php\/2023\/09\/25\/condenado-por-tentar-explodir-bomba-em-brasilia-pode-fazer-acordo-de-delacao-com-cpmi\/","title":{"rendered":"Condenado por tentar explodir bomba em Bras\u00edlia pode fazer acordo de dela\u00e7\u00e3o com CPMI"},"content":{"rendered":"<p style=\"text-align: justify;\"><span style=\"font-size: 14pt;\"><b><i><img fetchpriority=\"high\" decoding=\"async\" class=\"alignleft wp-image-267410 jetpack-lazy-image jetpack-lazy-image--handled\" src=\"https:\/\/i2.wp.com\/nilljunior.com.br\/wp-content\/uploads\/2023\/09\/WellingtonSouza-21-09-23.jpeg?resize=400%2C265&amp;ssl=1\" sizes=\"(max-width: 400px) 100vw, 400px\" srcset=\"https:\/\/i2.wp.com\/nilljunior.com.br\/wp-content\/uploads\/2023\/09\/WellingtonSouza-21-09-23.jpeg?w=860&amp;ssl=1 860w, https:\/\/i2.wp.com\/nilljunior.com.br\/wp-content\/uploads\/2023\/09\/WellingtonSouza-21-09-23.jpeg?resize=150%2C100&amp;ssl=1 150w, https:\/\/i2.wp.com\/nilljunior.com.br\/wp-content\/uploads\/2023\/09\/WellingtonSouza-21-09-23.jpeg?resize=300%2C199&amp;ssl=1 300w, https:\/\/i2.wp.com\/nilljunior.com.br\/wp-content\/uploads\/2023\/09\/WellingtonSouza-21-09-23.jpeg?resize=768%2C509&amp;ssl=1 768w, https:\/\/i2.wp.com\/nilljunior.com.br\/wp-content\/uploads\/2023\/09\/WellingtonSouza-21-09-23.jpeg?resize=600%2C398&amp;ssl=1 600w\" alt=\"\" width=\"400\" height=\"265\" data-attachment-id=\"267410\" data-permalink=\"https:\/\/nilljunior.com.br\/envolvido-em-atentado-a-bomba-se-cala-durante-cpmi\/wellingtonsouza-21-09-23\/\" data-orig-file=\"https:\/\/i2.wp.com\/nilljunior.com.br\/wp-content\/uploads\/2023\/09\/WellingtonSouza-21-09-23.jpeg?fit=860%2C570&amp;ssl=1\" data-orig-size=\"860,570\" data-comments-opened=\"1\" data-image-meta=\"{&quot;aperture&quot;:&quot;0&quot;,&quot;credit&quot;:&quot;&quot;,&quot;camera&quot;:&quot;&quot;,&quot;caption&quot;:&quot;&quot;,&quot;created_timestamp&quot;:&quot;0&quot;,&quot;copyright&quot;:&quot;&quot;,&quot;focal_length&quot;:&quot;0&quot;,&quot;iso&quot;:&quot;0&quot;,&quot;shutter_speed&quot;:&quot;0&quot;,&quot;title&quot;:&quot;&quot;,&quot;orientation&quot;:&quot;0&quot;}\" data-image-title=\"WellingtonSouza-21-09-23\" data-image-description=\"\" data-medium-file=\"https:\/\/i2.wp.com\/nilljunior.com.br\/wp-content\/uploads\/2023\/09\/WellingtonSouza-21-09-23.jpeg?fit=300%2C199&amp;ssl=1\" data-large-file=\"https:\/\/i2.wp.com\/nilljunior.com.br\/wp-content\/uploads\/2023\/09\/WellingtonSouza-21-09-23.jpeg?fit=600%2C398&amp;ssl=1\" data-recalc-dims=\"1\" data-lazy-loaded=\"1\" \/><span style=\"font-family: arial, helvetica, sans-serif;\">Conforme parecer da Advocacia do Senado, CPMI pode fazer acordo de dela\u00e7\u00e3o, se o Minist\u00e9rio P\u00fablico concordar<\/span><\/i><\/b><\/span><\/p>\n<p style=\"text-align: justify;\"><span style=\"font-size: 14pt; font-family: arial, helvetica, sans-serif;\">O blogueiro Wellington Macedo de Souza optou por n\u00e3o responder a perguntas de deputados e senadores na Comiss\u00e3o Parlamentar Mista de Inqu\u00e9rito (CPMI) do 8 de Janeiro, mas acenou com a possibilidade de fazer um acordo de dela\u00e7\u00e3o premiada.<\/span><\/p>\n<p style=\"text-align: justify;\"><span style=\"font-size: 14pt; font-family: arial, helvetica, sans-serif;\">Ele foi condenado por participar da tentativa de explos\u00e3o de uma bomba perto do aeroporto de Bras\u00edlia, em dezembro do ano passado, e est\u00e1 preso. No governo Bolsonaro, foi assessor da Secretaria Nacional dos Direitos da Crian\u00e7a e do Adolescente.<\/span><\/p>\n<p style=\"text-align: justify;\"><span style=\"font-size: 14pt; font-family: arial, helvetica, sans-serif;\">No in\u00edcio da reuni\u00e3o da CPI, Souza avisou que ficaria em sil\u00eancio, amparado por um habeas corpus obtido junto ao Supremo Tribunal Federal (STF). \u201cEu s\u00f3 vou colaborar com voc\u00eas depois que meus advogados tiverem acesso aos autos de acusa\u00e7\u00e3o contra a minha pessoa e eu tiver tempo suficiente para conversar e articular com meu advogado.\u201d<\/span><\/p>\n<p style=\"text-align: justify;\"><span style=\"font-size: 14pt; font-family: arial, helvetica, sans-serif;\">A possibilidade de dela\u00e7\u00e3o foi apontada pela relatora da CPMI, senadora Eliziane Gama (PSD-MA), ao final da reuni\u00e3o. \u201cN\u00f3s solicitamos \u00e0 Advocacia-Geral do Senado sobre a dela\u00e7\u00e3o premiada. N\u00f3s estamos chegando \u00e0 reta final dos trabalhos desta comiss\u00e3o. O senhor n\u00e3o tem interesse de colaborar com os trabalhos desta comiss\u00e3o? De contribuir, de trazer as informa\u00e7\u00f5es a esta comiss\u00e3o?\u201d, questionou.<\/span><\/p>\n<p style=\"text-align: justify;\"><span style=\"font-size: 14pt; font-family: arial, helvetica, sans-serif;\">Foi o advogado do blogueiro, Sildilon Maia, que respondeu. \u201cEu fiz um requerimento de acesso \u00e0s pe\u00e7as que faltavam no Supremo, o ministro Alexandre [de Moraes] ainda n\u00e3o despachou. Eu acredito que, no mais tardar na segunda-feira, eu j\u00e1 terei acesso a esses elementos e me coloco \u00e0 disposi\u00e7\u00e3o da senhora para, junto \u00e0 advocacia do Senado, a gente ter esse di\u00e1logo, eu ter acesso ao parecer que trata desse tema internamente. N\u00e3o temos nenhuma restri\u00e7\u00e3o a isso.\u201d As informa\u00e7\u00f5es s\u00e3o da Ag\u00eancia C\u00e2mara de Not\u00edcias.<\/span><\/p>\n","protected":false},"excerpt":{"rendered":"<p>Conforme parecer da Advocacia do Senado, CPMI pode fazer acordo de dela&ccedil;&atilde;o, se o Minist&eacute;rio P&uacute;blico concordar O blogueiro Wellington Macedo de Souza optou por n&atilde;o responder a perguntas de deputados e senadores na Comiss&atilde;o Parlamentar Mista de Inqu&eacute;rito (CPMI) do 8 de Janeiro, mas acenou com a possibilidade de fazer um acordo de dela&ccedil;&atilde;o premiada. Ele foi condenado por participar da tentativa de explos&atilde;o de uma bomba perto do aeroporto de Bras&iacute;lia, em dezembro do ano passado, e est&aacute; preso. No governo Bolsonaro, foi assessor da Secretaria Nacional dos Direitos da Crian&ccedil;a e do Adolescente. No in&iacute;cio da reuni&atilde;o &#8230; <\/p>\n<p class=\"read-more-container\"><a title=\"Condenado por tentar explodir bomba em Bras\u00edlia pode fazer acordo de dela\u00e7\u00e3o com CPMI\" class=\"read-more button\" href=\"https:\/\/blogdojuniorcavalcanti.com.br\/index.php\/2023\/09\/25\/condenado-por-tentar-explodir-bomba-em-brasilia-pode-fazer-acordo-de-delacao-com-cpmi\/#more-28526\" aria-label=\"More on Condenado por tentar explodir bomba em Bras\u00edlia pode fazer acordo de dela\u00e7\u00e3o com CPMI\">Leia mais<\/a><\/p>\n","protected":false},"author":2,"featured_media":0,"comment_status":"open","ping_status":"open","sticky":false,"template":"","format":"standard","meta":{"footnotes":""},"categories":[26],"tags":[],"class_list":["post-28526","post","type-post","status-publish","format-standard","hentry","category-noticias"],"_links":{"self":[{"href":"https:\/\/blogdojuniorcavalcanti.com.br\/index.php\/wp-json\/wp\/v2\/posts\/28526","targetHints":{"allow":["GET"]}}],"collection":[{"href":"https:\/\/blogdojuniorcavalcanti.com.br\/index.php\/wp-json\/wp\/v2\/posts"}],"about":[{"href":"https:\/\/blogdojuniorcavalcanti.com.br\/index.php\/wp-json\/wp\/v2\/types\/post"}],"author":[{"embeddable":true,"href":"https:\/\/blogdojuniorcavalcanti.com.br\/index.php\/wp-json\/wp\/v2\/users\/2"}],"replies":[{"embeddable":true,"href":"https:\/\/blogdojuniorcavalcanti.com.br\/index.php\/wp-json\/wp\/v2\/comments?post=28526"}],"version-history":[{"count":1,"href":"https:\/\/blogdojuniorcavalcanti.com.br\/index.php\/wp-json\/wp\/v2\/posts\/28526\/revisions"}],"predecessor-version":[{"id":28527,"href":"https:\/\/blogdojuniorcavalcanti.com.br\/index.php\/wp-json\/wp\/v2\/posts\/28526\/revisions\/28527"}],"wp:attachment":[{"href":"https:\/\/blogdojuniorcavalcanti.com.br\/index.php\/wp-json\/wp\/v2\/media?parent=28526"}],"wp:term":[{"taxonomy":"category","embeddable":true,"href":"https:\/\/blogdojuniorcavalcanti.com.br\/index.php\/wp-json\/wp\/v2\/categories?post=28526"},{"taxonomy":"post_tag","embeddable":true,"href":"https:\/\/blogdojuniorcavalcanti.com.br\/index.php\/wp-json\/wp\/v2\/tags?post=28526"}],"curies":[{"name":"wp","href":"https:\/\/api.w.org\/{rel}","templated":true}]}}