{"id":28611,"date":"2023-09-28T04:53:57","date_gmt":"2023-09-28T07:53:57","guid":{"rendered":"https:\/\/blogdojuniorcavalcanti.com.br\/?p=28611"},"modified":"2023-09-28T04:53:57","modified_gmt":"2023-09-28T07:53:57","slug":"radio-pajeu-novo-sinal-confirma-aumento-no-alcance-em-toda-a-regiao","status":"publish","type":"post","link":"https:\/\/blogdojuniorcavalcanti.com.br\/index.php\/2023\/09\/28\/radio-pajeu-novo-sinal-confirma-aumento-no-alcance-em-toda-a-regiao\/","title":{"rendered":"R\u00e1dio Paje\u00fa: novo sinal confirma aumento no alcance em toda a regi\u00e3o"},"content":{"rendered":"<p style=\"text-align: justify;\"><span style=\"font-size: 14pt; font-family: arial, helvetica, sans-serif;\"><img fetchpriority=\"high\" decoding=\"async\" class=\"wp-image-267782  jetpack-lazy-image jetpack-lazy-image--handled alignleft\" src=\"https:\/\/i2.wp.com\/nilljunior.com.br\/wp-content\/uploads\/2023\/09\/torre-ok.jpg?resize=600%2C338&amp;ssl=1\" sizes=\"(max-width: 600px) 100vw, 600px\" srcset=\"https:\/\/i2.wp.com\/nilljunior.com.br\/wp-content\/uploads\/2023\/09\/torre-ok.jpg?resize=600%2C338&amp;ssl=1 600w, https:\/\/i2.wp.com\/nilljunior.com.br\/wp-content\/uploads\/2023\/09\/torre-ok.jpg?resize=300%2C169&amp;ssl=1 300w, https:\/\/i2.wp.com\/nilljunior.com.br\/wp-content\/uploads\/2023\/09\/torre-ok.jpg?resize=768%2C432&amp;ssl=1 768w, https:\/\/i2.wp.com\/nilljunior.com.br\/wp-content\/uploads\/2023\/09\/torre-ok.jpg?w=2000&amp;ssl=1 2000w, https:\/\/i2.wp.com\/nilljunior.com.br\/wp-content\/uploads\/2023\/09\/torre-ok.jpg?w=3000&amp;ssl=1 3000w\" alt=\"\" width=\"405\" height=\"228\" data-attachment-id=\"267782\" data-permalink=\"https:\/\/nilljunior.com.br\/as-10h-radio-pajeu-faz-programa-teste-para-checar-alcance-do-novo-sinal\/torre-ok\/\" data-orig-file=\"https:\/\/i2.wp.com\/nilljunior.com.br\/wp-content\/uploads\/2023\/09\/torre-ok.jpg?fit=3548%2C1996&amp;ssl=1\" data-orig-size=\"3548,1996\" data-comments-opened=\"1\" data-image-meta=\"{&quot;aperture&quot;:&quot;0&quot;,&quot;credit&quot;:&quot;&quot;,&quot;camera&quot;:&quot;&quot;,&quot;caption&quot;:&quot;&quot;,&quot;created_timestamp&quot;:&quot;0&quot;,&quot;copyright&quot;:&quot;&quot;,&quot;focal_length&quot;:&quot;0&quot;,&quot;iso&quot;:&quot;0&quot;,&quot;shutter_speed&quot;:&quot;0&quot;,&quot;title&quot;:&quot;&quot;,&quot;orientation&quot;:&quot;1&quot;}\" data-image-title=\"torre ok\" data-image-description=\"\" data-medium-file=\"https:\/\/i2.wp.com\/nilljunior.com.br\/wp-content\/uploads\/2023\/09\/torre-ok.jpg?fit=300%2C169&amp;ssl=1\" data-large-file=\"https:\/\/i2.wp.com\/nilljunior.com.br\/wp-content\/uploads\/2023\/09\/torre-ok.jpg?fit=600%2C338&amp;ssl=1\" data-recalc-dims=\"1\" data-lazy-loaded=\"1\" \/><\/span><\/p>\n<p style=\"text-align: justify;\"><span style=\"font-size: 14pt; font-family: arial, helvetica, sans-serif;\">Hoje, dentro do programa\u00a0<strong>Manh\u00e3 Total<\/strong>, a\u00a0<strong>R\u00e1dio Paje\u00fa<\/strong>\u00a0fez programa teste para checar o alcance do novo sinal, faltando uma semana para o lan\u00e7amento do seu novo parque de transmiss\u00e3o, dia 4 de outubro, 20h, no Cine S\u00e3o Jos\u00e9.<\/span><\/p>\n<p style=\"text-align: justify;\"><span style=\"font-size: 14pt; font-family: arial, helvetica, sans-serif;\">Ouvintes das regi\u00f5es do Paje\u00fa, Moxot\u00f3 e Para\u00edba, puderam participar dizendo como est\u00e1 chegando o sinal da emissora. Houve participa\u00e7\u00f5es de locais como Tabira, Jabitac\u00e1, Sert\u00e2nia, Cust\u00f3dia, Triunfo, Ingazeira, Iguaracy, S\u00e3o Jos\u00e9 do Egito, al\u00e9m de cidades paraibanas como Tavares, Imaculada, \u00c1gua Branca, Princesa Isabel, dentre outras. Chamou a aten\u00e7\u00e3o a chegada na cidade de Concei\u00e7\u00e3o do Pianc\u00f3, perto de Mauriti, no Cear\u00e1.<\/span><\/p>\n<p style=\"text-align: justify;\"><span style=\"font-size: 14pt; font-family: arial, helvetica, sans-serif;\"><strong>Para sintonizar, basta buscar acompanhar a Paje\u00fa na frequ\u00eancia 99,3 FM.\u00a0 E para dizer que o sinal est\u00e1 chegando ou n\u00e3o, mandar WhattsApp para o (87) 9-9956-1213, o zap da Paje\u00fa. Tamb\u00e9m pelo Instagram @radiopajeu .\u00a0<\/strong><\/span><\/p>\n<p style=\"text-align: justify;\"><span style=\"font-size: 14pt; font-family: arial, helvetica, sans-serif;\">Semana passada, foi conclu\u00edda ontem a montagem da torre do novo parque de transmiss\u00e3o da emissora.\u00a0 A coordena\u00e7\u00e3o dos trabalhos foi de Paulo Andr\u00e9 de Souza, da SP Eletr\u00f4nica, respons\u00e1vel t\u00e9cnico pela montagem. A torre fica a mais de 840 metros em rela\u00e7\u00e3o ao n\u00edvel do mar,\u00a0 no ponto mais alto da regi\u00e3o.<\/span><\/p>\n<p style=\"text-align: justify;\"><span style=\"font-size: 14pt; font-family: arial, helvetica, sans-serif;\">Com ele, a Paje\u00fa passa a operar com uma capacidade maior, no intuito de chegar a todas as cidades da Diocese de Afogados, \u00e1reas do Moxot\u00f3, Sert\u00e3o Central e Para\u00edba.\u00a0<strong>Foto: Wallyson Ricardo.<\/strong><\/span><\/p>\n","protected":false},"excerpt":{"rendered":"<p>Hoje, dentro do programa&nbsp;Manh&atilde; Total, a&nbsp;R&aacute;dio Paje&uacute;&nbsp;fez programa teste para checar o alcance do novo sinal, faltando uma semana para o lan&ccedil;amento do seu novo parque de transmiss&atilde;o, dia 4 de outubro, 20h, no Cine S&atilde;o Jos&eacute;. Ouvintes das regi&otilde;es do Paje&uacute;, Moxot&oacute; e Para&iacute;ba, puderam participar dizendo como est&aacute; chegando o sinal da emissora. Houve participa&ccedil;&otilde;es de locais como Tabira, Jabitac&aacute;, Sert&acirc;nia, Cust&oacute;dia, Triunfo, Ingazeira, Iguaracy, S&atilde;o Jos&eacute; do Egito, al&eacute;m de cidades paraibanas como Tavares, Imaculada, &Aacute;gua Branca, Princesa Isabel, dentre outras. Chamou a aten&ccedil;&atilde;o a chegada na cidade de Concei&ccedil;&atilde;o do Pianc&oacute;, perto de Mauriti, no Cear&aacute;. &#8230; <\/p>\n<p class=\"read-more-container\"><a title=\"R\u00e1dio Paje\u00fa: novo sinal confirma aumento no alcance em toda a regi\u00e3o\" class=\"read-more button\" href=\"https:\/\/blogdojuniorcavalcanti.com.br\/index.php\/2023\/09\/28\/radio-pajeu-novo-sinal-confirma-aumento-no-alcance-em-toda-a-regiao\/#more-28611\" aria-label=\"More on R\u00e1dio Paje\u00fa: novo sinal confirma aumento no alcance em toda a regi\u00e3o\">Leia mais<\/a><\/p>\n","protected":false},"author":2,"featured_media":0,"comment_status":"open","ping_status":"open","sticky":false,"template":"","format":"standard","meta":{"footnotes":""},"categories":[26],"tags":[],"class_list":["post-28611","post","type-post","status-publish","format-standard","hentry","category-noticias"],"_links":{"self":[{"href":"https:\/\/blogdojuniorcavalcanti.com.br\/index.php\/wp-json\/wp\/v2\/posts\/28611","targetHints":{"allow":["GET"]}}],"collection":[{"href":"https:\/\/blogdojuniorcavalcanti.com.br\/index.php\/wp-json\/wp\/v2\/posts"}],"about":[{"href":"https:\/\/blogdojuniorcavalcanti.com.br\/index.php\/wp-json\/wp\/v2\/types\/post"}],"author":[{"embeddable":true,"href":"https:\/\/blogdojuniorcavalcanti.com.br\/index.php\/wp-json\/wp\/v2\/users\/2"}],"replies":[{"embeddable":true,"href":"https:\/\/blogdojuniorcavalcanti.com.br\/index.php\/wp-json\/wp\/v2\/comments?post=28611"}],"version-history":[{"count":1,"href":"https:\/\/blogdojuniorcavalcanti.com.br\/index.php\/wp-json\/wp\/v2\/posts\/28611\/revisions"}],"predecessor-version":[{"id":28612,"href":"https:\/\/blogdojuniorcavalcanti.com.br\/index.php\/wp-json\/wp\/v2\/posts\/28611\/revisions\/28612"}],"wp:attachment":[{"href":"https:\/\/blogdojuniorcavalcanti.com.br\/index.php\/wp-json\/wp\/v2\/media?parent=28611"}],"wp:term":[{"taxonomy":"category","embeddable":true,"href":"https:\/\/blogdojuniorcavalcanti.com.br\/index.php\/wp-json\/wp\/v2\/categories?post=28611"},{"taxonomy":"post_tag","embeddable":true,"href":"https:\/\/blogdojuniorcavalcanti.com.br\/index.php\/wp-json\/wp\/v2\/tags?post=28611"}],"curies":[{"name":"wp","href":"https:\/\/api.w.org\/{rel}","templated":true}]}}