{"id":28796,"date":"2023-10-09T04:49:46","date_gmt":"2023-10-09T07:49:46","guid":{"rendered":"https:\/\/blogdojuniorcavalcanti.com.br\/?p=28796"},"modified":"2023-10-09T04:49:46","modified_gmt":"2023-10-09T07:49:46","slug":"marcia-conrado-comemora-dois-anos-de-samu","status":"publish","type":"post","link":"https:\/\/blogdojuniorcavalcanti.com.br\/index.php\/2023\/10\/09\/marcia-conrado-comemora-dois-anos-de-samu\/","title":{"rendered":"M\u00e1rcia Conrado comemora dois anos de SAMU"},"content":{"rendered":"<p style=\"text-align: justify;\"><span style=\"font-size: 14pt;\"><b><img fetchpriority=\"high\" decoding=\"async\" class=\"alignleft wp-image-268624 jetpack-lazy-image jetpack-lazy-image--handled\" src=\"https:\/\/i2.wp.com\/nilljunior.com.br\/wp-content\/uploads\/2023\/10\/MarciaConrado-SAMU.jpg?resize=400%2C243&amp;ssl=1\" sizes=\"(max-width: 400px) 100vw, 400px\" srcset=\"https:\/\/i2.wp.com\/nilljunior.com.br\/wp-content\/uploads\/2023\/10\/MarciaConrado-SAMU.jpg?w=1024&amp;ssl=1 1024w, https:\/\/i2.wp.com\/nilljunior.com.br\/wp-content\/uploads\/2023\/10\/MarciaConrado-SAMU.jpg?resize=300%2C182&amp;ssl=1 300w, https:\/\/i2.wp.com\/nilljunior.com.br\/wp-content\/uploads\/2023\/10\/MarciaConrado-SAMU.jpg?resize=768%2C466&amp;ssl=1 768w, https:\/\/i2.wp.com\/nilljunior.com.br\/wp-content\/uploads\/2023\/10\/MarciaConrado-SAMU.jpg?resize=600%2C364&amp;ssl=1 600w\" alt=\"\" width=\"400\" height=\"243\" data-attachment-id=\"268624\" data-permalink=\"https:\/\/nilljunior.com.br\/marcia-conrado-comemora-dois-anos-de-samu\/marciaconrado-samu\/\" data-orig-file=\"https:\/\/i2.wp.com\/nilljunior.com.br\/wp-content\/uploads\/2023\/10\/MarciaConrado-SAMU.jpg?fit=1024%2C621&amp;ssl=1\" data-orig-size=\"1024,621\" data-comments-opened=\"1\" data-image-meta=\"{&quot;aperture&quot;:&quot;0&quot;,&quot;credit&quot;:&quot;&quot;,&quot;camera&quot;:&quot;&quot;,&quot;caption&quot;:&quot;&quot;,&quot;created_timestamp&quot;:&quot;0&quot;,&quot;copyright&quot;:&quot;&quot;,&quot;focal_length&quot;:&quot;0&quot;,&quot;iso&quot;:&quot;0&quot;,&quot;shutter_speed&quot;:&quot;0&quot;,&quot;title&quot;:&quot;&quot;,&quot;orientation&quot;:&quot;0&quot;}\" data-image-title=\"MarciaConrado-SAMU\" data-image-description=\"\" data-medium-file=\"https:\/\/i2.wp.com\/nilljunior.com.br\/wp-content\/uploads\/2023\/10\/MarciaConrado-SAMU.jpg?fit=300%2C182&amp;ssl=1\" data-large-file=\"https:\/\/i2.wp.com\/nilljunior.com.br\/wp-content\/uploads\/2023\/10\/MarciaConrado-SAMU.jpg?fit=600%2C364&amp;ssl=1\" data-recalc-dims=\"1\" data-lazy-loaded=\"1\" \/><span style=\"font-family: arial, helvetica, sans-serif;\">Por Andr\u00e9 Luis<\/span><\/b><\/span><\/p>\n<p style=\"text-align: justify;\"><span style=\"font-size: 14pt; font-family: arial, helvetica, sans-serif;\">A prefeita de Serra Talhada, M\u00e1rcia Conrado (PT), comemorou os dois anos de atividades do Servi\u00e7o de Atendimento M\u00f3vel de Urg\u00eancia (SAMU 192) da III Macrorregi\u00e3o, no \u00faltimo s\u00e1bado (7).<\/span><\/p>\n<p style=\"text-align: justify;\"><span style=\"font-size: 14pt; font-family: arial, helvetica, sans-serif;\">Em publica\u00e7\u00e3o nas redes sociais, a prefeita destacou a import\u00e2ncia do servi\u00e7o para a popula\u00e7\u00e3o da regi\u00e3o. \u201cHoje \u00e9 um dia muito especial, pois comemoramos dois anos de funcionamento do SAMU em Serra Talhada\u201d, escreveu. \u201cMais uma obra que destravamos em nossa gest\u00e3o com muita determina\u00e7\u00e3o e comprometimento, tudo isso para seguir a miss\u00e3o que Deus me deu, que \u00e9 a de cuidar do meu povo\u201d, acrescentou.<\/span><\/p>\n<p style=\"text-align: justify;\"><span style=\"font-size: 14pt; font-family: arial, helvetica, sans-serif;\">Conrado tamb\u00e9m ressaltou os n\u00fameros de atendimentos realizados pelo SAMU em Serra Talhada. \u201cPara voc\u00eas terem no\u00e7\u00e3o, s\u00f3 no m\u00eas de setembro o SAMU trabalhou em mais de 200 ocorr\u00eancias em Serra Talhada, isso quer dizer que foram salvas mais de 200 vidas gra\u00e7as a uma equipe dedicada\u201d, disse.<\/span><\/p>\n<p style=\"text-align: justify;\"><span style=\"font-size: 14pt; font-family: arial, helvetica, sans-serif;\">A prefeita tamb\u00e9m agradeceu ao Cons\u00f3rcio de Integra\u00e7\u00e3o dos Munic\u00edpios do Paje\u00fa (Cimpaje\u00fa), respons\u00e1vel pela gest\u00e3o do SAMU na regi\u00e3o. \u201cEm nome do presidente Luciano Torres, n\u00e3o posso deixar de ressaltar a import\u00e2ncia do Cimpaje\u00fa, o qual tenho muito orgulho de fazer parte da diretoria\u201d, disse.<\/span><\/p>\n<p style=\"text-align: justify;\"><span style=\"font-size: 14pt; font-family: arial, helvetica, sans-serif;\">Por fim, Conrado parabenizou toda a equipe do SAMU. \u201cParab\u00e9ns a toda a equipe do SAMU! Voc\u00eas s\u00e3o verdadeiros guerreiros e guerreiros que dedicam suas vidas a cuidar do pr\u00f3ximo\u201d, concluiu.<\/span><\/p>\n","protected":false},"excerpt":{"rendered":"<p>Por Andr&eacute; Luis A prefeita de Serra Talhada, M&aacute;rcia Conrado (PT), comemorou os dois anos de atividades do Servi&ccedil;o de Atendimento M&oacute;vel de Urg&ecirc;ncia (SAMU 192) da III Macrorregi&atilde;o, no &uacute;ltimo s&aacute;bado (7). Em publica&ccedil;&atilde;o nas redes sociais, a prefeita destacou a import&acirc;ncia do servi&ccedil;o para a popula&ccedil;&atilde;o da regi&atilde;o. &ldquo;Hoje &eacute; um dia muito especial, pois comemoramos dois anos de funcionamento do SAMU em Serra Talhada&rdquo;, escreveu. &ldquo;Mais uma obra que destravamos em nossa gest&atilde;o com muita determina&ccedil;&atilde;o e comprometimento, tudo isso para seguir a miss&atilde;o que Deus me deu, que &eacute; a de cuidar do meu povo&rdquo;, acrescentou. &#8230; <\/p>\n<p class=\"read-more-container\"><a title=\"M\u00e1rcia Conrado comemora dois anos de SAMU\" class=\"read-more button\" href=\"https:\/\/blogdojuniorcavalcanti.com.br\/index.php\/2023\/10\/09\/marcia-conrado-comemora-dois-anos-de-samu\/#more-28796\" aria-label=\"More on M\u00e1rcia Conrado comemora dois anos de SAMU\">Leia mais<\/a><\/p>\n","protected":false},"author":2,"featured_media":0,"comment_status":"open","ping_status":"open","sticky":false,"template":"","format":"standard","meta":{"footnotes":""},"categories":[26],"tags":[],"class_list":["post-28796","post","type-post","status-publish","format-standard","hentry","category-noticias"],"_links":{"self":[{"href":"https:\/\/blogdojuniorcavalcanti.com.br\/index.php\/wp-json\/wp\/v2\/posts\/28796","targetHints":{"allow":["GET"]}}],"collection":[{"href":"https:\/\/blogdojuniorcavalcanti.com.br\/index.php\/wp-json\/wp\/v2\/posts"}],"about":[{"href":"https:\/\/blogdojuniorcavalcanti.com.br\/index.php\/wp-json\/wp\/v2\/types\/post"}],"author":[{"embeddable":true,"href":"https:\/\/blogdojuniorcavalcanti.com.br\/index.php\/wp-json\/wp\/v2\/users\/2"}],"replies":[{"embeddable":true,"href":"https:\/\/blogdojuniorcavalcanti.com.br\/index.php\/wp-json\/wp\/v2\/comments?post=28796"}],"version-history":[{"count":1,"href":"https:\/\/blogdojuniorcavalcanti.com.br\/index.php\/wp-json\/wp\/v2\/posts\/28796\/revisions"}],"predecessor-version":[{"id":28797,"href":"https:\/\/blogdojuniorcavalcanti.com.br\/index.php\/wp-json\/wp\/v2\/posts\/28796\/revisions\/28797"}],"wp:attachment":[{"href":"https:\/\/blogdojuniorcavalcanti.com.br\/index.php\/wp-json\/wp\/v2\/media?parent=28796"}],"wp:term":[{"taxonomy":"category","embeddable":true,"href":"https:\/\/blogdojuniorcavalcanti.com.br\/index.php\/wp-json\/wp\/v2\/categories?post=28796"},{"taxonomy":"post_tag","embeddable":true,"href":"https:\/\/blogdojuniorcavalcanti.com.br\/index.php\/wp-json\/wp\/v2\/tags?post=28796"}],"curies":[{"name":"wp","href":"https:\/\/api.w.org\/{rel}","templated":true}]}}