{"id":28895,"date":"2023-10-12T04:55:48","date_gmt":"2023-10-12T07:55:48","guid":{"rendered":"https:\/\/blogdojuniorcavalcanti.com.br\/?p=28895"},"modified":"2023-10-12T04:55:48","modified_gmt":"2023-10-12T07:55:48","slug":"prefeituras-de-afogados-e-sao-jose-do-egito-tambem-decretam-ponto-facultativo-sexta","status":"publish","type":"post","link":"https:\/\/blogdojuniorcavalcanti.com.br\/index.php\/2023\/10\/12\/prefeituras-de-afogados-e-sao-jose-do-egito-tambem-decretam-ponto-facultativo-sexta\/","title":{"rendered":"Prefeituras de Afogados e S\u00e3o Jos\u00e9 do Egito tamb\u00e9m decretam ponto facultativo sexta"},"content":{"rendered":"<p style=\"text-align: justify;\"><span style=\"font-size: 14pt;\"><img fetchpriority=\"high\" decoding=\"async\" class=\"alignleft wp-image-268804 jetpack-lazy-image jetpack-lazy-image--handled\" src=\"https:\/\/i0.wp.com\/nilljunior.com.br\/wp-content\/uploads\/2023\/10\/714ea6e6-5c7e-45b0-a5b0-a7ce0e4ac319.jpg?resize=400%2C597&amp;ssl=1\" sizes=\"(max-width: 400px) 100vw, 400px\" srcset=\"https:\/\/i0.wp.com\/nilljunior.com.br\/wp-content\/uploads\/2023\/10\/714ea6e6-5c7e-45b0-a5b0-a7ce0e4ac319.jpg?w=976&amp;ssl=1 976w, https:\/\/i0.wp.com\/nilljunior.com.br\/wp-content\/uploads\/2023\/10\/714ea6e6-5c7e-45b0-a5b0-a7ce0e4ac319.jpg?resize=168%2C250&amp;ssl=1 168w, https:\/\/i0.wp.com\/nilljunior.com.br\/wp-content\/uploads\/2023\/10\/714ea6e6-5c7e-45b0-a5b0-a7ce0e4ac319.jpg?resize=768%2C1146&amp;ssl=1 768w, https:\/\/i0.wp.com\/nilljunior.com.br\/wp-content\/uploads\/2023\/10\/714ea6e6-5c7e-45b0-a5b0-a7ce0e4ac319.jpg?resize=268%2C400&amp;ssl=1 268w\" alt=\"\" width=\"400\" height=\"597\" data-attachment-id=\"268804\" data-permalink=\"https:\/\/nilljunior.com.br\/prefeituras-de-afogados-e-sao-jose-do-egito-tambem-decretam-ponto-facultativo-sexta\/714ea6e6-5c7e-45b0-a5b0-a7ce0e4ac319\/\" data-orig-file=\"https:\/\/i0.wp.com\/nilljunior.com.br\/wp-content\/uploads\/2023\/10\/714ea6e6-5c7e-45b0-a5b0-a7ce0e4ac319.jpg?fit=976%2C1456&amp;ssl=1\" data-orig-size=\"976,1456\" data-comments-opened=\"1\" data-image-meta=\"{&quot;aperture&quot;:&quot;0&quot;,&quot;credit&quot;:&quot;&quot;,&quot;camera&quot;:&quot;&quot;,&quot;caption&quot;:&quot;&quot;,&quot;created_timestamp&quot;:&quot;0&quot;,&quot;copyright&quot;:&quot;&quot;,&quot;focal_length&quot;:&quot;0&quot;,&quot;iso&quot;:&quot;0&quot;,&quot;shutter_speed&quot;:&quot;0&quot;,&quot;title&quot;:&quot;&quot;,&quot;orientation&quot;:&quot;1&quot;}\" data-image-title=\"714ea6e6-5c7e-45b0-a5b0-a7ce0e4ac319\" data-image-description=\"\" data-medium-file=\"https:\/\/i0.wp.com\/nilljunior.com.br\/wp-content\/uploads\/2023\/10\/714ea6e6-5c7e-45b0-a5b0-a7ce0e4ac319.jpg?fit=168%2C250&amp;ssl=1\" data-large-file=\"https:\/\/i0.wp.com\/nilljunior.com.br\/wp-content\/uploads\/2023\/10\/714ea6e6-5c7e-45b0-a5b0-a7ce0e4ac319.jpg?fit=268%2C400&amp;ssl=1\" data-recalc-dims=\"1\" data-lazy-loaded=\"1\" \/><span style=\"font-family: arial, helvetica, sans-serif;\">A Prefeitura de Afogados da Ingazeira emitiu decreto tornando ponto facultativo, nas reparti\u00e7\u00f5es p\u00fablicas municipais, a pr\u00f3xima sexta (13).<\/span><\/span><\/p>\n<p style=\"text-align: justify;\"><span style=\"font-size: 14pt; font-family: arial, helvetica, sans-serif;\">O decreto leva em conta a ampla comemora\u00e7\u00e3o dada ao dia 12 de outubro, em raz\u00e3o de feriado de car\u00e1ter nacional em homenagem a Nossa Senhora Aparecida \u2013 Padroeira do Brasil, \u201cal\u00e9m da necessidade de conten\u00e7\u00e3o de gastos e a busca por equil\u00edbrio nas contas p\u00fablicas em raz\u00e3o da crise econ\u00f4mica por que passam os municipios\u201d.<\/span><\/p>\n<p style=\"text-align: justify;\"><span style=\"font-size: 14pt; font-family: arial, helvetica, sans-serif;\">O decreto, assinado pelo prefeito Sandrinho Palmeira,\u00a0 tamb\u00e9m mant\u00e9m assegurado o funcionamento dos servi\u00e7os essenciais, a exemplo da coleta de lixo e da Guarda Civil Municipal.<\/span><\/p>\n<p style=\"text-align: justify;\"><span style=\"font-size: 14pt; font-family: arial, helvetica, sans-serif;\">Mesma decis\u00e3o foi tomada pelo prefeito de S\u00e3o Jos\u00e9 do Egitpo, Evandro Valadares. Fiocam mantidos apenas os servi\u00e7os tidos como essenciais, como limpeza urbana.<\/span><\/p>\n","protected":false},"excerpt":{"rendered":"<p>A Prefeitura de Afogados da Ingazeira emitiu decreto tornando ponto facultativo, nas reparti&ccedil;&otilde;es p&uacute;blicas municipais, a pr&oacute;xima sexta (13). O decreto leva em conta a ampla comemora&ccedil;&atilde;o dada ao dia 12 de outubro, em raz&atilde;o de feriado de car&aacute;ter nacional em homenagem a Nossa Senhora Aparecida &ndash; Padroeira do Brasil, &ldquo;al&eacute;m da necessidade de conten&ccedil;&atilde;o de gastos e a busca por equil&iacute;brio nas contas p&uacute;blicas em raz&atilde;o da crise econ&ocirc;mica por que passam os municipios&rdquo;. O decreto, assinado pelo prefeito Sandrinho Palmeira,&nbsp; tamb&eacute;m mant&eacute;m assegurado o funcionamento dos servi&ccedil;os essenciais, a exemplo da coleta de lixo e da Guarda Civil &#8230; <\/p>\n<p class=\"read-more-container\"><a title=\"Prefeituras de Afogados e S\u00e3o Jos\u00e9 do Egito tamb\u00e9m decretam ponto facultativo sexta\" class=\"read-more button\" href=\"https:\/\/blogdojuniorcavalcanti.com.br\/index.php\/2023\/10\/12\/prefeituras-de-afogados-e-sao-jose-do-egito-tambem-decretam-ponto-facultativo-sexta\/#more-28895\" aria-label=\"More on Prefeituras de Afogados e S\u00e3o Jos\u00e9 do Egito tamb\u00e9m decretam ponto facultativo sexta\">Leia mais<\/a><\/p>\n","protected":false},"author":2,"featured_media":0,"comment_status":"open","ping_status":"open","sticky":false,"template":"","format":"standard","meta":{"footnotes":""},"categories":[26],"tags":[],"class_list":["post-28895","post","type-post","status-publish","format-standard","hentry","category-noticias"],"_links":{"self":[{"href":"https:\/\/blogdojuniorcavalcanti.com.br\/index.php\/wp-json\/wp\/v2\/posts\/28895","targetHints":{"allow":["GET"]}}],"collection":[{"href":"https:\/\/blogdojuniorcavalcanti.com.br\/index.php\/wp-json\/wp\/v2\/posts"}],"about":[{"href":"https:\/\/blogdojuniorcavalcanti.com.br\/index.php\/wp-json\/wp\/v2\/types\/post"}],"author":[{"embeddable":true,"href":"https:\/\/blogdojuniorcavalcanti.com.br\/index.php\/wp-json\/wp\/v2\/users\/2"}],"replies":[{"embeddable":true,"href":"https:\/\/blogdojuniorcavalcanti.com.br\/index.php\/wp-json\/wp\/v2\/comments?post=28895"}],"version-history":[{"count":1,"href":"https:\/\/blogdojuniorcavalcanti.com.br\/index.php\/wp-json\/wp\/v2\/posts\/28895\/revisions"}],"predecessor-version":[{"id":28896,"href":"https:\/\/blogdojuniorcavalcanti.com.br\/index.php\/wp-json\/wp\/v2\/posts\/28895\/revisions\/28896"}],"wp:attachment":[{"href":"https:\/\/blogdojuniorcavalcanti.com.br\/index.php\/wp-json\/wp\/v2\/media?parent=28895"}],"wp:term":[{"taxonomy":"category","embeddable":true,"href":"https:\/\/blogdojuniorcavalcanti.com.br\/index.php\/wp-json\/wp\/v2\/categories?post=28895"},{"taxonomy":"post_tag","embeddable":true,"href":"https:\/\/blogdojuniorcavalcanti.com.br\/index.php\/wp-json\/wp\/v2\/tags?post=28895"}],"curies":[{"name":"wp","href":"https:\/\/api.w.org\/{rel}","templated":true}]}}