{"id":28906,"date":"2023-10-13T04:47:06","date_gmt":"2023-10-13T07:47:06","guid":{"rendered":"https:\/\/blogdojuniorcavalcanti.com.br\/?p=28906"},"modified":"2023-10-13T04:47:06","modified_gmt":"2023-10-13T07:47:06","slug":"governadora-raquel-lyra-anuncia-pagamento-do-bonus-de-desempenho-educacional-no-total-de-r-164-milhoes","status":"publish","type":"post","link":"https:\/\/blogdojuniorcavalcanti.com.br\/index.php\/2023\/10\/13\/governadora-raquel-lyra-anuncia-pagamento-do-bonus-de-desempenho-educacional-no-total-de-r-164-milhoes\/","title":{"rendered":"Governadora Raquel Lyra anuncia pagamento do B\u00f4nus de Desempenho Educacional no total de R$ 164 milh\u00f5es"},"content":{"rendered":"<div style=\"text-align: justify;\"><span style=\"font-size: 14pt; font-family: arial, helvetica, sans-serif;\"><i>O pagamento ser\u00e1 feito nesta sexta-feira (13) e deve beneficiar mais de 26 mil profissionais da Educa\u00e7\u00e3o<\/i><\/span><\/div>\n<div style=\"text-align: justify;\"><span style=\"font-size: 14pt; font-family: arial, helvetica, sans-serif;\"><img fetchpriority=\"high\" decoding=\"async\" class=\"aligncenter size-large wp-image-248847 jetpack-lazy-image jetpack-lazy-image--handled\" src=\"https:\/\/blogdofinfa.com.br\/wp-content\/uploads\/2023\/10\/Felipe-Barros-Secom-800x600.jpeg\" sizes=\"(max-width: 600px) 100vw, 600px\" srcset=\"https:\/\/blogdofinfa.com.br\/wp-content\/uploads\/2023\/10\/Felipe-Barros-Secom-800x600.jpeg 800w, https:\/\/blogdofinfa.com.br\/wp-content\/uploads\/2023\/10\/Felipe-Barros-Secom-300x225.jpeg 300w, https:\/\/blogdofinfa.com.br\/wp-content\/uploads\/2023\/10\/Felipe-Barros-Secom-768x576.jpeg 768w, https:\/\/blogdofinfa.com.br\/wp-content\/uploads\/2023\/10\/Felipe-Barros-Secom-1536x1152.jpeg 1536w, https:\/\/blogdofinfa.com.br\/wp-content\/uploads\/2023\/10\/Felipe-Barros-Secom-2048x1536.jpeg 2048w, https:\/\/blogdofinfa.com.br\/wp-content\/uploads\/2023\/10\/Felipe-Barros-Secom-200x150.jpeg 200w, https:\/\/blogdofinfa.com.br\/wp-content\/uploads\/2023\/10\/Felipe-Barros-Secom-24x18.jpeg 24w, https:\/\/blogdofinfa.com.br\/wp-content\/uploads\/2023\/10\/Felipe-Barros-Secom-36x27.jpeg 36w, https:\/\/blogdofinfa.com.br\/wp-content\/uploads\/2023\/10\/Felipe-Barros-Secom-48x36.jpeg 48w\" alt=\"\" width=\"600\" height=\"450\" data-attachment-id=\"248847\" data-permalink=\"https:\/\/blogdofinfa.com.br\/2023\/10\/governadora-raquel-lyra-anuncia-pagamento-do-bonus-de-desempenho-educacional-no-total-de-r-164-milhoes.html\/felipe-barros-secom\" data-orig-file=\"https:\/\/blogdofinfa.com.br\/wp-content\/uploads\/2023\/10\/Felipe-Barros-Secom-scaled.jpeg\" data-orig-size=\"2560,1920\" data-comments-opened=\"1\" data-image-meta=\"{&quot;aperture&quot;:&quot;0&quot;,&quot;credit&quot;:&quot;&quot;,&quot;camera&quot;:&quot;&quot;,&quot;caption&quot;:&quot;&quot;,&quot;created_timestamp&quot;:&quot;0&quot;,&quot;copyright&quot;:&quot;&quot;,&quot;focal_length&quot;:&quot;0&quot;,&quot;iso&quot;:&quot;0&quot;,&quot;shutter_speed&quot;:&quot;0&quot;,&quot;title&quot;:&quot;&quot;,&quot;orientation&quot;:&quot;0&quot;}\" data-image-title=\"Felipe Barros \u2013 Secom\" data-image-description=\"\" data-image-caption=\"\" data-medium-file=\"https:\/\/blogdofinfa.com.br\/wp-content\/uploads\/2023\/10\/Felipe-Barros-Secom-300x225.jpeg\" data-large-file=\"https:\/\/blogdofinfa.com.br\/wp-content\/uploads\/2023\/10\/Felipe-Barros-Secom-800x600.jpeg\" data-lazy-loaded=\"1\" \/><\/span><\/div>\n<div style=\"text-align: justify;\"><\/div>\n<div style=\"text-align: justify;\"><span style=\"font-size: 14pt; font-family: arial, helvetica, sans-serif;\">O Governo de Pernambuco, por meio da Secretaria de Educa\u00e7\u00e3o e Esportes, efetuar\u00e1, nesta sexta-feira (13), o pagamento do B\u00f4nus de Desempenho Educacional (BDE) 2023. A governadora Raquel Lyra anunciou que o valor total a ser pago neste ano \u00e9 de R$ 164,4 milh\u00f5es, com valor m\u00e9dio de R$ 5.690,69 e valor m\u00e1ximo de mais de R$ 13 mil. O b\u00f4nus est\u00e1 regulamentado pelo Decreto n\u00ba 55.510, publicado nesta quinta-feira (12) no Di\u00e1rio Oficial do Estado. Ao todo, ser\u00e3o contemplados mais de 26 mil profissionais da Educa\u00e7\u00e3o que desempenharam suas fun\u00e7\u00f5es nos processos educacionais e nas metas atingidas, tanto nas unidades escolares eleg\u00edveis ao benef\u00edcio, como nas Ger\u00eancias Regionais de Educa\u00e7\u00e3o (GREs) e na sede da Secretaria de Educa\u00e7\u00e3o e Esportes.\u00a0<\/span><\/div>\n<div style=\"text-align: justify;\"><\/div>\n<div style=\"text-align: justify;\"><span style=\"font-size: 14pt; font-family: arial, helvetica, sans-serif;\">\u201cPernambuco valoriza a Educa\u00e7\u00e3o e por isso, na comemora\u00e7\u00e3o do Dia dos Professores, amanh\u00e3, ser\u00e3o mais de cento e sessenta milh\u00f5es depositados na conta dos servidores de Educa\u00e7\u00e3o do nosso estado. Fruto do resultado do trabalho desempenhado ao longo do \u00faltimo ano e hoje podendo ter a oportunidade de garantir mais respeito ao trabalhador e trabalhadora e tamb\u00e9m a valoriza\u00e7\u00e3o do seu trabalho a partir das metas alcan\u00e7adas. Juntos pela Educa\u00e7\u00e3o faremos a verdadeira mudan\u00e7a que Pernambuco precisa\u201d, destacou a governadora Raquel Lyra.<\/span><\/div>\n<div style=\"text-align: justify;\"><\/div>\n<div style=\"text-align: justify;\"><span style=\"font-size: 14pt; font-family: arial, helvetica, sans-serif;\">Para a secret\u00e1ria de Educa\u00e7\u00e3o e Esportes, Ivaneide Dantas, a valoriza\u00e7\u00e3o dos professores e professoras est\u00e1 entre as prioridades da atual gest\u00e3o. \u201cEsse b\u00f4nus, anunciado na semana em que comemoramos o Dia do Professor, \u00e9 um reconhecimento ao esfor\u00e7o dos profissionais que diariamente trabalham para alcan\u00e7ar as metas e garantir que tenhamos uma Educa\u00e7\u00e3o de qualidade em Pernambuco. \u00c9 dessa forma que vamos transformar a Educa\u00e7\u00e3o do nosso estado\u201d, destacou a secret\u00e1ria.<\/span><\/div>\n<div style=\"text-align: justify;\"><\/div>\n<div style=\"text-align: justify;\"><span style=\"font-size: 14pt; font-family: arial, helvetica, sans-serif;\">V\u00e3o receber o b\u00f4nus os profissionais da Educa\u00e7\u00e3o que atuam nas escolas que possuem matr\u00edculas nas etapas de ensino examinadas pelas avalia\u00e7\u00f5es externas (Ideb e Idepe) durante o processo, ou seja, 5\u00ba ano do Ensino Fundamental, 9\u00ba ano do Ensino Fundamental e 3\u00ba ano do Ensino M\u00e9dio. Al\u00e9m disso, tamb\u00e9m est\u00e3o aptos a receber o benef\u00edcio os servidores que possuem pelo menos seis meses de efetivo exerc\u00edcio no ano de 2022 em unidade escolar eleg\u00edvel, GRE ou na sede da Secretaria de Educa\u00e7\u00e3o e Esportes.<\/span><\/div>\n<div style=\"text-align: justify;\"><\/div>\n<div style=\"text-align: justify;\"><span style=\"font-size: 14pt; font-family: arial, helvetica, sans-serif;\"><strong>Foto: Felipe Barros\/Secom<\/strong><\/span><\/div>\n","protected":false},"excerpt":{"rendered":"<p>O pagamento ser&aacute; feito nesta sexta-feira (13) e deve beneficiar mais de 26 mil profissionais da Educa&ccedil;&atilde;o O Governo de Pernambuco, por meio da Secretaria de Educa&ccedil;&atilde;o e Esportes, efetuar&aacute;, nesta sexta-feira (13), o pagamento do B&ocirc;nus de Desempenho Educacional (BDE) 2023. A governadora Raquel Lyra anunciou que o valor total a ser pago neste ano &eacute; de R$ 164,4 milh&otilde;es, com valor m&eacute;dio de R$ 5.690,69 e valor m&aacute;ximo de mais de R$ 13 mil. O b&ocirc;nus est&aacute; regulamentado pelo Decreto n&ordm; 55.510, publicado nesta quinta-feira (12) no Di&aacute;rio Oficial do Estado. Ao todo, ser&atilde;o contemplados mais de 26 &#8230; <\/p>\n<p class=\"read-more-container\"><a title=\"Governadora Raquel Lyra anuncia pagamento do B\u00f4nus de Desempenho Educacional no total de R$ 164 milh\u00f5es\" class=\"read-more button\" href=\"https:\/\/blogdojuniorcavalcanti.com.br\/index.php\/2023\/10\/13\/governadora-raquel-lyra-anuncia-pagamento-do-bonus-de-desempenho-educacional-no-total-de-r-164-milhoes\/#more-28906\" aria-label=\"More on Governadora Raquel Lyra anuncia pagamento do B\u00f4nus de Desempenho Educacional no total de R$ 164 milh\u00f5es\">Leia mais<\/a><\/p>\n","protected":false},"author":2,"featured_media":0,"comment_status":"open","ping_status":"open","sticky":false,"template":"","format":"standard","meta":{"footnotes":""},"categories":[26],"tags":[],"class_list":["post-28906","post","type-post","status-publish","format-standard","hentry","category-noticias"],"_links":{"self":[{"href":"https:\/\/blogdojuniorcavalcanti.com.br\/index.php\/wp-json\/wp\/v2\/posts\/28906","targetHints":{"allow":["GET"]}}],"collection":[{"href":"https:\/\/blogdojuniorcavalcanti.com.br\/index.php\/wp-json\/wp\/v2\/posts"}],"about":[{"href":"https:\/\/blogdojuniorcavalcanti.com.br\/index.php\/wp-json\/wp\/v2\/types\/post"}],"author":[{"embeddable":true,"href":"https:\/\/blogdojuniorcavalcanti.com.br\/index.php\/wp-json\/wp\/v2\/users\/2"}],"replies":[{"embeddable":true,"href":"https:\/\/blogdojuniorcavalcanti.com.br\/index.php\/wp-json\/wp\/v2\/comments?post=28906"}],"version-history":[{"count":1,"href":"https:\/\/blogdojuniorcavalcanti.com.br\/index.php\/wp-json\/wp\/v2\/posts\/28906\/revisions"}],"predecessor-version":[{"id":28907,"href":"https:\/\/blogdojuniorcavalcanti.com.br\/index.php\/wp-json\/wp\/v2\/posts\/28906\/revisions\/28907"}],"wp:attachment":[{"href":"https:\/\/blogdojuniorcavalcanti.com.br\/index.php\/wp-json\/wp\/v2\/media?parent=28906"}],"wp:term":[{"taxonomy":"category","embeddable":true,"href":"https:\/\/blogdojuniorcavalcanti.com.br\/index.php\/wp-json\/wp\/v2\/categories?post=28906"},{"taxonomy":"post_tag","embeddable":true,"href":"https:\/\/blogdojuniorcavalcanti.com.br\/index.php\/wp-json\/wp\/v2\/tags?post=28906"}],"curies":[{"name":"wp","href":"https:\/\/api.w.org\/{rel}","templated":true}]}}