{"id":28966,"date":"2023-10-17T04:44:58","date_gmt":"2023-10-17T07:44:58","guid":{"rendered":"https:\/\/blogdojuniorcavalcanti.com.br\/?p=28966"},"modified":"2023-10-17T04:44:58","modified_gmt":"2023-10-17T07:44:58","slug":"raquel-lyra-anuncia-investimento-de-r-16-bilhao-para-instalacao-de-terminal-de-conteineres-em-suape","status":"publish","type":"post","link":"https:\/\/blogdojuniorcavalcanti.com.br\/index.php\/2023\/10\/17\/raquel-lyra-anuncia-investimento-de-r-16-bilhao-para-instalacao-de-terminal-de-conteineres-em-suape\/","title":{"rendered":"Raquel Lyra anuncia investimento de R$ 1,6 bilh\u00e3o para instala\u00e7\u00e3o de terminal de cont\u00eaineres em Suape"},"content":{"rendered":"<p style=\"text-align: justify;\"><span style=\"font-size: 14pt;\"><strong><em><img fetchpriority=\"high\" decoding=\"async\" class=\"alignleft wp-image-269114 jetpack-lazy-image jetpack-lazy-image--handled\" src=\"https:\/\/i2.wp.com\/nilljunior.com.br\/wp-content\/uploads\/2023\/10\/SilvioCostaFilho-RaquelLyra.jpeg?resize=400%2C267&amp;ssl=1\" sizes=\"(max-width: 400px) 100vw, 400px\" srcset=\"https:\/\/i2.wp.com\/nilljunior.com.br\/wp-content\/uploads\/2023\/10\/SilvioCostaFilho-RaquelLyra.jpeg?w=1600&amp;ssl=1 1600w, https:\/\/i2.wp.com\/nilljunior.com.br\/wp-content\/uploads\/2023\/10\/SilvioCostaFilho-RaquelLyra.jpeg?resize=150%2C100&amp;ssl=1 150w, https:\/\/i2.wp.com\/nilljunior.com.br\/wp-content\/uploads\/2023\/10\/SilvioCostaFilho-RaquelLyra.jpeg?resize=300%2C200&amp;ssl=1 300w, https:\/\/i2.wp.com\/nilljunior.com.br\/wp-content\/uploads\/2023\/10\/SilvioCostaFilho-RaquelLyra.jpeg?resize=768%2C512&amp;ssl=1 768w, https:\/\/i2.wp.com\/nilljunior.com.br\/wp-content\/uploads\/2023\/10\/SilvioCostaFilho-RaquelLyra.jpeg?resize=600%2C400&amp;ssl=1 600w\" alt=\"\" width=\"400\" height=\"267\" data-attachment-id=\"269114\" data-permalink=\"https:\/\/nilljunior.com.br\/raquel-lyra-anuncia-investimento-de-r-16-bilhao-para-instalacao-de-terminal-de-conteineres-em-suape\/silviocostafilho-raquellyra-2\/\" data-orig-file=\"https:\/\/i2.wp.com\/nilljunior.com.br\/wp-content\/uploads\/2023\/10\/SilvioCostaFilho-RaquelLyra.jpeg?fit=1600%2C1066&amp;ssl=1\" data-orig-size=\"1600,1066\" data-comments-opened=\"1\" data-image-meta=\"{&quot;aperture&quot;:&quot;0&quot;,&quot;credit&quot;:&quot;&quot;,&quot;camera&quot;:&quot;&quot;,&quot;caption&quot;:&quot;&quot;,&quot;created_timestamp&quot;:&quot;0&quot;,&quot;copyright&quot;:&quot;&quot;,&quot;focal_length&quot;:&quot;0&quot;,&quot;iso&quot;:&quot;0&quot;,&quot;shutter_speed&quot;:&quot;0&quot;,&quot;title&quot;:&quot;&quot;,&quot;orientation&quot;:&quot;0&quot;}\" data-image-title=\"SilvioCostaFilho-RaquelLyra\" data-image-description=\"\" data-medium-file=\"https:\/\/i2.wp.com\/nilljunior.com.br\/wp-content\/uploads\/2023\/10\/SilvioCostaFilho-RaquelLyra.jpeg?fit=300%2C200&amp;ssl=1\" data-large-file=\"https:\/\/i2.wp.com\/nilljunior.com.br\/wp-content\/uploads\/2023\/10\/SilvioCostaFilho-RaquelLyra.jpeg?fit=600%2C400&amp;ssl=1\" data-recalc-dims=\"1\" data-lazy-loaded=\"1\" \/><span style=\"font-family: arial, helvetica, sans-serif;\">O equipamento, que ser\u00e1 instalado pela empresa APM Terminals, vai gerar empregos diretos e indiretos durante as suas obras e na opera\u00e7\u00e3o<\/span><\/em><\/strong><\/span><\/p>\n<p style=\"text-align: justify;\"><span style=\"font-size: 14pt; font-family: arial, helvetica, sans-serif;\">A governadora Raquel Lyra anunciou a instala\u00e7\u00e3o de um novo terminal de cont\u00eaineres no Complexo Industrial Portu\u00e1rio de Suape. Nesta segunda-feira (16), durante evento realizado em Suape, a gestora e o ministro de Portos e Aeroportos, Silvio Costa Filho, assinaram a autoriza\u00e7\u00e3o para viabiliza\u00e7\u00e3o do empreendimento.<\/span><\/p>\n<p style=\"text-align: justify;\"><span style=\"font-size: 14pt; font-family: arial, helvetica, sans-serif;\">O terminal ser\u00e1 instalado pela APM Terminals, subsidi\u00e1ria da A.P Moller-Maersk, com investimento de aproximadamente R$ 1,6 bilh\u00e3o. No per\u00edodo da obra, ser\u00e3o gerados 500 empregos diretos e 2 mil indiretos. Quando estiver em opera\u00e7\u00e3o, o terminal vai gerar 350 postos de trabalho diretos e 1,4 mil indiretos.<\/span><\/p>\n<p style=\"text-align: justify;\"><span style=\"font-size: 14pt; font-family: arial, helvetica, sans-serif;\">\u201cEsse investimento garante mais competitividade para o Porto de Suape. A amplia\u00e7\u00e3o permitir\u00e1 que Pernambuco se reposicione do ponto de vista log\u00edstico tanto para o Brasil quanto para o mundo. O novo terminal vai permitir que o Estado possa quintuplicar todos os containers, para que possa receber mais carga, ampliando a gera\u00e7\u00e3o de novos neg\u00f3cios\u201d, destacou Raquel Lyra.<\/span><\/p>\n<p style=\"text-align: justify;\"><span style=\"font-size: 14pt; font-family: arial, helvetica, sans-serif;\">As obras do empreendimento ser\u00e3o iniciadas em 2024 e a APM Terminals planeja iniciar as opera\u00e7\u00f5es em 2026. \u201cEsse novo terminal vai colocar Pernambuco no hub internacional, fazendo com que a gente possa ampliar as exporta\u00e7\u00f5es do Estado e do Nordeste, para o Brasil. Essa iniciativa dialoga com o conjunto de interven\u00e7\u00f5es que est\u00e3o sendo feitas pelo governo federal, em parceria com o Governo do Estado\u201d, afirmou o ministro Silvio Costa Filho.<\/span><\/p>\n<p style=\"text-align: justify;\"><span style=\"font-size: 14pt; font-family: arial, helvetica, sans-serif;\">Com ocupa\u00e7\u00e3o prevista em uma \u00e1rea de cerca de 50 hectares, o terminal ter\u00e1 capacidade inicial de movimentar, anualmente, 400 mil TEUs (medida-padr\u00e3o utilizada para calcular o volume de um cont\u00eainer), podendo ultrapassar a marca de 1,3 milh\u00e3o de TEUs anuais quando estiver em pleno funcionamento.<\/span><\/p>\n<p style=\"text-align: justify;\"><span style=\"font-size: 14pt; font-family: arial, helvetica, sans-serif;\">\u201cEste ser\u00e1 o primeiro terminal 100% eletrificado na Am\u00e9rica Latina. Todos os equipamentos ser\u00e3o el\u00e9tricos, com tecnologia e processos de ponta, como um sistema completo de gest\u00e3o ambiental, gest\u00e3o de res\u00edduos, tratamento de \u00e1guas residuais e modelagem de fluxo de \u00e1guas subterr\u00e2neas para controle de polui\u00e7\u00e3o. Tamb\u00e9m ter\u00e1 rede 5G pr\u00f3pria, que possibilitar\u00e1 transmitir informa\u00e7\u00f5es em tempo real para os clientes, 24 horas por dia, sete dias por semana\u201d, ressaltou o diretor-presidente da APM Terminals Suape, Aristides Russi Junior.<\/span><\/p>\n<p style=\"text-align: justify;\"><span style=\"font-size: 14pt; font-family: arial, helvetica, sans-serif;\">O aumento exponencial do volume de carga vai permitir consolidar a lideran\u00e7a regional do porto pernambucano nesse tipo de opera\u00e7\u00e3o. A t\u00edtulo de compara\u00e7\u00e3o, em 2022, o atracadouro movimentou 492.194,00 TEUs no Terminal de Cont\u00eaineres do Porto de Suape.<\/span><\/p>\n<p style=\"text-align: justify;\"><span style=\"font-size: 14pt; font-family: arial, helvetica, sans-serif;\">\u201cO porto, que tem posi\u00e7\u00e3o geogr\u00e1fica estrat\u00e9gica, com sete capitais nordestinas situadas num raio de 800 km, concentrar\u00e1 volumes ainda maiores de cargas conteinerizadas a serem distribu\u00eddas na regi\u00e3o e no restante do Pa\u00eds, com significativa redu\u00e7\u00e3o de custos, tornando-se mais competitivo\u201d, enfatizou o diretor-presidente da estatal portu\u00e1ria, Marcio Guiot.<\/span><\/p>\n<p style=\"text-align: justify;\"><span style=\"font-size: 14pt; font-family: arial, helvetica, sans-serif;\">De acordo com estudos da APM Terminals, a previs\u00e3o do setor \u00e9 de que, at\u00e9 2030, Suape tenha aproximadamente 5% do share de movimenta\u00e7\u00f5es no Brasil, um dado bastante relevante que refor\u00e7a o potencial do atracadouro. O porto \u00e9 o 6\u00ba em movimenta\u00e7\u00e3o de carga do Pa\u00eds e conta com localiza\u00e7\u00e3o estrat\u00e9gica, o que favorece a cria\u00e7\u00e3o de rotas de longo curso (com origem nos estados e nos pa\u00edses da Uni\u00e3o Europeia) e o incremento no transporte de cabotagem, sobretudo entre os portos da regi\u00e3o Norte.<\/span><\/p>\n<p style=\"text-align: justify;\"><span style=\"font-size: 14pt; font-family: arial, helvetica, sans-serif;\">O novo terminal \u00e9 resultado do revocacionamento dos estaleiros do cluster naval de Suape, ap\u00f3s a venda de parte da \u00e1rea pertencente ao Estaleiro Atl\u00e2ntico Sul (EAS). O processo teve desfecho com a realiza\u00e7\u00e3o de um leil\u00e3o, em julho de 2022, quando a Maersk cobriu a maior oferta com um valor de R$ 455 milh\u00f5es. Esse resultado j\u00e1 foi homologado pela Justi\u00e7a Federal para o pagamento de parte do passivo aos credores do EAS.<\/span><\/p>\n<p style=\"text-align: justify;\"><span style=\"font-size: 14pt; font-family: arial, helvetica, sans-serif;\">Presente na solenidade, o deputado federal Carlos Veras refor\u00e7ou que o Brasil voltou a se conectar com Pernambuco. \u201cNo Congresso vamos trabalhar juntos para o desenvolvimento do nosso Estado, com a atra\u00e7\u00e3o de investimentos e a gera\u00e7\u00e3o de emprego e renda\u201d. Em seguida, o deputado estadual M\u00e1rio Ricardo acrescentou que Pernambuco vive um momento de retomada do desenvolvimento. \u201cA chegada desse equipamento \u00e9 a certeza de que o Porto de Suape viver\u00e1 novos tempos, em que o desenvolvimento certamente chegar\u00e1 nas pessoas. Esse \u00e9 o nosso principal prop\u00f3sito\u201d, finalizou o deputado.<\/span><\/p>\n<p style=\"text-align: justify;\"><span style=\"font-size: 14pt; font-family: arial, helvetica, sans-serif;\">Tamb\u00e9m participaram do evento os secret\u00e1rios estaduais T\u00falio Vila\u00e7a (Casa Civil), Guilherme Cavalcanti (Desenvolvimento Econ\u00f4mico) e Rubens J\u00fanior (executivo da Casa Civil); os deputados federais Augusto Coutinho, Oss\u00e9sio Silva e Lula da Fonte; o presidente da Assembleia Legislativa de Pernambuco, deputado \u00c1lvaro Porto; os deputados estaduais Jo\u00e3o Paulo Costa, William Br\u00edgido, Jo\u00e3o de Nadegi e Henrique Queiroz Filho; os presidentes da Ag\u00eancia Estadual de Meio Ambiente (CPRH), Jos\u00e9 de Anchieta dos Santos; da Fiepe, Ricardo Essinger; e do Conselho de Administra\u00e7\u00e3o do Complexo de Suape, Paulo Sales; o CEO da APM Terminals Americas, Leo Huisman; a secret\u00e1ria nacional de Portos e Transportes Aquavi\u00e1rios (SNPTA), Mariana Pescatori; e os prefeitos Nadegi Queiroz (Camaragibe), Edmilson Cupertino (Moreno) e Keko do Armaz\u00e9m (Cabo de Santo Agostinho).<\/span><\/p>\n","protected":false},"excerpt":{"rendered":"<p>O equipamento, que ser&aacute; instalado pela empresa APM Terminals, vai gerar empregos diretos e indiretos durante as suas obras e na opera&ccedil;&atilde;o A governadora Raquel Lyra anunciou a instala&ccedil;&atilde;o de um novo terminal de cont&ecirc;ineres no Complexo Industrial Portu&aacute;rio de Suape. Nesta segunda-feira (16), durante evento realizado em Suape, a gestora e o ministro de Portos e Aeroportos, Silvio Costa Filho, assinaram a autoriza&ccedil;&atilde;o para viabiliza&ccedil;&atilde;o do empreendimento. O terminal ser&aacute; instalado pela APM Terminals, subsidi&aacute;ria da A.P Moller-Maersk, com investimento de aproximadamente R$ 1,6 bilh&atilde;o. No per&iacute;odo da obra, ser&atilde;o gerados 500 empregos diretos e 2 mil indiretos. Quando &#8230; <\/p>\n<p class=\"read-more-container\"><a title=\"Raquel Lyra anuncia investimento de R$ 1,6 bilh\u00e3o para instala\u00e7\u00e3o de terminal de cont\u00eaineres em Suape\" class=\"read-more button\" href=\"https:\/\/blogdojuniorcavalcanti.com.br\/index.php\/2023\/10\/17\/raquel-lyra-anuncia-investimento-de-r-16-bilhao-para-instalacao-de-terminal-de-conteineres-em-suape\/#more-28966\" aria-label=\"More on Raquel Lyra anuncia investimento de R$ 1,6 bilh\u00e3o para instala\u00e7\u00e3o de terminal de cont\u00eaineres em Suape\">Leia mais<\/a><\/p>\n","protected":false},"author":2,"featured_media":0,"comment_status":"open","ping_status":"open","sticky":false,"template":"","format":"standard","meta":{"footnotes":""},"categories":[26],"tags":[],"class_list":["post-28966","post","type-post","status-publish","format-standard","hentry","category-noticias"],"_links":{"self":[{"href":"https:\/\/blogdojuniorcavalcanti.com.br\/index.php\/wp-json\/wp\/v2\/posts\/28966","targetHints":{"allow":["GET"]}}],"collection":[{"href":"https:\/\/blogdojuniorcavalcanti.com.br\/index.php\/wp-json\/wp\/v2\/posts"}],"about":[{"href":"https:\/\/blogdojuniorcavalcanti.com.br\/index.php\/wp-json\/wp\/v2\/types\/post"}],"author":[{"embeddable":true,"href":"https:\/\/blogdojuniorcavalcanti.com.br\/index.php\/wp-json\/wp\/v2\/users\/2"}],"replies":[{"embeddable":true,"href":"https:\/\/blogdojuniorcavalcanti.com.br\/index.php\/wp-json\/wp\/v2\/comments?post=28966"}],"version-history":[{"count":1,"href":"https:\/\/blogdojuniorcavalcanti.com.br\/index.php\/wp-json\/wp\/v2\/posts\/28966\/revisions"}],"predecessor-version":[{"id":28967,"href":"https:\/\/blogdojuniorcavalcanti.com.br\/index.php\/wp-json\/wp\/v2\/posts\/28966\/revisions\/28967"}],"wp:attachment":[{"href":"https:\/\/blogdojuniorcavalcanti.com.br\/index.php\/wp-json\/wp\/v2\/media?parent=28966"}],"wp:term":[{"taxonomy":"category","embeddable":true,"href":"https:\/\/blogdojuniorcavalcanti.com.br\/index.php\/wp-json\/wp\/v2\/categories?post=28966"},{"taxonomy":"post_tag","embeddable":true,"href":"https:\/\/blogdojuniorcavalcanti.com.br\/index.php\/wp-json\/wp\/v2\/tags?post=28966"}],"curies":[{"name":"wp","href":"https:\/\/api.w.org\/{rel}","templated":true}]}}