{"id":29071,"date":"2023-10-23T04:35:25","date_gmt":"2023-10-23T07:35:25","guid":{"rendered":"https:\/\/blogdojuniorcavalcanti.com.br\/?p=29071"},"modified":"2023-10-23T04:35:25","modified_gmt":"2023-10-23T07:35:25","slug":"em-pirpirituba-pb-vereadores-terao-que-fazer-teste-de-bafometro-para-participar-das-sessoes","status":"publish","type":"post","link":"https:\/\/blogdojuniorcavalcanti.com.br\/index.php\/2023\/10\/23\/em-pirpirituba-pb-vereadores-terao-que-fazer-teste-de-bafometro-para-participar-das-sessoes\/","title":{"rendered":"Em Pirpirituba-PB, vereadores ter\u00e3o que fazer teste de baf\u00f4metro para participar das sess\u00f5es"},"content":{"rendered":"<p style=\"text-align: justify;\"><span style=\"font-size: 14pt; font-family: arial, helvetica, sans-serif;\">A C\u00e2mara Municipal de Pirpirituba, no Agreste da Para\u00edba, resolveu tomar uma medida dr\u00e1stica para evitar que os parlamentares participem das atividades na Casa embriagados. A partir de agora eles ter\u00e3o que seu submeter ao teste do baf\u00f4metro para participar das sess\u00f5es na C\u00e2mara.<\/span><\/p>\n<p style=\"text-align: justify;\"><span style=\"font-size: 14pt; font-family: arial, helvetica, sans-serif;\">A medida foi aprovada por unanimidade, nesta quinta-feira (19), atendendo requerimento do vereador Carlinhos Sim\u00f5es (PSDB), que se sentiu incomodado porque teria um vereador comparecendo \u00e0s sess\u00f5es da C\u00e2mara com sintomas de embriaguez e causando tumulto.<\/span><\/p>\n<p style=\"text-align: justify;\"><span style=\"font-size: 14pt; font-family: arial, helvetica, sans-serif;\">\u201cO vereador tem que respeitar a Casa e os funcion\u00e1rios\u201d, comentou o tucano, na tribuna, ao relatar uma agress\u00e3o que teria sido feita por um colega de parlamentar contra a funcion\u00e1ria que registra os termos de sess\u00e3o em ata.<\/span><\/p>\n<p style=\"text-align: justify;\"><span style=\"font-size: 14pt; font-family: arial, helvetica, sans-serif;\">Na justificativa ao projeto, o autor da proposta ele pontua que o requerimento \u201c\u00e9 um pedido solicitado pela sociedade e pelas redes sociais, para disciplinar e coibir o acesso de vereadores com sintomas de inger\u00eancia de \u00e1lcool et\u00edlico e embriaguez\u201d.<\/span><\/p>\n<p style=\"text-align: justify;\"><span style=\"font-size: 14pt; font-family: arial, helvetica, sans-serif;\">Ainda segundo ele, a medida deve proporcionar \u201ctranquilidade\u201d durante a realiza\u00e7\u00e3o das sess\u00f5es e maior seguran\u00e7a dos vereadores e do povo que comparece aos debates. Pe\u00e7o sensibilidade \u00e0 gest\u00e3o municipal para que possa atender a esta demanda\u201d. As informa\u00e7\u00f5es s\u00e3o do\u00a0<strong>Jornal da Para\u00edba<\/strong>.<\/span><\/p>\n","protected":false},"excerpt":{"rendered":"<p>A C&acirc;mara Municipal de Pirpirituba, no Agreste da Para&iacute;ba, resolveu tomar uma medida dr&aacute;stica para evitar que os parlamentares participem das atividades na Casa embriagados. A partir de agora eles ter&atilde;o que seu submeter ao teste do baf&ocirc;metro para participar das sess&otilde;es na C&acirc;mara. A medida foi aprovada por unanimidade, nesta quinta-feira (19), atendendo requerimento do vereador Carlinhos Sim&otilde;es (PSDB), que se sentiu incomodado porque teria um vereador comparecendo &agrave;s sess&otilde;es da C&acirc;mara com sintomas de embriaguez e causando tumulto. &ldquo;O vereador tem que respeitar a Casa e os funcion&aacute;rios&rdquo;, comentou o tucano, na tribuna, ao relatar uma agress&atilde;o que &#8230; <\/p>\n<p class=\"read-more-container\"><a title=\"Em Pirpirituba-PB, vereadores ter\u00e3o que fazer teste de baf\u00f4metro para participar das sess\u00f5es\" class=\"read-more button\" href=\"https:\/\/blogdojuniorcavalcanti.com.br\/index.php\/2023\/10\/23\/em-pirpirituba-pb-vereadores-terao-que-fazer-teste-de-bafometro-para-participar-das-sessoes\/#more-29071\" aria-label=\"More on Em Pirpirituba-PB, vereadores ter\u00e3o que fazer teste de baf\u00f4metro para participar das sess\u00f5es\">Leia mais<\/a><\/p>\n","protected":false},"author":2,"featured_media":29072,"comment_status":"open","ping_status":"open","sticky":false,"template":"","format":"standard","meta":{"footnotes":""},"categories":[25],"tags":[],"class_list":["post-29071","post","type-post","status-publish","format-standard","has-post-thumbnail","hentry","category-destaque","resize-featured-image"],"_links":{"self":[{"href":"https:\/\/blogdojuniorcavalcanti.com.br\/index.php\/wp-json\/wp\/v2\/posts\/29071","targetHints":{"allow":["GET"]}}],"collection":[{"href":"https:\/\/blogdojuniorcavalcanti.com.br\/index.php\/wp-json\/wp\/v2\/posts"}],"about":[{"href":"https:\/\/blogdojuniorcavalcanti.com.br\/index.php\/wp-json\/wp\/v2\/types\/post"}],"author":[{"embeddable":true,"href":"https:\/\/blogdojuniorcavalcanti.com.br\/index.php\/wp-json\/wp\/v2\/users\/2"}],"replies":[{"embeddable":true,"href":"https:\/\/blogdojuniorcavalcanti.com.br\/index.php\/wp-json\/wp\/v2\/comments?post=29071"}],"version-history":[{"count":1,"href":"https:\/\/blogdojuniorcavalcanti.com.br\/index.php\/wp-json\/wp\/v2\/posts\/29071\/revisions"}],"predecessor-version":[{"id":29073,"href":"https:\/\/blogdojuniorcavalcanti.com.br\/index.php\/wp-json\/wp\/v2\/posts\/29071\/revisions\/29073"}],"wp:featuredmedia":[{"embeddable":true,"href":"https:\/\/blogdojuniorcavalcanti.com.br\/index.php\/wp-json\/wp\/v2\/media\/29072"}],"wp:attachment":[{"href":"https:\/\/blogdojuniorcavalcanti.com.br\/index.php\/wp-json\/wp\/v2\/media?parent=29071"}],"wp:term":[{"taxonomy":"category","embeddable":true,"href":"https:\/\/blogdojuniorcavalcanti.com.br\/index.php\/wp-json\/wp\/v2\/categories?post=29071"},{"taxonomy":"post_tag","embeddable":true,"href":"https:\/\/blogdojuniorcavalcanti.com.br\/index.php\/wp-json\/wp\/v2\/tags?post=29071"}],"curies":[{"name":"wp","href":"https:\/\/api.w.org\/{rel}","templated":true}]}}