{"id":29090,"date":"2023-10-24T04:44:41","date_gmt":"2023-10-24T07:44:41","guid":{"rendered":"https:\/\/blogdojuniorcavalcanti.com.br\/?p=29090"},"modified":"2023-10-24T04:44:41","modified_gmt":"2023-10-24T07:44:41","slug":"sandrinho-palmeira-inaugurou-rua-pavimentada-no-bairro-sao-francisco","status":"publish","type":"post","link":"https:\/\/blogdojuniorcavalcanti.com.br\/index.php\/2023\/10\/24\/sandrinho-palmeira-inaugurou-rua-pavimentada-no-bairro-sao-francisco\/","title":{"rendered":"Sandrinho Palmeira inaugurou rua pavimentada no bairro S\u00e3o Francisco"},"content":{"rendered":"<p style=\"text-align: justify;\"><span style=\"font-size: 14pt; font-family: arial, helvetica, sans-serif;\">Na 38\u00aa semana da maratona de inaugura\u00e7\u00f5es e entregas, o Prefeito de Afogados da Ingazeira, Sandrinho Palmeira, foi ao bairro S\u00e3o Francisco inaugurar a pavimenta\u00e7\u00e3o em intertravado da Rua Rosa Nunes da Silva (antiga segunda travessa Jos\u00e9 de S\u00e1 Maranh\u00e3o). A inaugura\u00e7\u00e3o foi neste final de semana.<\/span><\/p>\n<p style=\"text-align: justify;\"><span style=\"font-size: 14pt; font-family: arial, helvetica, sans-serif;\">A rua recebeu mais de um quil\u00f4metro quadrado de piso intertravado, em um investimento de R$ 139 mil, parceria com o Governo do Estado.<\/span><\/p>\n<p style=\"text-align: justify;\"><span style=\"font-size: 14pt; font-family: arial, helvetica, sans-serif;\">A inaugura\u00e7\u00e3o contou com as presen\u00e7as do Vice-prefeito Daniel Valadares, Vereadores Toinho da ponte, Raimundo Lima, Erickson Torres, e C\u00e9sar Ten\u00f3rio, moradores da rua, secret\u00e1rios e gestores municipais.<\/span><\/p>\n<p style=\"text-align: justify;\"><span style=\"font-size: 14pt; font-family: arial, helvetica, sans-serif;\">\u201cPudemos trazer mais dignidade para essas fam\u00edlias, que sofriam bastante com o barro e a poeira em suas casas e que tinham sua mobilidade prejudicada. Agora \u00e9 vida nova, com um pavimento de qualidade na porta de suas casas,\u201d destacou o Prefeito\u00a0Sandrinho.<\/span><\/p>\n","protected":false},"excerpt":{"rendered":"<p>Na 38&ordf; semana da maratona de inaugura&ccedil;&otilde;es e entregas, o Prefeito de Afogados da Ingazeira, Sandrinho Palmeira, foi ao bairro S&atilde;o Francisco inaugurar a pavimenta&ccedil;&atilde;o em intertravado da Rua Rosa Nunes da Silva (antiga segunda travessa Jos&eacute; de S&aacute; Maranh&atilde;o). A inaugura&ccedil;&atilde;o foi neste final de semana. A rua recebeu mais de um quil&ocirc;metro quadrado de piso intertravado, em um investimento de R$ 139 mil, parceria com o Governo do Estado. A inaugura&ccedil;&atilde;o contou com as presen&ccedil;as do Vice-prefeito Daniel Valadares, Vereadores Toinho da ponte, Raimundo Lima, Erickson Torres, e C&eacute;sar Ten&oacute;rio, moradores da rua, secret&aacute;rios e gestores municipais. &ldquo;Pudemos &#8230; <\/p>\n<p class=\"read-more-container\"><a title=\"Sandrinho Palmeira inaugurou rua pavimentada no bairro S\u00e3o Francisco\" class=\"read-more button\" href=\"https:\/\/blogdojuniorcavalcanti.com.br\/index.php\/2023\/10\/24\/sandrinho-palmeira-inaugurou-rua-pavimentada-no-bairro-sao-francisco\/#more-29090\" aria-label=\"More on Sandrinho Palmeira inaugurou rua pavimentada no bairro S\u00e3o Francisco\">Leia mais<\/a><\/p>\n","protected":false},"author":2,"featured_media":29091,"comment_status":"open","ping_status":"open","sticky":false,"template":"","format":"standard","meta":{"footnotes":""},"categories":[25],"tags":[],"class_list":["post-29090","post","type-post","status-publish","format-standard","has-post-thumbnail","hentry","category-destaque","resize-featured-image"],"_links":{"self":[{"href":"https:\/\/blogdojuniorcavalcanti.com.br\/index.php\/wp-json\/wp\/v2\/posts\/29090","targetHints":{"allow":["GET"]}}],"collection":[{"href":"https:\/\/blogdojuniorcavalcanti.com.br\/index.php\/wp-json\/wp\/v2\/posts"}],"about":[{"href":"https:\/\/blogdojuniorcavalcanti.com.br\/index.php\/wp-json\/wp\/v2\/types\/post"}],"author":[{"embeddable":true,"href":"https:\/\/blogdojuniorcavalcanti.com.br\/index.php\/wp-json\/wp\/v2\/users\/2"}],"replies":[{"embeddable":true,"href":"https:\/\/blogdojuniorcavalcanti.com.br\/index.php\/wp-json\/wp\/v2\/comments?post=29090"}],"version-history":[{"count":1,"href":"https:\/\/blogdojuniorcavalcanti.com.br\/index.php\/wp-json\/wp\/v2\/posts\/29090\/revisions"}],"predecessor-version":[{"id":29092,"href":"https:\/\/blogdojuniorcavalcanti.com.br\/index.php\/wp-json\/wp\/v2\/posts\/29090\/revisions\/29092"}],"wp:featuredmedia":[{"embeddable":true,"href":"https:\/\/blogdojuniorcavalcanti.com.br\/index.php\/wp-json\/wp\/v2\/media\/29091"}],"wp:attachment":[{"href":"https:\/\/blogdojuniorcavalcanti.com.br\/index.php\/wp-json\/wp\/v2\/media?parent=29090"}],"wp:term":[{"taxonomy":"category","embeddable":true,"href":"https:\/\/blogdojuniorcavalcanti.com.br\/index.php\/wp-json\/wp\/v2\/categories?post=29090"},{"taxonomy":"post_tag","embeddable":true,"href":"https:\/\/blogdojuniorcavalcanti.com.br\/index.php\/wp-json\/wp\/v2\/tags?post=29090"}],"curies":[{"name":"wp","href":"https:\/\/api.w.org\/{rel}","templated":true}]}}