{"id":29172,"date":"2023-10-26T04:45:55","date_gmt":"2023-10-26T07:45:55","guid":{"rendered":"https:\/\/blogdojuniorcavalcanti.com.br\/?p=29172"},"modified":"2023-10-26T04:45:55","modified_gmt":"2023-10-26T07:45:55","slug":"governo-de-pernambuco-entrega-trecho-duplicado-da-br-104","status":"publish","type":"post","link":"https:\/\/blogdojuniorcavalcanti.com.br\/index.php\/2023\/10\/26\/governo-de-pernambuco-entrega-trecho-duplicado-da-br-104\/","title":{"rendered":"Governo de Pernambuco entrega trecho duplicado da BR-104"},"content":{"rendered":"<p style=\"text-align: justify;\"><span style=\"font-size: 14pt;\"><img fetchpriority=\"high\" decoding=\"async\" class=\"alignleft wp-image-269696 jetpack-lazy-image jetpack-lazy-image--handled\" src=\"https:\/\/i0.wp.com\/nilljunior.com.br\/wp-content\/uploads\/2023\/10\/BR-104.jpg?resize=400%2C355&amp;ssl=1\" sizes=\"(max-width: 400px) 100vw, 400px\" srcset=\"https:\/\/i0.wp.com\/nilljunior.com.br\/wp-content\/uploads\/2023\/10\/BR-104.jpg?w=762&amp;ssl=1 762w, https:\/\/i0.wp.com\/nilljunior.com.br\/wp-content\/uploads\/2023\/10\/BR-104.jpg?resize=282%2C250&amp;ssl=1 282w, https:\/\/i0.wp.com\/nilljunior.com.br\/wp-content\/uploads\/2023\/10\/BR-104.jpg?resize=451%2C400&amp;ssl=1 451w\" alt=\"\" width=\"400\" height=\"355\" data-attachment-id=\"269696\" data-permalink=\"https:\/\/nilljunior.com.br\/governo-de-pernambuco-entrega-trecho-duplicado-da-br-104\/br-104\/\" data-orig-file=\"https:\/\/i0.wp.com\/nilljunior.com.br\/wp-content\/uploads\/2023\/10\/BR-104.jpg?fit=762%2C676&amp;ssl=1\" data-orig-size=\"762,676\" data-comments-opened=\"1\" data-image-meta=\"{&quot;aperture&quot;:&quot;0&quot;,&quot;credit&quot;:&quot;&quot;,&quot;camera&quot;:&quot;&quot;,&quot;caption&quot;:&quot;&quot;,&quot;created_timestamp&quot;:&quot;0&quot;,&quot;copyright&quot;:&quot;&quot;,&quot;focal_length&quot;:&quot;0&quot;,&quot;iso&quot;:&quot;0&quot;,&quot;shutter_speed&quot;:&quot;0&quot;,&quot;title&quot;:&quot;&quot;,&quot;orientation&quot;:&quot;0&quot;}\" data-image-title=\"BR-104\" data-image-description=\"\" data-medium-file=\"https:\/\/i0.wp.com\/nilljunior.com.br\/wp-content\/uploads\/2023\/10\/BR-104.jpg?fit=282%2C250&amp;ssl=1\" data-large-file=\"https:\/\/i0.wp.com\/nilljunior.com.br\/wp-content\/uploads\/2023\/10\/BR-104.jpg?fit=451%2C400&amp;ssl=1\" data-recalc-dims=\"1\" data-lazy-loaded=\"1\" \/><span style=\"font-family: arial, helvetica, sans-serif;\">Obra esperada por todo Agreste Setentrional, a duplica\u00e7\u00e3o da BR-104 tem oito quil\u00f4metros entre Toritama e P\u00e3o de A\u00e7\u00facar (distrito de Taquaritinga do Norte) entregues e liberados nesta quarta-feira (25) pelo Governo do Estado.\u00a0<\/span><\/span><\/p>\n<p style=\"text-align: justify;\"><span style=\"font-size: 14pt; font-family: arial, helvetica, sans-serif;\">Com a libera\u00e7\u00e3o da via, outros 5,2 quil\u00f4metros receber\u00e3o servi\u00e7os de terraplenagem, pavimenta\u00e7\u00e3o, drenagem, sinaliza\u00e7\u00e3o, barreiras de prote\u00e7\u00e3o e paisagismo. Essa parte vai do entroncamento com a PE-160, no distrito de P\u00e3o de A\u00e7\u00facar, at\u00e9 a entrada da PE-145, que leva ao distrito de Fazenda Nova. A obra estava paralisada h\u00e1 quatro anos em um trecho total de 13,2 quil\u00f4metros.\u00a0<\/span><\/p>\n<p style=\"text-align: justify;\"><span style=\"font-size: 14pt; font-family: arial, helvetica, sans-serif;\">\u201cEsse \u00e9 o resultado do fruto do nosso trabalho e de tantas idas a Bras\u00edlia. Conseguimos sensibilizar o Governo Federal e, em parceria com o Minist\u00e9rio dos Transportes, estamos entregando um trecho das obras da BR-104. A rodovia \u00e9 um importante eixo ao estado da Para\u00edba e ao Polo de Confec\u00e7\u00f5es do Agreste pernambucano\u201d, ressalta a governadora Raquel Lyra, que visitou a obra no dia 21 de setembro, durante a agenda do Ouvir para Mudar.<\/span><\/p>\n<p style=\"text-align: justify;\"><span style=\"font-size: 14pt; font-family: arial, helvetica, sans-serif;\">O trecho aberto para os ve\u00edculos recebeu do governo estadual sinaliza\u00e7\u00e3o vertical e horizontal atrav\u00e9s do Departamento de Estradas de Rodagem (DER), garantindo a seguran\u00e7a de quem vai trafegar pelo local. As obras de duplica\u00e7\u00e3o e restaura\u00e7\u00e3o da BR-104 t\u00eam investimento total de R$ 106,3 milh\u00f5es e foram retomadas pelo governo Raquel Lyra no m\u00eas de setembro. A previs\u00e3o de conclus\u00e3o \u00e9 de 18 meses.\u00a0<\/span><\/p>\n<p style=\"text-align: justify;\"><span style=\"font-size: 14pt; font-family: arial, helvetica, sans-serif;\">\u201cEssa importante obra vai melhorar bastante a fluidez da via, al\u00e9m de fortalecer a mobilidade urbana e a acessibilidade dos usu\u00e1rios. A retomada dessa obra \u00e9 resultado de grande esfor\u00e7o do Governo de Pernambuco e vai fortalecer ainda mais a economia e o turismo dessa regi\u00e3o, que tem o segundo maior polo de confec\u00e7\u00f5es do pa\u00eds\u201d, afirma o secret\u00e1rio de Mobilidade e Infraestrutura, Diogo Bezerra.<\/span><\/p>\n<p style=\"text-align: justify;\"><span style=\"font-size: 14pt; font-family: arial, helvetica, sans-serif;\">IMPORT\u00c2NCIA \u2013 A BR-104 tem 146,7 quil\u00f4metros em Pernambuco, sendo considerada um importante elo com a Para\u00edba e Alagoas. No trecho em duplica\u00e7\u00e3o, a rodovia d\u00e1 acesso a importantes estradas estaduais como a PE-090, PE-145, PE-95 e PE-149. Em Caruaru, ela cruza o trecho duplicado da BR-232, principal liga\u00e7\u00e3o entre o litoral e o interior.<\/span><\/p>\n","protected":false},"excerpt":{"rendered":"<p>Obra esperada por todo Agreste Setentrional, a duplica&ccedil;&atilde;o da BR-104 tem oito quil&ocirc;metros entre Toritama e P&atilde;o de A&ccedil;&uacute;car (distrito de Taquaritinga do Norte) entregues e liberados nesta quarta-feira (25) pelo Governo do Estado.&nbsp; Com a libera&ccedil;&atilde;o da via, outros 5,2 quil&ocirc;metros receber&atilde;o servi&ccedil;os de terraplenagem, pavimenta&ccedil;&atilde;o, drenagem, sinaliza&ccedil;&atilde;o, barreiras de prote&ccedil;&atilde;o e paisagismo. Essa parte vai do entroncamento com a PE-160, no distrito de P&atilde;o de A&ccedil;&uacute;car, at&eacute; a entrada da PE-145, que leva ao distrito de Fazenda Nova. A obra estava paralisada h&aacute; quatro anos em um trecho total de 13,2 quil&ocirc;metros.&nbsp; &ldquo;Esse &eacute; o resultado do fruto &#8230; <\/p>\n<p class=\"read-more-container\"><a title=\"Governo de Pernambuco entrega trecho duplicado da BR-104\" class=\"read-more button\" href=\"https:\/\/blogdojuniorcavalcanti.com.br\/index.php\/2023\/10\/26\/governo-de-pernambuco-entrega-trecho-duplicado-da-br-104\/#more-29172\" aria-label=\"More on Governo de Pernambuco entrega trecho duplicado da BR-104\">Leia mais<\/a><\/p>\n","protected":false},"author":2,"featured_media":0,"comment_status":"open","ping_status":"open","sticky":false,"template":"","format":"standard","meta":{"footnotes":""},"categories":[26],"tags":[],"class_list":["post-29172","post","type-post","status-publish","format-standard","hentry","category-noticias"],"_links":{"self":[{"href":"https:\/\/blogdojuniorcavalcanti.com.br\/index.php\/wp-json\/wp\/v2\/posts\/29172","targetHints":{"allow":["GET"]}}],"collection":[{"href":"https:\/\/blogdojuniorcavalcanti.com.br\/index.php\/wp-json\/wp\/v2\/posts"}],"about":[{"href":"https:\/\/blogdojuniorcavalcanti.com.br\/index.php\/wp-json\/wp\/v2\/types\/post"}],"author":[{"embeddable":true,"href":"https:\/\/blogdojuniorcavalcanti.com.br\/index.php\/wp-json\/wp\/v2\/users\/2"}],"replies":[{"embeddable":true,"href":"https:\/\/blogdojuniorcavalcanti.com.br\/index.php\/wp-json\/wp\/v2\/comments?post=29172"}],"version-history":[{"count":1,"href":"https:\/\/blogdojuniorcavalcanti.com.br\/index.php\/wp-json\/wp\/v2\/posts\/29172\/revisions"}],"predecessor-version":[{"id":29173,"href":"https:\/\/blogdojuniorcavalcanti.com.br\/index.php\/wp-json\/wp\/v2\/posts\/29172\/revisions\/29173"}],"wp:attachment":[{"href":"https:\/\/blogdojuniorcavalcanti.com.br\/index.php\/wp-json\/wp\/v2\/media?parent=29172"}],"wp:term":[{"taxonomy":"category","embeddable":true,"href":"https:\/\/blogdojuniorcavalcanti.com.br\/index.php\/wp-json\/wp\/v2\/categories?post=29172"},{"taxonomy":"post_tag","embeddable":true,"href":"https:\/\/blogdojuniorcavalcanti.com.br\/index.php\/wp-json\/wp\/v2\/tags?post=29172"}],"curies":[{"name":"wp","href":"https:\/\/api.w.org\/{rel}","templated":true}]}}