{"id":29209,"date":"2023-10-30T04:37:52","date_gmt":"2023-10-30T07:37:52","guid":{"rendered":"https:\/\/blogdojuniorcavalcanti.com.br\/?p=29209"},"modified":"2023-10-30T04:37:52","modified_gmt":"2023-10-30T07:37:52","slug":"prefeitura-de-afogados-inicia-nesta-segunda-30-pagamento-dos-servidores","status":"publish","type":"post","link":"https:\/\/blogdojuniorcavalcanti.com.br\/index.php\/2023\/10\/30\/prefeitura-de-afogados-inicia-nesta-segunda-30-pagamento-dos-servidores\/","title":{"rendered":"Prefeitura de Afogados inicia nesta segunda (30) pagamento dos servidores"},"content":{"rendered":"<p style=\"text-align: justify;\"><span style=\"font-size: 14pt; font-family: arial, helvetica, sans-serif;\">A Prefeitura de Afogados inicia nesta segunda-feira (30) o pagamento do funcionalismo p\u00fablico municipal, incluindo aposentados e pensionistas.<\/span><\/p>\n<p style=\"text-align: justify;\"><span style=\"font-size: 14pt; font-family: arial, helvetica, sans-serif;\">\u00c0s v\u00e9speras da 6\u00aa feira de empreendedorismo de Afogados, que ter\u00e1 in\u00edcio na pr\u00f3xima sexta (03), a Prefeitura vai injetar R$ 5,2 milh\u00f5es na economia local, referentes ao pagamento de 1.642 servidores municipais, al\u00e9m de aposentados e pensionistas.<\/span><\/p>\n<p style=\"text-align: justify;\"><span style=\"font-size: 14pt; font-family: arial, helvetica, sans-serif;\">De acordo com o calend\u00e1rio divulgado pela Secretaria de finan\u00e7as, recebem nesta segunda (30), servidores das secretarias de Administra\u00e7\u00e3o, Assist\u00eancia Social, Agricultura, Assuntos Jur\u00eddicos, Controle interno, Cultura e esportes, Finan\u00e7as, Governo, Infraestrutura, Sa\u00fade e Transportes; Gabinete, Ouvidoria, Assessoria especial, Coordenadoria da mulher, aposentados e pensionistas com vencimentos at\u00e9 R$ 3.000,00.<\/span><\/p>\n<p style=\"text-align: justify;\"><span style=\"font-size: 14pt; font-family: arial, helvetica, sans-serif;\">Amanh\u00e3 (31), recebem os servidores da secretaria municipal de educa\u00e7\u00e3o, al\u00e9m de aposentados e pensionistas com vencimentos acima de R$ 3.000,00.<\/span><\/p>\n","protected":false},"excerpt":{"rendered":"<p>A Prefeitura de Afogados inicia nesta segunda-feira (30) o pagamento do funcionalismo p&uacute;blico municipal, incluindo aposentados e pensionistas. &Agrave;s v&eacute;speras da 6&ordf; feira de empreendedorismo de Afogados, que ter&aacute; in&iacute;cio na pr&oacute;xima sexta (03), a Prefeitura vai injetar R$ 5,2 milh&otilde;es na economia local, referentes ao pagamento de 1.642 servidores municipais, al&eacute;m de aposentados e pensionistas. De acordo com o calend&aacute;rio divulgado pela Secretaria de finan&ccedil;as, recebem nesta segunda (30), servidores das secretarias de Administra&ccedil;&atilde;o, Assist&ecirc;ncia Social, Agricultura, Assuntos Jur&iacute;dicos, Controle interno, Cultura e esportes, Finan&ccedil;as, Governo, Infraestrutura, Sa&uacute;de e Transportes; Gabinete, Ouvidoria, Assessoria especial, Coordenadoria da mulher, aposentados e &#8230; <\/p>\n<p class=\"read-more-container\"><a title=\"Prefeitura de Afogados inicia nesta segunda (30) pagamento dos servidores\" class=\"read-more button\" href=\"https:\/\/blogdojuniorcavalcanti.com.br\/index.php\/2023\/10\/30\/prefeitura-de-afogados-inicia-nesta-segunda-30-pagamento-dos-servidores\/#more-29209\" aria-label=\"More on Prefeitura de Afogados inicia nesta segunda (30) pagamento dos servidores\">Leia mais<\/a><\/p>\n","protected":false},"author":2,"featured_media":29210,"comment_status":"open","ping_status":"open","sticky":false,"template":"","format":"standard","meta":{"footnotes":""},"categories":[25],"tags":[],"class_list":["post-29209","post","type-post","status-publish","format-standard","has-post-thumbnail","hentry","category-destaque","resize-featured-image"],"_links":{"self":[{"href":"https:\/\/blogdojuniorcavalcanti.com.br\/index.php\/wp-json\/wp\/v2\/posts\/29209","targetHints":{"allow":["GET"]}}],"collection":[{"href":"https:\/\/blogdojuniorcavalcanti.com.br\/index.php\/wp-json\/wp\/v2\/posts"}],"about":[{"href":"https:\/\/blogdojuniorcavalcanti.com.br\/index.php\/wp-json\/wp\/v2\/types\/post"}],"author":[{"embeddable":true,"href":"https:\/\/blogdojuniorcavalcanti.com.br\/index.php\/wp-json\/wp\/v2\/users\/2"}],"replies":[{"embeddable":true,"href":"https:\/\/blogdojuniorcavalcanti.com.br\/index.php\/wp-json\/wp\/v2\/comments?post=29209"}],"version-history":[{"count":1,"href":"https:\/\/blogdojuniorcavalcanti.com.br\/index.php\/wp-json\/wp\/v2\/posts\/29209\/revisions"}],"predecessor-version":[{"id":29211,"href":"https:\/\/blogdojuniorcavalcanti.com.br\/index.php\/wp-json\/wp\/v2\/posts\/29209\/revisions\/29211"}],"wp:featuredmedia":[{"embeddable":true,"href":"https:\/\/blogdojuniorcavalcanti.com.br\/index.php\/wp-json\/wp\/v2\/media\/29210"}],"wp:attachment":[{"href":"https:\/\/blogdojuniorcavalcanti.com.br\/index.php\/wp-json\/wp\/v2\/media?parent=29209"}],"wp:term":[{"taxonomy":"category","embeddable":true,"href":"https:\/\/blogdojuniorcavalcanti.com.br\/index.php\/wp-json\/wp\/v2\/categories?post=29209"},{"taxonomy":"post_tag","embeddable":true,"href":"https:\/\/blogdojuniorcavalcanti.com.br\/index.php\/wp-json\/wp\/v2\/tags?post=29209"}],"curies":[{"name":"wp","href":"https:\/\/api.w.org\/{rel}","templated":true}]}}