{"id":29245,"date":"2023-10-31T04:37:25","date_gmt":"2023-10-31T07:37:25","guid":{"rendered":"https:\/\/blogdojuniorcavalcanti.com.br\/?p=29245"},"modified":"2023-10-31T04:37:25","modified_gmt":"2023-10-31T07:37:25","slug":"raquel-lyra-entrega-complexo-policial-de-goiana-apos-requalificacao","status":"publish","type":"post","link":"https:\/\/blogdojuniorcavalcanti.com.br\/index.php\/2023\/10\/31\/raquel-lyra-entrega-complexo-policial-de-goiana-apos-requalificacao\/","title":{"rendered":"Raquel Lyra entrega Complexo Policial de Goiana ap\u00f3s requalifica\u00e7\u00e3o"},"content":{"rendered":"<p style=\"text-align: justify;\"><span style=\"font-size: 14pt;\"><img fetchpriority=\"high\" decoding=\"async\" class=\"alignleft wp-image-269990 jetpack-lazy-image jetpack-lazy-image--handled\" src=\"https:\/\/i0.wp.com\/nilljunior.com.br\/wp-content\/uploads\/2023\/10\/ComplexoPolicial-Goiana-30-10-23.jpeg?resize=400%2C267&amp;ssl=1\" sizes=\"(max-width: 400px) 100vw, 400px\" srcset=\"https:\/\/i0.wp.com\/nilljunior.com.br\/wp-content\/uploads\/2023\/10\/ComplexoPolicial-Goiana-30-10-23.jpeg?w=1600&amp;ssl=1 1600w, https:\/\/i0.wp.com\/nilljunior.com.br\/wp-content\/uploads\/2023\/10\/ComplexoPolicial-Goiana-30-10-23.jpeg?resize=150%2C100&amp;ssl=1 150w, https:\/\/i0.wp.com\/nilljunior.com.br\/wp-content\/uploads\/2023\/10\/ComplexoPolicial-Goiana-30-10-23.jpeg?resize=300%2C200&amp;ssl=1 300w, https:\/\/i0.wp.com\/nilljunior.com.br\/wp-content\/uploads\/2023\/10\/ComplexoPolicial-Goiana-30-10-23.jpeg?resize=768%2C512&amp;ssl=1 768w, https:\/\/i0.wp.com\/nilljunior.com.br\/wp-content\/uploads\/2023\/10\/ComplexoPolicial-Goiana-30-10-23.jpeg?resize=600%2C400&amp;ssl=1 600w\" alt=\"\" width=\"400\" height=\"267\" data-attachment-id=\"269990\" data-permalink=\"https:\/\/nilljunior.com.br\/raquel-lyra-entrega-complexo-policial-de-goiana-apos-requalificacao\/complexopolicial-goiana-30-10-23\/\" data-orig-file=\"https:\/\/i0.wp.com\/nilljunior.com.br\/wp-content\/uploads\/2023\/10\/ComplexoPolicial-Goiana-30-10-23.jpeg?fit=1600%2C1066&amp;ssl=1\" data-orig-size=\"1600,1066\" data-comments-opened=\"1\" data-image-meta=\"{&quot;aperture&quot;:&quot;0&quot;,&quot;credit&quot;:&quot;&quot;,&quot;camera&quot;:&quot;&quot;,&quot;caption&quot;:&quot;&quot;,&quot;created_timestamp&quot;:&quot;0&quot;,&quot;copyright&quot;:&quot;&quot;,&quot;focal_length&quot;:&quot;0&quot;,&quot;iso&quot;:&quot;0&quot;,&quot;shutter_speed&quot;:&quot;0&quot;,&quot;title&quot;:&quot;&quot;,&quot;orientation&quot;:&quot;0&quot;}\" data-image-title=\"ComplexoPolicial-Goiana-30-10-23\" data-image-description=\"\" data-medium-file=\"https:\/\/i0.wp.com\/nilljunior.com.br\/wp-content\/uploads\/2023\/10\/ComplexoPolicial-Goiana-30-10-23.jpeg?fit=300%2C200&amp;ssl=1\" data-large-file=\"https:\/\/i0.wp.com\/nilljunior.com.br\/wp-content\/uploads\/2023\/10\/ComplexoPolicial-Goiana-30-10-23.jpeg?fit=600%2C400&amp;ssl=1\" data-recalc-dims=\"1\" data-lazy-loaded=\"1\" \/><img decoding=\"async\" class=\"alignleft wp-image-269991 jetpack-lazy-image jetpack-lazy-image--handled\" src=\"https:\/\/i2.wp.com\/nilljunior.com.br\/wp-content\/uploads\/2023\/10\/RaquelLyra-30-10-23.jpeg?resize=400%2C267&amp;ssl=1\" sizes=\"(max-width: 400px) 100vw, 400px\" srcset=\"https:\/\/i2.wp.com\/nilljunior.com.br\/wp-content\/uploads\/2023\/10\/RaquelLyra-30-10-23.jpeg?w=1600&amp;ssl=1 1600w, https:\/\/i2.wp.com\/nilljunior.com.br\/wp-content\/uploads\/2023\/10\/RaquelLyra-30-10-23.jpeg?resize=150%2C100&amp;ssl=1 150w, https:\/\/i2.wp.com\/nilljunior.com.br\/wp-content\/uploads\/2023\/10\/RaquelLyra-30-10-23.jpeg?resize=300%2C200&amp;ssl=1 300w, https:\/\/i2.wp.com\/nilljunior.com.br\/wp-content\/uploads\/2023\/10\/RaquelLyra-30-10-23.jpeg?resize=768%2C512&amp;ssl=1 768w, https:\/\/i2.wp.com\/nilljunior.com.br\/wp-content\/uploads\/2023\/10\/RaquelLyra-30-10-23.jpeg?resize=600%2C400&amp;ssl=1 600w\" alt=\"\" width=\"400\" height=\"267\" data-attachment-id=\"269991\" data-permalink=\"https:\/\/nilljunior.com.br\/raquel-lyra-entrega-complexo-policial-de-goiana-apos-requalificacao\/raquellyra-30-10-23\/\" data-orig-file=\"https:\/\/i2.wp.com\/nilljunior.com.br\/wp-content\/uploads\/2023\/10\/RaquelLyra-30-10-23.jpeg?fit=1600%2C1066&amp;ssl=1\" data-orig-size=\"1600,1066\" data-comments-opened=\"1\" data-image-meta=\"{&quot;aperture&quot;:&quot;0&quot;,&quot;credit&quot;:&quot;&quot;,&quot;camera&quot;:&quot;&quot;,&quot;caption&quot;:&quot;&quot;,&quot;created_timestamp&quot;:&quot;0&quot;,&quot;copyright&quot;:&quot;&quot;,&quot;focal_length&quot;:&quot;0&quot;,&quot;iso&quot;:&quot;0&quot;,&quot;shutter_speed&quot;:&quot;0&quot;,&quot;title&quot;:&quot;&quot;,&quot;orientation&quot;:&quot;0&quot;}\" data-image-title=\"RaquelLyra-30-10-23\" data-image-description=\"\" data-medium-file=\"https:\/\/i2.wp.com\/nilljunior.com.br\/wp-content\/uploads\/2023\/10\/RaquelLyra-30-10-23.jpeg?fit=300%2C200&amp;ssl=1\" data-large-file=\"https:\/\/i2.wp.com\/nilljunior.com.br\/wp-content\/uploads\/2023\/10\/RaquelLyra-30-10-23.jpeg?fit=600%2C400&amp;ssl=1\" data-recalc-dims=\"1\" data-lazy-loaded=\"1\" \/><span style=\"font-family: arial, helvetica, sans-serif;\">Um pr\u00e9dio completamente requalificado do Complexo Policial de Goiana, na Zona da Mata Norte, foi entregue nesta segunda-feira (30), durante cerim\u00f4nia realizada pela governadora Raquel Lyra com a presen\u00e7a da sua vice, Priscila Krause. A nova estrutura passa a oferecer um melhor local de trabalho para os servidores da Pol\u00edcia Civil, al\u00e9m de proporcionar atendimento com maior qualidade \u00e0 popula\u00e7\u00e3o. A gestora conheceu as novas instala\u00e7\u00f5es e fez o descerramento da placa.<\/span><\/span><\/p>\n<p style=\"text-align: justify;\"><span style=\"font-size: 14pt; font-family: arial, helvetica, sans-serif;\">\u201cCom essa entrega, n\u00f3s conseguimos transformar esse Complexo em um espa\u00e7o adequado, onde os policiais e os cidad\u00e3os que precisam de atendimento possam ser acolhidos com dignidade. Por muito tempo n\u00e3o houve investimento na seguran\u00e7a p\u00fablica do Estado. E ao longo desses \u00faltimos 10 meses j\u00e1 conseguimos garantir R$ 1 bilh\u00e3o para permitir o recompletamento do quadro por meio de concursos p\u00fablicos, que j\u00e1 est\u00e3o designados para acontecer no pr\u00f3ximo ano. Ser\u00e3o mais de 3.400 policiais civis e militares que ingressar\u00e3o nos nossos quadros para transformar a seguran\u00e7a p\u00fablica de Pernambuco. Aliado a isso, estamos trabalhando para que espa\u00e7os como esse possam se tornar realidade em todo o Estado\u201d, ressaltou Raquel Lyra.<\/span><\/p>\n<p style=\"text-align: justify;\"><span style=\"font-size: 14pt; font-family: arial, helvetica, sans-serif;\">O Complexo conta com sala de audi\u00eancia de cust\u00f3dia, salas de plant\u00e3o, de registro de Boletim de Ocorr\u00eancia, audit\u00f3rio, cozinha, refeit\u00f3rio climatizado, banheiros e alojamento feminino com su\u00edte. O im\u00f3vel possui dois pavimentos, em \u00e1rea total constru\u00edda de 884 m\u00b2, em um terreno de 1.415 m\u00b2.<\/span><\/p>\n<p style=\"text-align: justify;\"><span style=\"font-size: 14pt; font-family: arial, helvetica, sans-serif;\">\u201c\u00c9 com muito orgulho e gratid\u00e3o que recebemos a governadora Raquel Lyra em nosso munic\u00edpio para entregar esse pr\u00e9dio que far\u00e1 muita diferen\u00e7a para todos os moradores de Goiana e os munic\u00edpios vizinhos que precisarem de atendimento da Pol\u00edcia Civil\u201d, destacou o prefeito de Goiana, Eduardo Hon\u00f3rio.<\/span><\/p>\n<p style=\"text-align: justify;\"><span style=\"font-size: 14pt; font-family: arial, helvetica, sans-serif;\">O secret\u00e1rio de Defesa Social, Alessandro Carvalho, refor\u00e7ou que o Complexo contribui para um trabalho policial mais eficiente na regi\u00e3o. \u201cCom a cria\u00e7\u00e3o de complexos como esses n\u00f3s otimizamos a gest\u00e3o, pela proximidade de v\u00e1rias unidades, ficando melhor para o trabalho dos pr\u00f3prios policiais e toda a sociedade, que pode contar com uma infraestrutura adequada para um atendimento de qualidade\u201d, comentou.<\/span><\/p>\n<p style=\"text-align: justify;\"><span style=\"font-size: 14pt; font-family: arial, helvetica, sans-serif;\">Ainda durante a requalifica\u00e7\u00e3o, foi feita a corre\u00e7\u00e3o de uma infiltra\u00e7\u00e3o que estava afetando a estrutura do pr\u00e9dio, causando fissuras; adequa\u00e7\u00e3o de parte da fia\u00e7\u00e3o el\u00e9trica; aplica\u00e7\u00e3o de revestimento em grafiato em v\u00e1rias salas; pintura no padr\u00e3o da Pol\u00edcia Civil em todas as salas; coloca\u00e7\u00e3o da nova adesivagem e um novo paisagismo.<\/span><\/p>\n<p style=\"text-align: justify;\"><span style=\"font-size: 14pt; font-family: arial, helvetica, sans-serif;\">\u201cHoje \u00e9 um dia extremamente importante para a Pol\u00edcia Civil de Pernambuco. Agrade\u00e7o por todo o apoio da nossa governadora. Juntos n\u00f3s conseguimos entregar essa estrutura tanto para a sociedade, que precisa de acolhimento, quanto para os policiais civis que ter\u00e3o bem-estar e estrutura f\u00edsica adequada\u201d, afirmou a chefe da Pol\u00edcia Civil de Pernambuco, Simone Aguiar.<\/span><\/p>\n<p style=\"text-align: justify;\"><span style=\"font-size: 14pt; font-family: arial, helvetica, sans-serif;\">Compareceram \u00e0 entrega os secret\u00e1rios estaduais Herc\u00edlio Mamede (Casa Militar), T\u00falio Vila\u00e7a (Casa Civil), e os deputados estaduais Ant\u00f4nio Moraes e M\u00e1rio Ricardo. Os prefeitos Xisto Freitas (Alian\u00e7a), Ant\u00f4nio Cassiano (Condado), Paquinha (Macaparana), Guiga Nunes (Vic\u00eancia), Marcone Vicente (S\u00e3o Vicente F\u00e9rrer), Paulo Batista (Itamarac\u00e1) tamb\u00e9m participaram.<\/span><\/p>\n","protected":false},"excerpt":{"rendered":"<p>Um pr&eacute;dio completamente requalificado do Complexo Policial de Goiana, na Zona da Mata Norte, foi entregue nesta segunda-feira (30), durante cerim&ocirc;nia realizada pela governadora Raquel Lyra com a presen&ccedil;a da sua vice, Priscila Krause. A nova estrutura passa a oferecer um melhor local de trabalho para os servidores da Pol&iacute;cia Civil, al&eacute;m de proporcionar atendimento com maior qualidade &agrave; popula&ccedil;&atilde;o. A gestora conheceu as novas instala&ccedil;&otilde;es e fez o descerramento da placa. &ldquo;Com essa entrega, n&oacute;s conseguimos transformar esse Complexo em um espa&ccedil;o adequado, onde os policiais e os cidad&atilde;os que precisam de atendimento possam ser acolhidos com dignidade. Por &#8230; <\/p>\n<p class=\"read-more-container\"><a title=\"Raquel Lyra entrega Complexo Policial de Goiana ap\u00f3s requalifica\u00e7\u00e3o\" class=\"read-more button\" href=\"https:\/\/blogdojuniorcavalcanti.com.br\/index.php\/2023\/10\/31\/raquel-lyra-entrega-complexo-policial-de-goiana-apos-requalificacao\/#more-29245\" aria-label=\"More on Raquel Lyra entrega Complexo Policial de Goiana ap\u00f3s requalifica\u00e7\u00e3o\">Leia mais<\/a><\/p>\n","protected":false},"author":2,"featured_media":0,"comment_status":"open","ping_status":"open","sticky":false,"template":"","format":"standard","meta":{"footnotes":""},"categories":[26],"tags":[],"class_list":["post-29245","post","type-post","status-publish","format-standard","hentry","category-noticias"],"_links":{"self":[{"href":"https:\/\/blogdojuniorcavalcanti.com.br\/index.php\/wp-json\/wp\/v2\/posts\/29245","targetHints":{"allow":["GET"]}}],"collection":[{"href":"https:\/\/blogdojuniorcavalcanti.com.br\/index.php\/wp-json\/wp\/v2\/posts"}],"about":[{"href":"https:\/\/blogdojuniorcavalcanti.com.br\/index.php\/wp-json\/wp\/v2\/types\/post"}],"author":[{"embeddable":true,"href":"https:\/\/blogdojuniorcavalcanti.com.br\/index.php\/wp-json\/wp\/v2\/users\/2"}],"replies":[{"embeddable":true,"href":"https:\/\/blogdojuniorcavalcanti.com.br\/index.php\/wp-json\/wp\/v2\/comments?post=29245"}],"version-history":[{"count":1,"href":"https:\/\/blogdojuniorcavalcanti.com.br\/index.php\/wp-json\/wp\/v2\/posts\/29245\/revisions"}],"predecessor-version":[{"id":29246,"href":"https:\/\/blogdojuniorcavalcanti.com.br\/index.php\/wp-json\/wp\/v2\/posts\/29245\/revisions\/29246"}],"wp:attachment":[{"href":"https:\/\/blogdojuniorcavalcanti.com.br\/index.php\/wp-json\/wp\/v2\/media?parent=29245"}],"wp:term":[{"taxonomy":"category","embeddable":true,"href":"https:\/\/blogdojuniorcavalcanti.com.br\/index.php\/wp-json\/wp\/v2\/categories?post=29245"},{"taxonomy":"post_tag","embeddable":true,"href":"https:\/\/blogdojuniorcavalcanti.com.br\/index.php\/wp-json\/wp\/v2\/tags?post=29245"}],"curies":[{"name":"wp","href":"https:\/\/api.w.org\/{rel}","templated":true}]}}