{"id":29281,"date":"2023-11-01T04:46:08","date_gmt":"2023-11-01T07:46:08","guid":{"rendered":"https:\/\/blogdojuniorcavalcanti.com.br\/?p=29281"},"modified":"2023-11-01T04:46:08","modified_gmt":"2023-11-01T07:46:08","slug":"deputados-comemoram-oferta-de-cirurgias-oculares-em-serra-talhada","status":"publish","type":"post","link":"https:\/\/blogdojuniorcavalcanti.com.br\/index.php\/2023\/11\/01\/deputados-comemoram-oferta-de-cirurgias-oculares-em-serra-talhada\/","title":{"rendered":"Deputados comemoram oferta de cirurgias oculares em Serra Talhada"},"content":{"rendered":"<p style=\"text-align: justify;\"><span style=\"font-size: 14pt;\"><img fetchpriority=\"high\" decoding=\"async\" class=\"alignleft wp-image-270089 jetpack-lazy-image jetpack-lazy-image--handled\" src=\"https:\/\/i2.wp.com\/nilljunior.com.br\/wp-content\/uploads\/2023\/10\/LucianoDuque-JosePatriota-FabrizioFerras-DorielBarros.jpg?resize=400%2C480&amp;ssl=1\" sizes=\"(max-width: 400px) 100vw, 400px\" srcset=\"https:\/\/i2.wp.com\/nilljunior.com.br\/wp-content\/uploads\/2023\/10\/LucianoDuque-JosePatriota-FabrizioFerras-DorielBarros.jpg?w=600&amp;ssl=1 600w, https:\/\/i2.wp.com\/nilljunior.com.br\/wp-content\/uploads\/2023\/10\/LucianoDuque-JosePatriota-FabrizioFerras-DorielBarros.jpg?resize=208%2C250&amp;ssl=1 208w, https:\/\/i2.wp.com\/nilljunior.com.br\/wp-content\/uploads\/2023\/10\/LucianoDuque-JosePatriota-FabrizioFerras-DorielBarros.jpg?resize=333%2C400&amp;ssl=1 333w\" alt=\"\" width=\"400\" height=\"480\" data-attachment-id=\"270089\" data-permalink=\"https:\/\/nilljunior.com.br\/deputados-comemoram-oferta-de-cirurgias-oculares-em-serra-talhada\/lucianoduque-josepatriota-fabrizioferras-dorielbarros\/\" data-orig-file=\"https:\/\/i2.wp.com\/nilljunior.com.br\/wp-content\/uploads\/2023\/10\/LucianoDuque-JosePatriota-FabrizioFerras-DorielBarros.jpg?fit=600%2C720&amp;ssl=1\" data-orig-size=\"600,720\" data-comments-opened=\"1\" data-image-meta=\"{&quot;aperture&quot;:&quot;0&quot;,&quot;credit&quot;:&quot;&quot;,&quot;camera&quot;:&quot;&quot;,&quot;caption&quot;:&quot;&quot;,&quot;created_timestamp&quot;:&quot;0&quot;,&quot;copyright&quot;:&quot;&quot;,&quot;focal_length&quot;:&quot;0&quot;,&quot;iso&quot;:&quot;0&quot;,&quot;shutter_speed&quot;:&quot;0&quot;,&quot;title&quot;:&quot;&quot;,&quot;orientation&quot;:&quot;0&quot;}\" data-image-title=\"LucianoDuque-JosePatriota-FabrizioFerras-DorielBarros\" data-image-description=\"\" data-medium-file=\"https:\/\/i2.wp.com\/nilljunior.com.br\/wp-content\/uploads\/2023\/10\/LucianoDuque-JosePatriota-FabrizioFerras-DorielBarros.jpg?fit=208%2C250&amp;ssl=1\" data-large-file=\"https:\/\/i2.wp.com\/nilljunior.com.br\/wp-content\/uploads\/2023\/10\/LucianoDuque-JosePatriota-FabrizioFerras-DorielBarros.jpg?fit=333%2C400&amp;ssl=1\" data-recalc-dims=\"1\" data-lazy-loaded=\"1\" \/><span style=\"font-family: arial, helvetica, sans-serif;\">A inaugura\u00e7\u00e3o do bloco cir\u00fargico da Funda\u00e7\u00e3o Altino Ventura em Serra Talhada, no Sert\u00e3o do Paje\u00fa, ganhou destaque no Plen\u00e1rio da Assembleia Legislativa, nesta ter\u00e7a-feira (31).<\/span><\/span><\/p>\n<p style=\"text-align: justify;\"><span style=\"font-size: 14pt; font-family: arial, helvetica, sans-serif;\">O deputado\u00a0<strong>Luciano Duque,<\/strong>\u00a0do Solidariedade, comemorou a iniciativa, que acredita ser um passo importante para a interioriza\u00e7\u00e3o da sa\u00fade. Ele agradeceu o apoio da governadora Raquel Lyra ao empreendimento m\u00e9dico sem fins lucrativos.<\/span><\/p>\n<p style=\"text-align: justify;\"><span style=\"font-size: 14pt; font-family: arial, helvetica, sans-serif;\">\u201cAtendendo a um pleito da Funda\u00e7\u00e3o Altino Ventura, ir\u00e1 regular, n\u00e3o \u00e9, e financiar os servi\u00e7os de cirurgia de oftalmologia l\u00e1 no munic\u00edpio de Serra Talhada. Ent\u00e3o, teremos a possibilidade do atendimento de 35 cidades, a terceira macrorregional de sa\u00fade, tendo a possibilidade de realizar cirurgias l\u00e1 na pr\u00f3pria regi\u00e3o, saindo do famigerado TFD, das viagens intermin\u00e1veis.\u201d<\/span><\/p>\n<p style=\"text-align: justify;\"><span style=\"font-size: 14pt; font-family: arial, helvetica, sans-serif;\">Em apartes, v\u00e1rios deputados ressaltaram os ganhos que o novo servi\u00e7o de oftalmologia vai trazer para a popula\u00e7\u00e3o.\u00a0<strong>Jos\u00e9 Patriota<\/strong>, do PSB, enfatizou que as cirurgias em Serra Talhada v\u00e3o desafogar o atendimento em Garanhuns, no Agreste Meridional, e em munic\u00edpios vizinhos.\u00a0<strong>Fabrizio Ferraz<\/strong>, do Solidariedade, garantiu que vai destinar recursos de emendas para a Funda\u00e7\u00e3o Altino Ventura, como fez em anos anteriores.\u00a0<strong>Doriel Barros<\/strong>, do PT, salientou o empenho dos gestores municipais, deputados estaduais e federais, al\u00e9m do Governo Lula, para concretizar o empreendimento de sa\u00fade.\u00a0<\/span><\/p>\n","protected":false},"excerpt":{"rendered":"<p>A inaugura&ccedil;&atilde;o do bloco cir&uacute;rgico da Funda&ccedil;&atilde;o Altino Ventura em Serra Talhada, no Sert&atilde;o do Paje&uacute;, ganhou destaque no Plen&aacute;rio da Assembleia Legislativa, nesta ter&ccedil;a-feira (31). O deputado&nbsp;Luciano Duque,&nbsp;do Solidariedade, comemorou a iniciativa, que acredita ser um passo importante para a interioriza&ccedil;&atilde;o da sa&uacute;de. Ele agradeceu o apoio da governadora Raquel Lyra ao empreendimento m&eacute;dico sem fins lucrativos. &ldquo;Atendendo a um pleito da Funda&ccedil;&atilde;o Altino Ventura, ir&aacute; regular, n&atilde;o &eacute;, e financiar os servi&ccedil;os de cirurgia de oftalmologia l&aacute; no munic&iacute;pio de Serra Talhada. Ent&atilde;o, teremos a possibilidade do atendimento de 35 cidades, a terceira macrorregional de sa&uacute;de, tendo a &#8230; <\/p>\n<p class=\"read-more-container\"><a title=\"Deputados comemoram oferta de cirurgias oculares em Serra Talhada\" class=\"read-more button\" href=\"https:\/\/blogdojuniorcavalcanti.com.br\/index.php\/2023\/11\/01\/deputados-comemoram-oferta-de-cirurgias-oculares-em-serra-talhada\/#more-29281\" aria-label=\"More on Deputados comemoram oferta de cirurgias oculares em Serra Talhada\">Leia mais<\/a><\/p>\n","protected":false},"author":2,"featured_media":0,"comment_status":"open","ping_status":"open","sticky":false,"template":"","format":"standard","meta":{"footnotes":""},"categories":[26],"tags":[],"class_list":["post-29281","post","type-post","status-publish","format-standard","hentry","category-noticias"],"_links":{"self":[{"href":"https:\/\/blogdojuniorcavalcanti.com.br\/index.php\/wp-json\/wp\/v2\/posts\/29281","targetHints":{"allow":["GET"]}}],"collection":[{"href":"https:\/\/blogdojuniorcavalcanti.com.br\/index.php\/wp-json\/wp\/v2\/posts"}],"about":[{"href":"https:\/\/blogdojuniorcavalcanti.com.br\/index.php\/wp-json\/wp\/v2\/types\/post"}],"author":[{"embeddable":true,"href":"https:\/\/blogdojuniorcavalcanti.com.br\/index.php\/wp-json\/wp\/v2\/users\/2"}],"replies":[{"embeddable":true,"href":"https:\/\/blogdojuniorcavalcanti.com.br\/index.php\/wp-json\/wp\/v2\/comments?post=29281"}],"version-history":[{"count":1,"href":"https:\/\/blogdojuniorcavalcanti.com.br\/index.php\/wp-json\/wp\/v2\/posts\/29281\/revisions"}],"predecessor-version":[{"id":29282,"href":"https:\/\/blogdojuniorcavalcanti.com.br\/index.php\/wp-json\/wp\/v2\/posts\/29281\/revisions\/29282"}],"wp:attachment":[{"href":"https:\/\/blogdojuniorcavalcanti.com.br\/index.php\/wp-json\/wp\/v2\/media?parent=29281"}],"wp:term":[{"taxonomy":"category","embeddable":true,"href":"https:\/\/blogdojuniorcavalcanti.com.br\/index.php\/wp-json\/wp\/v2\/categories?post=29281"},{"taxonomy":"post_tag","embeddable":true,"href":"https:\/\/blogdojuniorcavalcanti.com.br\/index.php\/wp-json\/wp\/v2\/tags?post=29281"}],"curies":[{"name":"wp","href":"https:\/\/api.w.org\/{rel}","templated":true}]}}