{"id":29576,"date":"2023-11-15T04:36:16","date_gmt":"2023-11-15T07:36:16","guid":{"rendered":"https:\/\/blogdojuniorcavalcanti.com.br\/?p=29576"},"modified":"2023-11-15T04:36:16","modified_gmt":"2023-11-15T07:36:16","slug":"afogados-vai-celebrar-a-tradicao-dos-bacamarteiros","status":"publish","type":"post","link":"https:\/\/blogdojuniorcavalcanti.com.br\/index.php\/2023\/11\/15\/afogados-vai-celebrar-a-tradicao-dos-bacamarteiros\/","title":{"rendered":"Afogados vai celebrar a tradi\u00e7\u00e3o dos bacamarteiros"},"content":{"rendered":"<p style=\"text-align: justify;\"><span style=\"font-size: 14pt; font-family: arial, helvetica, sans-serif;\">Nesta quarta-feira, 15 de novembro, Afogados comemora o dia municipal do Bacamarteiro. A data foi institucionalizada pela lei n\u00ba 765, de dezembro de 2018.<\/span><\/p>\n<p style=\"text-align: justify;\"><span style=\"font-size: 14pt; font-family: arial, helvetica, sans-serif;\">E para comemorar a data, a Prefeitura de Afogados, em parceria com a associa\u00e7\u00e3o dos bacamarteiros do munic\u00edpio, promove mais um encontro regional de Bacamarteiros.<\/span><\/p>\n<p style=\"text-align: justify;\"><span style=\"font-size: 14pt; font-family: arial, helvetica, sans-serif;\">A tradi\u00e7\u00e3o do Bacamarte no Nordeste come\u00e7ou ainda no s\u00e9culo XIX, com o in\u00edcio da guerra do Paraguai. Mais do que centen\u00e1ria, a tradi\u00e7\u00e3o permanece, n\u00e3o para fazer a guerra, mas como um instrumento de festa, de celebra\u00e7\u00e3o das colheitas, da chegada das chuvas, dos festejos juninos.<\/span><\/p>\n<p style=\"text-align: justify;\"><span style=\"font-size: 14pt; font-family: arial, helvetica, sans-serif;\">Confira a programa\u00e7\u00e3o desse ano divulgada pela Secretaria Municipal de Cultura e Esportes:\u00a0<\/span><\/p>\n<p style=\"text-align: justify;\"><span style=\"font-size: 14pt; font-family: arial, helvetica, sans-serif;\"><b>Campo do nascente<\/b><\/span><\/p>\n<p style=\"text-align: justify;\"><span style=\"font-size: 14pt; font-family: arial, helvetica, sans-serif;\">05h \u2013 in\u00edcio do acolhimento dos bacamarteiros visitantes<\/span><\/p>\n<p style=\"text-align: justify;\"><span style=\"font-size: 14pt; font-family: arial, helvetica, sans-serif;\">06h \u2013 Caf\u00e9 da manh\u00e3 com apresenta\u00e7\u00e3o dos bacamarteiros<\/span><\/p>\n<p style=\"text-align: justify;\"><span style=\"font-size: 14pt; font-family: arial, helvetica, sans-serif;\">07h \u2013 Desfile pelas ruas de Afogados em dire\u00e7\u00e3o ao centro desportivo municipal\u00a0<\/span><\/p>\n<p style=\"text-align: justify;\"><span style=\"font-size: 14pt; font-family: arial, helvetica, sans-serif;\"><b>Centro Desportivo Municipal<\/b><\/span><\/p>\n<p style=\"text-align: justify;\"><span style=\"font-size: 14pt; font-family: arial, helvetica, sans-serif;\">8h \u2013 Missa celebrada pelo Padre Luizinho\u00a0<\/span><\/p>\n<p style=\"text-align: justify;\"><span style=\"font-size: 14pt; font-family: arial, helvetica, sans-serif;\">9h \u2013 Falas das autoridades presentes e entregas de certificados e homenagens\u00a0<\/span><\/p>\n<p style=\"text-align: justify;\"><span style=\"font-size: 14pt; font-family: arial, helvetica, sans-serif;\">10h \u2013 Apresenta\u00e7\u00e3o dos bacamarteiros\u00a0<\/span><\/p>\n<p style=\"text-align: justify;\"><span style=\"font-size: 14pt; font-family: arial, helvetica, sans-serif;\">11h \u2013 Almo\u00e7o e forr\u00f3 p\u00e9-de-serra<\/span><\/p>\n<p style=\"text-align: justify;\"><span style=\"font-size: 14pt; font-family: arial, helvetica, sans-serif;\">14h \u2013 Encerramento e despedida dos bacamarteiros<\/span><\/p>\n","protected":false},"excerpt":{"rendered":"<p>Nesta quarta-feira, 15 de novembro, Afogados comemora o dia municipal do Bacamarteiro. A data foi institucionalizada pela lei n&ordm; 765, de dezembro de 2018. E para comemorar a data, a Prefeitura de Afogados, em parceria com a associa&ccedil;&atilde;o dos bacamarteiros do munic&iacute;pio, promove mais um encontro regional de Bacamarteiros. A tradi&ccedil;&atilde;o do Bacamarte no Nordeste come&ccedil;ou ainda no s&eacute;culo XIX, com o in&iacute;cio da guerra do Paraguai. Mais do que centen&aacute;ria, a tradi&ccedil;&atilde;o permanece, n&atilde;o para fazer a guerra, mas como um instrumento de festa, de celebra&ccedil;&atilde;o das colheitas, da chegada das chuvas, dos festejos juninos. Confira a programa&ccedil;&atilde;o desse &#8230; <\/p>\n<p class=\"read-more-container\"><a title=\"Afogados vai celebrar a tradi\u00e7\u00e3o dos bacamarteiros\" class=\"read-more button\" href=\"https:\/\/blogdojuniorcavalcanti.com.br\/index.php\/2023\/11\/15\/afogados-vai-celebrar-a-tradicao-dos-bacamarteiros\/#more-29576\" aria-label=\"More on Afogados vai celebrar a tradi\u00e7\u00e3o dos bacamarteiros\">Leia mais<\/a><\/p>\n","protected":false},"author":2,"featured_media":29577,"comment_status":"open","ping_status":"open","sticky":false,"template":"","format":"standard","meta":{"footnotes":""},"categories":[25],"tags":[],"class_list":["post-29576","post","type-post","status-publish","format-standard","has-post-thumbnail","hentry","category-destaque","resize-featured-image"],"_links":{"self":[{"href":"https:\/\/blogdojuniorcavalcanti.com.br\/index.php\/wp-json\/wp\/v2\/posts\/29576","targetHints":{"allow":["GET"]}}],"collection":[{"href":"https:\/\/blogdojuniorcavalcanti.com.br\/index.php\/wp-json\/wp\/v2\/posts"}],"about":[{"href":"https:\/\/blogdojuniorcavalcanti.com.br\/index.php\/wp-json\/wp\/v2\/types\/post"}],"author":[{"embeddable":true,"href":"https:\/\/blogdojuniorcavalcanti.com.br\/index.php\/wp-json\/wp\/v2\/users\/2"}],"replies":[{"embeddable":true,"href":"https:\/\/blogdojuniorcavalcanti.com.br\/index.php\/wp-json\/wp\/v2\/comments?post=29576"}],"version-history":[{"count":1,"href":"https:\/\/blogdojuniorcavalcanti.com.br\/index.php\/wp-json\/wp\/v2\/posts\/29576\/revisions"}],"predecessor-version":[{"id":29578,"href":"https:\/\/blogdojuniorcavalcanti.com.br\/index.php\/wp-json\/wp\/v2\/posts\/29576\/revisions\/29578"}],"wp:featuredmedia":[{"embeddable":true,"href":"https:\/\/blogdojuniorcavalcanti.com.br\/index.php\/wp-json\/wp\/v2\/media\/29577"}],"wp:attachment":[{"href":"https:\/\/blogdojuniorcavalcanti.com.br\/index.php\/wp-json\/wp\/v2\/media?parent=29576"}],"wp:term":[{"taxonomy":"category","embeddable":true,"href":"https:\/\/blogdojuniorcavalcanti.com.br\/index.php\/wp-json\/wp\/v2\/categories?post=29576"},{"taxonomy":"post_tag","embeddable":true,"href":"https:\/\/blogdojuniorcavalcanti.com.br\/index.php\/wp-json\/wp\/v2\/tags?post=29576"}],"curies":[{"name":"wp","href":"https:\/\/api.w.org\/{rel}","templated":true}]}}