{"id":29614,"date":"2023-11-16T04:44:37","date_gmt":"2023-11-16T07:44:37","guid":{"rendered":"https:\/\/blogdojuniorcavalcanti.com.br\/?p=29614"},"modified":"2023-11-16T04:44:37","modified_gmt":"2023-11-16T07:44:37","slug":"sertania-uniao-brasil-fecha-alianca-com-prefeito-angelo-ferreira","status":"publish","type":"post","link":"https:\/\/blogdojuniorcavalcanti.com.br\/index.php\/2023\/11\/16\/sertania-uniao-brasil-fecha-alianca-com-prefeito-angelo-ferreira\/","title":{"rendered":"Sert\u00e2nia: Uni\u00e3o Brasil fecha alian\u00e7a com prefeito \u00c2ngelo Ferreira"},"content":{"rendered":"<p style=\"text-align: justify;\"><span style=\"font-size: 14pt;\"><b><img fetchpriority=\"high\" decoding=\"async\" class=\"alignleft wp-image-271217 jetpack-lazy-image jetpack-lazy-image--handled\" src=\"https:\/\/i1.wp.com\/nilljunior.com.br\/wp-content\/uploads\/2023\/11\/AngeloFerreira-UniaoBrasil.jpg?resize=400%2C267&amp;ssl=1\" sizes=\"(max-width: 400px) 100vw, 400px\" srcset=\"https:\/\/i1.wp.com\/nilljunior.com.br\/wp-content\/uploads\/2023\/11\/AngeloFerreira-UniaoBrasil.jpg?w=768&amp;ssl=1 768w, https:\/\/i1.wp.com\/nilljunior.com.br\/wp-content\/uploads\/2023\/11\/AngeloFerreira-UniaoBrasil.jpg?resize=150%2C100&amp;ssl=1 150w, https:\/\/i1.wp.com\/nilljunior.com.br\/wp-content\/uploads\/2023\/11\/AngeloFerreira-UniaoBrasil.jpg?resize=300%2C200&amp;ssl=1 300w, https:\/\/i1.wp.com\/nilljunior.com.br\/wp-content\/uploads\/2023\/11\/AngeloFerreira-UniaoBrasil.jpg?resize=600%2C400&amp;ssl=1 600w\" alt=\"\" width=\"400\" height=\"267\" data-attachment-id=\"271217\" data-permalink=\"https:\/\/nilljunior.com.br\/sertania-uniao-brasil-fecha-alianca-com-prefeito-angelo-ferreira\/angeloferreira-uniaobrasil\/\" data-orig-file=\"https:\/\/i1.wp.com\/nilljunior.com.br\/wp-content\/uploads\/2023\/11\/AngeloFerreira-UniaoBrasil.jpg?fit=768%2C512&amp;ssl=1\" data-orig-size=\"768,512\" data-comments-opened=\"1\" data-image-meta=\"{&quot;aperture&quot;:&quot;0&quot;,&quot;credit&quot;:&quot;&quot;,&quot;camera&quot;:&quot;&quot;,&quot;caption&quot;:&quot;&quot;,&quot;created_timestamp&quot;:&quot;0&quot;,&quot;copyright&quot;:&quot;&quot;,&quot;focal_length&quot;:&quot;0&quot;,&quot;iso&quot;:&quot;0&quot;,&quot;shutter_speed&quot;:&quot;0&quot;,&quot;title&quot;:&quot;&quot;,&quot;orientation&quot;:&quot;0&quot;}\" data-image-title=\"AngeloFerreira-UniaoBrasil\" data-image-description=\"\" data-medium-file=\"https:\/\/i1.wp.com\/nilljunior.com.br\/wp-content\/uploads\/2023\/11\/AngeloFerreira-UniaoBrasil.jpg?fit=300%2C200&amp;ssl=1\" data-large-file=\"https:\/\/i1.wp.com\/nilljunior.com.br\/wp-content\/uploads\/2023\/11\/AngeloFerreira-UniaoBrasil.jpg?fit=600%2C400&amp;ssl=1\" data-recalc-dims=\"1\" data-lazy-loaded=\"1\" \/><span style=\"font-family: arial, helvetica, sans-serif;\">Por Andr\u00e9 Luis<\/span><\/b><\/span><\/p>\n<p style=\"text-align: justify;\"><span style=\"font-size: 14pt; font-family: arial, helvetica, sans-serif;\">O Uni\u00e3o Brasil, partido liderado pelo deputado federal Luciano Bivar, fechou uma alian\u00e7a com o prefeito de Sert\u00e2nia, \u00c2ngelo Ferreira (PSB), e com o vereador Niltinho Sousa. A informa\u00e7\u00e3o foi confirmada pelo presidente do Uni\u00e3o Brasil em Pernambuco, Marcos Amaral, em um encontro na sede do partido no Recife.<\/span><\/p>\n<p style=\"text-align: justify;\"><span style=\"font-size: 14pt; font-family: arial, helvetica, sans-serif;\">O encontro tamb\u00e9m contou com a participa\u00e7\u00e3o do secret\u00e1rio de Desenvolvimento Social e Cidadania de Sert\u00e2nia, Paulo Henrique Ferreira.<\/span><\/p>\n<p style=\"text-align: justify;\"><span style=\"font-size: 14pt; font-family: arial, helvetica, sans-serif;\">O Uni\u00e3o Brasil tamb\u00e9m recebeu demandas de Sert\u00e2nia que ser\u00e3o levadas \u00e0 Bras\u00edlia. Entre as principais demandas est\u00e3o a constru\u00e7\u00e3o de uma nova escola estadual, a reforma do Hospital Regional de Sert\u00e2nia e a pavimenta\u00e7\u00e3o de ruas da zona rural.<\/span><\/p>\n<p style=\"text-align: justify;\"><span style=\"font-size: 14pt; font-family: arial, helvetica, sans-serif;\">A alian\u00e7a entre o Uni\u00e3o Brasil e o prefeito \u00c2ngelo Ferreira \u00e9 um importante passo para a elei\u00e7\u00e3o de 2024.<\/span><\/p>\n","protected":false},"excerpt":{"rendered":"<p>Por Andr&eacute; Luis O Uni&atilde;o Brasil, partido liderado pelo deputado federal Luciano Bivar, fechou uma alian&ccedil;a com o prefeito de Sert&acirc;nia, &Acirc;ngelo Ferreira (PSB), e com o vereador Niltinho Sousa. A informa&ccedil;&atilde;o foi confirmada pelo presidente do Uni&atilde;o Brasil em Pernambuco, Marcos Amaral, em um encontro na sede do partido no Recife. O encontro tamb&eacute;m contou com a participa&ccedil;&atilde;o do secret&aacute;rio de Desenvolvimento Social e Cidadania de Sert&acirc;nia, Paulo Henrique Ferreira. O Uni&atilde;o Brasil tamb&eacute;m recebeu demandas de Sert&acirc;nia que ser&atilde;o levadas &agrave; Bras&iacute;lia. Entre as principais demandas est&atilde;o a constru&ccedil;&atilde;o de uma nova escola estadual, a reforma do Hospital &#8230; <\/p>\n<p class=\"read-more-container\"><a title=\"Sert\u00e2nia: Uni\u00e3o Brasil fecha alian\u00e7a com prefeito \u00c2ngelo Ferreira\" class=\"read-more button\" href=\"https:\/\/blogdojuniorcavalcanti.com.br\/index.php\/2023\/11\/16\/sertania-uniao-brasil-fecha-alianca-com-prefeito-angelo-ferreira\/#more-29614\" aria-label=\"More on Sert\u00e2nia: Uni\u00e3o Brasil fecha alian\u00e7a com prefeito \u00c2ngelo Ferreira\">Leia mais<\/a><\/p>\n","protected":false},"author":2,"featured_media":0,"comment_status":"open","ping_status":"open","sticky":false,"template":"","format":"standard","meta":{"footnotes":""},"categories":[26],"tags":[],"class_list":["post-29614","post","type-post","status-publish","format-standard","hentry","category-noticias"],"_links":{"self":[{"href":"https:\/\/blogdojuniorcavalcanti.com.br\/index.php\/wp-json\/wp\/v2\/posts\/29614","targetHints":{"allow":["GET"]}}],"collection":[{"href":"https:\/\/blogdojuniorcavalcanti.com.br\/index.php\/wp-json\/wp\/v2\/posts"}],"about":[{"href":"https:\/\/blogdojuniorcavalcanti.com.br\/index.php\/wp-json\/wp\/v2\/types\/post"}],"author":[{"embeddable":true,"href":"https:\/\/blogdojuniorcavalcanti.com.br\/index.php\/wp-json\/wp\/v2\/users\/2"}],"replies":[{"embeddable":true,"href":"https:\/\/blogdojuniorcavalcanti.com.br\/index.php\/wp-json\/wp\/v2\/comments?post=29614"}],"version-history":[{"count":1,"href":"https:\/\/blogdojuniorcavalcanti.com.br\/index.php\/wp-json\/wp\/v2\/posts\/29614\/revisions"}],"predecessor-version":[{"id":29615,"href":"https:\/\/blogdojuniorcavalcanti.com.br\/index.php\/wp-json\/wp\/v2\/posts\/29614\/revisions\/29615"}],"wp:attachment":[{"href":"https:\/\/blogdojuniorcavalcanti.com.br\/index.php\/wp-json\/wp\/v2\/media?parent=29614"}],"wp:term":[{"taxonomy":"category","embeddable":true,"href":"https:\/\/blogdojuniorcavalcanti.com.br\/index.php\/wp-json\/wp\/v2\/categories?post=29614"},{"taxonomy":"post_tag","embeddable":true,"href":"https:\/\/blogdojuniorcavalcanti.com.br\/index.php\/wp-json\/wp\/v2\/tags?post=29614"}],"curies":[{"name":"wp","href":"https:\/\/api.w.org\/{rel}","templated":true}]}}