{"id":29622,"date":"2023-11-16T04:47:12","date_gmt":"2023-11-16T07:47:12","guid":{"rendered":"https:\/\/blogdojuniorcavalcanti.com.br\/?p=29622"},"modified":"2023-11-16T04:47:12","modified_gmt":"2023-11-16T07:47:12","slug":"serra-talhada-recebe-1a-conferencia-caatingueira-do-clima","status":"publish","type":"post","link":"https:\/\/blogdojuniorcavalcanti.com.br\/index.php\/2023\/11\/16\/serra-talhada-recebe-1a-conferencia-caatingueira-do-clima\/","title":{"rendered":"Serra Talhada recebe 1\u00aa Confer\u00eancia Caatingueira do Clima"},"content":{"rendered":"<p style=\"text-align: justify;\"><span style=\"font-size: 14pt;\"><b><i><img fetchpriority=\"high\" decoding=\"async\" class=\"alignleft wp-image-271165 jetpack-lazy-image jetpack-lazy-image--handled\" src=\"https:\/\/i2.wp.com\/nilljunior.com.br\/wp-content\/uploads\/2023\/11\/Foto-Alvaro-Severo-2.jpg?resize=400%2C267&amp;ssl=1\" sizes=\"(max-width: 400px) 100vw, 400px\" srcset=\"https:\/\/i2.wp.com\/nilljunior.com.br\/wp-content\/uploads\/2023\/11\/Foto-Alvaro-Severo-2.jpg?w=1930&amp;ssl=1 1930w, https:\/\/i2.wp.com\/nilljunior.com.br\/wp-content\/uploads\/2023\/11\/Foto-Alvaro-Severo-2.jpg?resize=150%2C100&amp;ssl=1 150w, https:\/\/i2.wp.com\/nilljunior.com.br\/wp-content\/uploads\/2023\/11\/Foto-Alvaro-Severo-2.jpg?resize=300%2C200&amp;ssl=1 300w, https:\/\/i2.wp.com\/nilljunior.com.br\/wp-content\/uploads\/2023\/11\/Foto-Alvaro-Severo-2.jpg?resize=768%2C512&amp;ssl=1 768w, https:\/\/i2.wp.com\/nilljunior.com.br\/wp-content\/uploads\/2023\/11\/Foto-Alvaro-Severo-2.jpg?resize=600%2C400&amp;ssl=1 600w\" alt=\"\" width=\"400\" height=\"267\" data-attachment-id=\"271165\" data-permalink=\"https:\/\/nilljunior.com.br\/serra-talhada-recebe-1a-conferencia-caatingueira-do-clima\/foto-alvaro-severo-2\/\" data-orig-file=\"https:\/\/i2.wp.com\/nilljunior.com.br\/wp-content\/uploads\/2023\/11\/Foto-Alvaro-Severo-2.jpg?fit=1930%2C1286&amp;ssl=1\" data-orig-size=\"1930,1286\" data-comments-opened=\"1\" data-image-meta=\"{&quot;aperture&quot;:&quot;4.5&quot;,&quot;credit&quot;:&quot;Alvaro Severo&quot;,&quot;camera&quot;:&quot;Canon EOS REBEL T2i&quot;,&quot;caption&quot;:&quot;&quot;,&quot;created_timestamp&quot;:&quot;1482083021&quot;,&quot;copyright&quot;:&quot;Alvaro Severo&quot;,&quot;focal_length&quot;:&quot;10&quot;,&quot;iso&quot;:&quot;100&quot;,&quot;shutter_speed&quot;:&quot;0.000625&quot;,&quot;title&quot;:&quot;&quot;,&quot;orientation&quot;:&quot;1&quot;}\" data-image-title=\"Foto Alvaro Severo (2)\" data-image-description=\"\" data-medium-file=\"https:\/\/i2.wp.com\/nilljunior.com.br\/wp-content\/uploads\/2023\/11\/Foto-Alvaro-Severo-2.jpg?fit=300%2C200&amp;ssl=1\" data-large-file=\"https:\/\/i2.wp.com\/nilljunior.com.br\/wp-content\/uploads\/2023\/11\/Foto-Alvaro-Severo-2.jpg?fit=600%2C400&amp;ssl=1\" data-recalc-dims=\"1\" data-lazy-loaded=\"1\" \/><span style=\"font-family: arial, helvetica, sans-serif;\">Iniciativa do Sesc e Instituto Socioambiental Serra Grande vai debater desertifica\u00e7\u00e3o e conserva\u00e7\u00e3o do bioma Caatinga<\/span><\/i><\/b><\/span><\/p>\n<p style=\"text-align: justify;\"><span style=\"font-size: 14pt; font-family: arial, helvetica, sans-serif;\">Com o objetivo de discutir os impactos das mudan\u00e7as clim\u00e1ticas sobre o bioma Caatinga, \u00fanico exclusivamente brasileiro, e organizar iniciativas em prol da conserva\u00e7\u00e3o deste ecossistema, o Sesc Pernambuco em parceria com Instituto Socioambiental Serra Grande, realizam nos dias 26 e 27 de novembro, em Serra Talhada, no Sert\u00e3o do Paje\u00fa, a 1\u00aa Confer\u00eancia Caatingueira do Clima \u2013 Semeando o Futuro e Cuidando do Presente.\u00a0<\/span><\/p>\n<p style=\"text-align: justify;\"><span style=\"font-size: 14pt; font-family: arial, helvetica, sans-serif;\">O evento acontece na sede do Instituto no dia 26, e no Centro de Educa\u00e7\u00e3o Ambiental Caatinga (CEA) do Sesc, no dia 27. A entrada \u00e9 a doa\u00e7\u00e3o de 1 kg de alimento n\u00e3o-perec\u00edvel, que ser\u00e1 destinado ao Mesa Brasil Sesc.<\/span><\/p>\n<p style=\"text-align: justify;\"><span style=\"font-size: 14pt; font-family: arial, helvetica, sans-serif;\">Com debates, apresenta\u00e7\u00e3o de trabalhos cient\u00edficos\/sociais, Feira de Economia Solid\u00e1ria, exposi\u00e7\u00e3o, atividades culturais, entre outras a\u00e7\u00f5es, a programa\u00e7\u00e3o prop\u00f5e reorientar a agenda clim\u00e1tica local por meio do di\u00e1logo, apontar compromissos e unir esfor\u00e7os para reduzir os efeitos negativos das mudan\u00e7as clim\u00e1ticas sobre a Caatinga e maximizar os potenciais da regi\u00e3o.\u00a0<\/span><\/p>\n<p style=\"text-align: justify;\"><span style=\"font-size: 14pt; font-family: arial, helvetica, sans-serif;\">O per\u00edodo para a realiza\u00e7\u00e3o da Confer\u00eancia foi escolhido em alus\u00e3o \u00e0 Confer\u00eancia das Partes (COP \u2013 Conference of the Parties) da Organiza\u00e7\u00e3o das Na\u00e7\u00f5es Unidas sobre as Mudan\u00e7as Clim\u00e1ticas, que este ano re\u00fane representantes de todo o mundo em sua 28\u00aa edi\u00e7\u00e3o, de 30 de novembro a 12 de dezembro, em Dubai.<\/span><\/p>\n<p style=\"text-align: justify;\"><span style=\"font-size: 14pt; font-family: arial, helvetica, sans-serif;\">As inscri\u00e7\u00f5es para participar da Confer\u00eancia podem ser feitas\u00a0<a href=\"https:\/\/forms.gle\/UrugDapHLHdfcjmbA\" target=\"_blank\" rel=\"noopener\"><strong>clicando aqui.<\/strong><\/a>\u00a0Para quem deseja submeter trabalhos cient\u00edficos\/sociais para apresenta\u00e7\u00e3o, o prazo \u00e9 at\u00e9 o dia 18 de novembro,\u00a0<a href=\"https:\/\/forms.gle\/JuZh5JKNz9dogGgj9\" target=\"_blank\" rel=\"noopener\"><strong>acessando aqui.<\/strong><\/a>\u00a0<\/span><\/p>\n<p style=\"text-align: justify;\"><span style=\"font-size: 14pt; font-family: arial, helvetica, sans-serif;\">Haver\u00e1 premia\u00e7\u00e3o para os melhores trabalhos apresentados e certificado de participa\u00e7\u00e3o para os participantes do evento.\u00a0\u00a0<\/span><\/p>\n<p style=\"text-align: justify;\"><span style=\"font-size: 14pt; font-family: arial, helvetica, sans-serif;\">A Confer\u00eancia conta com o apoio da Make I, ETECNA, PET-Biologia (UFRPE\/UAST), Nuca e parceria do It\u2019s Now, UNICEF, Funda\u00e7\u00e3o Avina, IBAMA, APOINME, CPT, CEPAN, Instituto Agir Ambiental, Vale S\u00e3o Jos\u00e9 \u2013 Centro de Estudos, Sebrae, UFRPE\/UAST, UFPE, Governo do Estado de Pernambuco e Ag\u00eancia Municipal de Meio Ambiente. A programa\u00e7\u00e3o completa est\u00e1 dispon\u00edvel no site do Sesc: www.sescpe.org.br. Mais informa\u00e7\u00f5es podem ser obtidas pelo e-mail\u00a0iccclima2023@gmail.com\u00a0ou pelo telefone (81) 99738-0648.<\/span><\/p>\n<p style=\"text-align: justify;\"><span style=\"font-size: 14pt; font-family: arial, helvetica, sans-serif;\"><b>Programa\u00e7\u00e3o:<\/b><\/span><\/p>\n<p style=\"text-align: justify;\"><span style=\"font-size: 14pt; font-family: arial, helvetica, sans-serif;\"><b>Dia 26 de novembro<\/b><\/span><\/p>\n<p style=\"text-align: justify;\"><span style=\"font-size: 14pt; font-family: arial, helvetica, sans-serif;\">Local: Instituto Socioambiental Serra Grande (S\u00edtio Barreiros)<\/span><\/p>\n<p style=\"text-align: justify;\"><span style=\"font-size: 14pt; font-family: arial, helvetica, sans-serif;\">8h \u00e0s 8h30 \u2013\u00a0 Recep\u00e7\u00e3o, abertura e apresenta\u00e7\u00e3o cultural;<\/span><\/p>\n<p style=\"text-align: justify;\"><span style=\"font-size: 14pt; font-family: arial, helvetica, sans-serif;\">8h30 \u00e0s 9h30 \u2013 Atividades de cuidado com o bioma Caatinga; Soltura de aves (participa\u00e7\u00e3o: Cetras Tangara); Demonstra\u00e7\u00e3o de t\u00e9cnicas de controle de inc\u00eandios florestais (Participa\u00e7\u00e3o: IBAMA, PrevFogo);<\/span><\/p>\n<p style=\"text-align: justify;\"><span style=\"font-size: 14pt; font-family: arial, helvetica, sans-serif;\">9h30 \u00e0s 10h30 \u2013 Roda de conversa no tema \u201cO Papel do Protagonismo Juvenil na Conserva\u00e7\u00e3o da Caatinga\u201d (Convidados: IBAMA, PrevFogo, CPRH, CETRAS Tangara, Sesc, UFRPE\/UAST, UFPE, NUCA, ETECNA, sociedade civil e demais interessados);<\/span><\/p>\n<p style=\"text-align: justify;\"><span style=\"font-size: 14pt; font-family: arial, helvetica, sans-serif;\">10h30 \u00e0s 10h45 \u2013 Coffee-break;<\/span><\/p>\n<p style=\"text-align: justify;\"><span style=\"font-size: 14pt; font-family: arial, helvetica, sans-serif;\">10h45 \u00e0s 12h \u2013 Semeadura de esp\u00e9cies nativas da Caatinga, no viveiro de mudas;<\/span><\/p>\n<p style=\"text-align: justify;\"><span style=\"font-size: 14pt; font-family: arial, helvetica, sans-serif;\">18h30 \u00e0s 19h \u2013 Ritual cultural de celebra\u00e7\u00e3o da Caatinga;<\/span><\/p>\n<p style=\"text-align: justify;\"><span style=\"font-size: 14pt; font-family: arial, helvetica, sans-serif;\">19h \u00e0s 20h \u2013 Cine Caatinga;<\/span><\/p>\n<p style=\"text-align: justify;\"><span style=\"font-size: 14pt; font-family: arial, helvetica, sans-serif;\">20h \u00e0s 22h \u2013 Apresenta\u00e7\u00f5es culturais com poesia e m\u00fasica: Elis Almeida, PC Silva e convidado.<\/span><\/p>\n<p style=\"text-align: justify;\"><span style=\"font-size: 14pt; font-family: arial, helvetica, sans-serif;\"><b>Dia 27 de novembro<\/b><\/span><\/p>\n<p style=\"text-align: justify;\"><span style=\"font-size: 14pt; font-family: arial, helvetica, sans-serif;\">Local: Sesc Serra Talhada (Av. Vicente In\u00e1cio de Oliveira \u2013 Bom Jesus)<\/span><\/p>\n<p style=\"text-align: justify;\"><span style=\"font-size: 14pt; font-family: arial, helvetica, sans-serif;\">8h \u00e0s 8h30 \u2013 Recep\u00e7\u00e3o e Credenciamento;<\/span><\/p>\n<p style=\"text-align: justify;\"><span style=\"font-size: 14pt; font-family: arial, helvetica, sans-serif;\">8h30 \u00e0s 9h30 \u2013 Abertura e apresenta\u00e7\u00e3o cultural; Mesa de situa\u00e7\u00e3o: Desertifica\u00e7\u00e3o e conserva\u00e7\u00e3o da Caatinga frente \u00e0s mudan\u00e7as clim\u00e1ticas (Institui\u00e7\u00f5es convidadas: Secretaria de Combate \u00e0 Desertifica\u00e7\u00e3o, Comiss\u00e3o Estadual de Meio Ambiente, SEMMA, CPRH, IBAMA, APAC, UFRPE, Instituto Florestar, CECOR, ADESSU, Centro Sabi\u00e1, MST, Projeto Dom Quixote, lideran\u00e7as e grupos locais (MST, MDA), Fetape e Sindicato, sociedade civil, Sebrae e Diaconia)\u00a0<\/span><\/p>\n<p style=\"text-align: justify;\"><span style=\"font-size: 14pt; font-family: arial, helvetica, sans-serif;\">9h30 \u00e0s 10h \u2013 Coffee-break;<\/span><\/p>\n<p style=\"text-align: justify;\"><span style=\"font-size: 14pt; font-family: arial, helvetica, sans-serif;\">10h \u00e0s 11h \u2013 Debate em Grupos de Trabalho (GT): Simula\u00e7\u00e3o de discuss\u00e3o baseada na COP da ONU;<\/span><\/p>\n<p style=\"text-align: justify;\"><span style=\"font-size: 14pt; font-family: arial, helvetica, sans-serif;\">11h \u00e0s 12h \u2013 Apresenta\u00e7\u00e3o de breve relatoria dos Grupos de Trabalho (GT);<\/span><\/p>\n<p style=\"text-align: justify;\"><span style=\"font-size: 14pt; font-family: arial, helvetica, sans-serif;\">14h \u00e0s 17h \u2013 Feira de exposi\u00e7\u00e3o de projetos cient\u00edfico\/acad\u00eamico\/t\u00e9cnico\/popular; Feira de Economia Solid\u00e1ria: MST, Coletivo Luli, Maria\u2019s artes\u00e3s, comercializa\u00e7\u00e3o de produtos locais da agricultura familiar e artesanato; Exposi\u00e7\u00e3o e experi\u00eancia multicultural (participa\u00e7\u00e3o: Arte em Movimento de Serra Talhada); Relato de jovens com atua\u00e7\u00e3o no tema do evento.<\/span><\/p>\n<p style=\"text-align: justify;\"><span style=\"font-size: 14pt; font-family: arial, helvetica, sans-serif;\">17h30 \u2013 Premia\u00e7\u00e3o dos melhores trabalhos;<\/span><\/p>\n<p style=\"text-align: justify;\"><span style=\"font-size: 14pt; font-family: arial, helvetica, sans-serif;\">18h \u00e0s 19h \u2013 Circuito Tela Verde: Exibi\u00e7\u00e3o de curta metragem e debate de encerramento.<\/span><\/p>\n","protected":false},"excerpt":{"rendered":"<p>Iniciativa do Sesc e Instituto Socioambiental Serra Grande vai debater desertifica&ccedil;&atilde;o e conserva&ccedil;&atilde;o do bioma Caatinga Com o objetivo de discutir os impactos das mudan&ccedil;as clim&aacute;ticas sobre o bioma Caatinga, &uacute;nico exclusivamente brasileiro, e organizar iniciativas em prol da conserva&ccedil;&atilde;o deste ecossistema, o Sesc Pernambuco em parceria com Instituto Socioambiental Serra Grande, realizam nos dias 26 e 27 de novembro, em Serra Talhada, no Sert&atilde;o do Paje&uacute;, a 1&ordf; Confer&ecirc;ncia Caatingueira do Clima &ndash; Semeando o Futuro e Cuidando do Presente.&nbsp; O evento acontece na sede do Instituto no dia 26, e no Centro de Educa&ccedil;&atilde;o Ambiental Caatinga (CEA) do &#8230; <\/p>\n<p class=\"read-more-container\"><a title=\"Serra Talhada recebe 1\u00aa Confer\u00eancia Caatingueira do Clima\" class=\"read-more button\" href=\"https:\/\/blogdojuniorcavalcanti.com.br\/index.php\/2023\/11\/16\/serra-talhada-recebe-1a-conferencia-caatingueira-do-clima\/#more-29622\" aria-label=\"More on Serra Talhada recebe 1\u00aa Confer\u00eancia Caatingueira do Clima\">Leia mais<\/a><\/p>\n","protected":false},"author":2,"featured_media":0,"comment_status":"open","ping_status":"open","sticky":false,"template":"","format":"standard","meta":{"footnotes":""},"categories":[26],"tags":[],"class_list":["post-29622","post","type-post","status-publish","format-standard","hentry","category-noticias"],"_links":{"self":[{"href":"https:\/\/blogdojuniorcavalcanti.com.br\/index.php\/wp-json\/wp\/v2\/posts\/29622","targetHints":{"allow":["GET"]}}],"collection":[{"href":"https:\/\/blogdojuniorcavalcanti.com.br\/index.php\/wp-json\/wp\/v2\/posts"}],"about":[{"href":"https:\/\/blogdojuniorcavalcanti.com.br\/index.php\/wp-json\/wp\/v2\/types\/post"}],"author":[{"embeddable":true,"href":"https:\/\/blogdojuniorcavalcanti.com.br\/index.php\/wp-json\/wp\/v2\/users\/2"}],"replies":[{"embeddable":true,"href":"https:\/\/blogdojuniorcavalcanti.com.br\/index.php\/wp-json\/wp\/v2\/comments?post=29622"}],"version-history":[{"count":1,"href":"https:\/\/blogdojuniorcavalcanti.com.br\/index.php\/wp-json\/wp\/v2\/posts\/29622\/revisions"}],"predecessor-version":[{"id":29623,"href":"https:\/\/blogdojuniorcavalcanti.com.br\/index.php\/wp-json\/wp\/v2\/posts\/29622\/revisions\/29623"}],"wp:attachment":[{"href":"https:\/\/blogdojuniorcavalcanti.com.br\/index.php\/wp-json\/wp\/v2\/media?parent=29622"}],"wp:term":[{"taxonomy":"category","embeddable":true,"href":"https:\/\/blogdojuniorcavalcanti.com.br\/index.php\/wp-json\/wp\/v2\/categories?post=29622"},{"taxonomy":"post_tag","embeddable":true,"href":"https:\/\/blogdojuniorcavalcanti.com.br\/index.php\/wp-json\/wp\/v2\/tags?post=29622"}],"curies":[{"name":"wp","href":"https:\/\/api.w.org\/{rel}","templated":true}]}}