{"id":29750,"date":"2023-11-22T04:47:22","date_gmt":"2023-11-22T07:47:22","guid":{"rendered":"https:\/\/blogdojuniorcavalcanti.com.br\/?p=29750"},"modified":"2023-11-22T04:47:22","modified_gmt":"2023-11-22T07:47:22","slug":"tce-emite-alerta-a-irlando-das-parabolicas-por-despesas-com-pessoal","status":"publish","type":"post","link":"https:\/\/blogdojuniorcavalcanti.com.br\/index.php\/2023\/11\/22\/tce-emite-alerta-a-irlando-das-parabolicas-por-despesas-com-pessoal\/","title":{"rendered":"TCE emite alerta a Irlando das Parab\u00f3licas por despesas com pessoal"},"content":{"rendered":"<p style=\"text-align: justify;\"><span style=\"font-size: 14pt;\"><b><img fetchpriority=\"high\" decoding=\"async\" class=\"alignleft wp-image-213626 jetpack-lazy-image jetpack-lazy-image--handled\" src=\"https:\/\/i1.wp.com\/nilljunior.com.br\/wp-content\/uploads\/2021\/09\/irlando-vacina-300x189.jpg?zoom=1.25&amp;resize=400%2C252&amp;ssl=1\" srcset=\"https:\/\/i1.wp.com\/nilljunior.com.br\/wp-content\/uploads\/2021\/09\/irlando-vacina-300x189.jpg?zoom=1.25&amp;resize=400%2C252&amp;ssl=1\" alt=\"\" width=\"400\" height=\"252\" data-attachment-id=\"213626\" data-permalink=\"https:\/\/nilljunior.com.br\/irlando-77-de-aprovacao-em-santa-cruz-da-baixa-verde-diz-multipla\/irlando-vacina-300x189\/\" data-orig-file=\"https:\/\/i1.wp.com\/nilljunior.com.br\/wp-content\/uploads\/2021\/09\/irlando-vacina-300x189.jpg?fit=300%2C189&amp;ssl=1\" data-orig-size=\"300,189\" data-comments-opened=\"1\" data-image-meta=\"{&quot;aperture&quot;:&quot;0&quot;,&quot;credit&quot;:&quot;&quot;,&quot;camera&quot;:&quot;&quot;,&quot;caption&quot;:&quot;&quot;,&quot;created_timestamp&quot;:&quot;0&quot;,&quot;copyright&quot;:&quot;&quot;,&quot;focal_length&quot;:&quot;0&quot;,&quot;iso&quot;:&quot;0&quot;,&quot;shutter_speed&quot;:&quot;0&quot;,&quot;title&quot;:&quot;&quot;,&quot;orientation&quot;:&quot;0&quot;}\" data-image-title=\"irlando-vacina-300\u00d7189\" data-image-description=\"\" data-medium-file=\"https:\/\/i1.wp.com\/nilljunior.com.br\/wp-content\/uploads\/2021\/09\/irlando-vacina-300x189.jpg?fit=300%2C189&amp;ssl=1\" data-large-file=\"https:\/\/i1.wp.com\/nilljunior.com.br\/wp-content\/uploads\/2021\/09\/irlando-vacina-300x189.jpg?fit=300%2C189&amp;ssl=1\" data-recalc-dims=\"1\" data-lazy-loaded=\"1\" \/><\/b><\/span><span style=\"font-size: 14pt; font-family: arial, helvetica, sans-serif;\">O Tribunal de Contas de Pernambuco (TCE), por meio de sua edi\u00e7\u00e3o no Di\u00e1rio Oficial desta ter\u00e7a-feira (21), emitiu um alerta ao prefeito de Santa Cruz da Baixa Verde, Jos\u00e9 Irlando de Souza Lima, conhecido como Irlando das Parab\u00f3licas, referente ao percentual de despesa total com pessoal sobre a receita corrente l\u00edquida no 2\u00ba Quadrimestre\/2023 e 1\u00ba Semestre\/2023.<\/span><\/p>\n<p style=\"text-align: justify;\"><span style=\"font-size: 14pt; font-family: arial, helvetica, sans-serif;\">Segundo dados do Sistema de Informa\u00e7\u00f5es Cont\u00e1beis e Fiscais do Setor P\u00fablico Brasileiro (Siconfi), extra\u00e7\u00e3o realizada em 26\/10\/2023, Irlando das Parab\u00f3licas est\u00e1 entre os gestores municipais cujos percentuais excederam os limites estabelecidos pela Lei de Responsabilidade Fiscal (LRF). O alerta visa garantir que o gestor tome as medidas necess\u00e1rias para evitar poss\u00edveis san\u00e7\u00f5es legais.<\/span><\/p>\n<p style=\"text-align: justify;\"><span style=\"font-size: 14pt; font-family: arial, helvetica, sans-serif;\">O TCE, no exerc\u00edcio de suas compet\u00eancias constitucionais, ressaltou que o percentual da despesa total com pessoal (%DTP) ultrapassou os 90%, 95% ou 100% do limite estabelecido no Art. 20, inciso III, al\u00ednea \u201cb\u201d da LRF. Diante disso, o prefeito Irlando das Parab\u00f3licas recebeu orienta\u00e7\u00f5es espec\u00edficas:<\/span><\/p>\n<p style=\"text-align: justify;\"><span style=\"font-size: 14pt; font-family: arial, helvetica, sans-serif;\">Caso o resultado percentual esteja entre 90% e 95% (%DTP entre 48,60% e 51,29%), o gestor deve observar os termos dos arts. 21 a 23 da LRF para evitar a extrapola\u00e7\u00e3o do limite legal ao longo do ano.<\/span><\/p>\n<p style=\"text-align: justify;\"><span style=\"font-size: 14pt; font-family: arial, helvetica, sans-serif;\">Se o resultado percentual estiver entre 95% e 100% (%DTP entre 51,30% e 54,00%), \u00e9 necess\u00e1rio observar as veda\u00e7\u00f5es previstas no art. 22, par\u00e1grafo \u00fanico, incisos I a V, da LRF.<\/span><\/p>\n<p style=\"text-align: justify;\"><span style=\"font-size: 14pt; font-family: arial, helvetica, sans-serif;\">No caso em que o resultado percentual ultrapassar 100% (%DTP superior a 54,00%), al\u00e9m de observar as veda\u00e7\u00f5es do art. 22, par\u00e1grafo \u00fanico, incisos I a V, da LRF, o gestor deve adotar as medidas previstas nos \u00a7\u00a7 3\u00ba e 4\u00ba do art. 169 da Constitui\u00e7\u00e3o Federal.<\/span><\/p>\n<p style=\"text-align: justify;\"><span style=\"font-size: 14pt; font-family: arial, helvetica, sans-serif;\">O alerta do TCE destaca a import\u00e2ncia de Irlando das Parab\u00f3licas agir de acordo com as normativas legais para garantir o equil\u00edbrio fiscal e o cumprimento das exig\u00eancias da Lei de Responsabilidade Fiscal. O n\u00e3o cumprimento dessas orienta\u00e7\u00f5es pode acarretar em san\u00e7\u00f5es e medidas legais cab\u00edveis.<\/span><\/p>\n","protected":false},"excerpt":{"rendered":"<p>O Tribunal de Contas de Pernambuco (TCE), por meio de sua edi&ccedil;&atilde;o no Di&aacute;rio Oficial desta ter&ccedil;a-feira (21), emitiu um alerta ao prefeito de Santa Cruz da Baixa Verde, Jos&eacute; Irlando de Souza Lima, conhecido como Irlando das Parab&oacute;licas, referente ao percentual de despesa total com pessoal sobre a receita corrente l&iacute;quida no 2&ordm; Quadrimestre\/2023 e 1&ordm; Semestre\/2023. Segundo dados do Sistema de Informa&ccedil;&otilde;es Cont&aacute;beis e Fiscais do Setor P&uacute;blico Brasileiro (Siconfi), extra&ccedil;&atilde;o realizada em 26\/10\/2023, Irlando das Parab&oacute;licas est&aacute; entre os gestores municipais cujos percentuais excederam os limites estabelecidos pela Lei de Responsabilidade Fiscal (LRF). O alerta visa garantir &#8230; <\/p>\n<p class=\"read-more-container\"><a title=\"TCE emite alerta a Irlando das Parab\u00f3licas por despesas com pessoal\" class=\"read-more button\" href=\"https:\/\/blogdojuniorcavalcanti.com.br\/index.php\/2023\/11\/22\/tce-emite-alerta-a-irlando-das-parabolicas-por-despesas-com-pessoal\/#more-29750\" aria-label=\"More on TCE emite alerta a Irlando das Parab\u00f3licas por despesas com pessoal\">Leia mais<\/a><\/p>\n","protected":false},"author":2,"featured_media":0,"comment_status":"open","ping_status":"open","sticky":false,"template":"","format":"standard","meta":{"footnotes":""},"categories":[26],"tags":[],"class_list":["post-29750","post","type-post","status-publish","format-standard","hentry","category-noticias"],"_links":{"self":[{"href":"https:\/\/blogdojuniorcavalcanti.com.br\/index.php\/wp-json\/wp\/v2\/posts\/29750","targetHints":{"allow":["GET"]}}],"collection":[{"href":"https:\/\/blogdojuniorcavalcanti.com.br\/index.php\/wp-json\/wp\/v2\/posts"}],"about":[{"href":"https:\/\/blogdojuniorcavalcanti.com.br\/index.php\/wp-json\/wp\/v2\/types\/post"}],"author":[{"embeddable":true,"href":"https:\/\/blogdojuniorcavalcanti.com.br\/index.php\/wp-json\/wp\/v2\/users\/2"}],"replies":[{"embeddable":true,"href":"https:\/\/blogdojuniorcavalcanti.com.br\/index.php\/wp-json\/wp\/v2\/comments?post=29750"}],"version-history":[{"count":1,"href":"https:\/\/blogdojuniorcavalcanti.com.br\/index.php\/wp-json\/wp\/v2\/posts\/29750\/revisions"}],"predecessor-version":[{"id":29751,"href":"https:\/\/blogdojuniorcavalcanti.com.br\/index.php\/wp-json\/wp\/v2\/posts\/29750\/revisions\/29751"}],"wp:attachment":[{"href":"https:\/\/blogdojuniorcavalcanti.com.br\/index.php\/wp-json\/wp\/v2\/media?parent=29750"}],"wp:term":[{"taxonomy":"category","embeddable":true,"href":"https:\/\/blogdojuniorcavalcanti.com.br\/index.php\/wp-json\/wp\/v2\/categories?post=29750"},{"taxonomy":"post_tag","embeddable":true,"href":"https:\/\/blogdojuniorcavalcanti.com.br\/index.php\/wp-json\/wp\/v2\/tags?post=29750"}],"curies":[{"name":"wp","href":"https:\/\/api.w.org\/{rel}","templated":true}]}}