{"id":29765,"date":"2023-11-23T04:41:54","date_gmt":"2023-11-23T07:41:54","guid":{"rendered":"https:\/\/blogdojuniorcavalcanti.com.br\/?p=29765"},"modified":"2023-11-23T04:41:54","modified_gmt":"2023-11-23T07:41:54","slug":"prefeitura-de-carnaiba-expande-acoes-do-novembro-azul-para-todas-unidades-basicas-de-saude-do-municipio","status":"publish","type":"post","link":"https:\/\/blogdojuniorcavalcanti.com.br\/index.php\/2023\/11\/23\/prefeitura-de-carnaiba-expande-acoes-do-novembro-azul-para-todas-unidades-basicas-de-saude-do-municipio\/","title":{"rendered":"Prefeitura de Carna\u00edba expande a\u00e7\u00f5es do Novembro Azul para todas Unidades B\u00e1sicas de Sa\u00fade do munic\u00edpio"},"content":{"rendered":"<p style=\"text-align: justify;\"><span style=\"font-size: 14pt; font-family: arial, helvetica, sans-serif;\">O m\u00eas de novembro \u00e9 dedicado \u00e0 sa\u00fade dos homens, e a Prefeitura de Carna\u00edba est\u00e1 realizando diversas a\u00e7\u00f5es para conscientizar e prevenir o c\u00e2ncer de pr\u00f3stata e outras doen\u00e7as. Todas as Unidades B\u00e1sicas de Sa\u00fade (UBS) do munic\u00edpio, na sede e na zona rural, est\u00e3o oferecendo atividades especiais para os homens que querem cuidar da sua sa\u00fade.<\/span><\/p>\n<p style=\"text-align: justify;\"><span style=\"font-size: 14pt; font-family: arial, helvetica, sans-serif;\">Uma das novidades \u00e9 o hor\u00e1rio noturno, que foi inaugurado na \u00faltima sexta-feira, na UBS Carna\u00edba 04, na sede. O atendimento contou com a presen\u00e7a de v\u00e1rios homens que aproveitaram a oportunidade para fazer exames, tomarem vacinas, fizeram avalia\u00e7\u00f5es f\u00edsica e odontol\u00f3gica, e ainda participaram de uma palestra sobre o c\u00e2ncer de pr\u00f3stata e a higiene pessoal.<\/span><\/p>\n<p style=\"text-align: justify;\"><span style=\"font-size: 14pt; font-family: arial, helvetica, sans-serif;\">O s\u00edtio Ro\u00e7a de Dentro, a a\u00e7\u00e3o aconteceu com os moradores que tamb\u00e9m receberam os mesmos servi\u00e7os, al\u00e9m de rastreio de hansen\u00edase, testes r\u00e1pidos para HIV, s\u00edfilis, hepatites B e C, e auriculoterapia. Os participantes ainda se divertiram com um bingo e saborearam um lanche.<\/span><\/p>\n<p style=\"text-align: justify;\"><span style=\"font-size: 14pt; font-family: arial, helvetica, sans-serif;\">\u201cN\u00e3o perca essa chance de cuidar da sua sa\u00fade e de se informar sobre o c\u00e2ncer de pr\u00f3stata, que \u00e9 a segunda maior causa de morte por c\u00e2ncer entre os homens no Brasil. Procure a UBS mais pr\u00f3xima de voc\u00ea e fa\u00e7a parte do Novembro Azul\u201d.<\/span><\/p>\n","protected":false},"excerpt":{"rendered":"<p>O m&ecirc;s de novembro &eacute; dedicado &agrave; sa&uacute;de dos homens, e a Prefeitura de Carna&iacute;ba est&aacute; realizando diversas a&ccedil;&otilde;es para conscientizar e prevenir o c&acirc;ncer de pr&oacute;stata e outras doen&ccedil;as. Todas as Unidades B&aacute;sicas de Sa&uacute;de (UBS) do munic&iacute;pio, na sede e na zona rural, est&atilde;o oferecendo atividades especiais para os homens que querem cuidar da sua sa&uacute;de. Uma das novidades &eacute; o hor&aacute;rio noturno, que foi inaugurado na &uacute;ltima sexta-feira, na UBS Carna&iacute;ba 04, na sede. O atendimento contou com a presen&ccedil;a de v&aacute;rios homens que aproveitaram a oportunidade para fazer exames, tomarem vacinas, fizeram avalia&ccedil;&otilde;es f&iacute;sica e odontol&oacute;gica, &#8230; <\/p>\n<p class=\"read-more-container\"><a title=\"Prefeitura de Carna\u00edba expande a\u00e7\u00f5es do Novembro Azul para todas Unidades B\u00e1sicas de Sa\u00fade do munic\u00edpio\" class=\"read-more button\" href=\"https:\/\/blogdojuniorcavalcanti.com.br\/index.php\/2023\/11\/23\/prefeitura-de-carnaiba-expande-acoes-do-novembro-azul-para-todas-unidades-basicas-de-saude-do-municipio\/#more-29765\" aria-label=\"More on Prefeitura de Carna\u00edba expande a\u00e7\u00f5es do Novembro Azul para todas Unidades B\u00e1sicas de Sa\u00fade do munic\u00edpio\">Leia mais<\/a><\/p>\n","protected":false},"author":2,"featured_media":29766,"comment_status":"open","ping_status":"open","sticky":false,"template":"","format":"standard","meta":{"footnotes":""},"categories":[25],"tags":[],"class_list":["post-29765","post","type-post","status-publish","format-standard","has-post-thumbnail","hentry","category-destaque","resize-featured-image"],"_links":{"self":[{"href":"https:\/\/blogdojuniorcavalcanti.com.br\/index.php\/wp-json\/wp\/v2\/posts\/29765","targetHints":{"allow":["GET"]}}],"collection":[{"href":"https:\/\/blogdojuniorcavalcanti.com.br\/index.php\/wp-json\/wp\/v2\/posts"}],"about":[{"href":"https:\/\/blogdojuniorcavalcanti.com.br\/index.php\/wp-json\/wp\/v2\/types\/post"}],"author":[{"embeddable":true,"href":"https:\/\/blogdojuniorcavalcanti.com.br\/index.php\/wp-json\/wp\/v2\/users\/2"}],"replies":[{"embeddable":true,"href":"https:\/\/blogdojuniorcavalcanti.com.br\/index.php\/wp-json\/wp\/v2\/comments?post=29765"}],"version-history":[{"count":1,"href":"https:\/\/blogdojuniorcavalcanti.com.br\/index.php\/wp-json\/wp\/v2\/posts\/29765\/revisions"}],"predecessor-version":[{"id":29767,"href":"https:\/\/blogdojuniorcavalcanti.com.br\/index.php\/wp-json\/wp\/v2\/posts\/29765\/revisions\/29767"}],"wp:featuredmedia":[{"embeddable":true,"href":"https:\/\/blogdojuniorcavalcanti.com.br\/index.php\/wp-json\/wp\/v2\/media\/29766"}],"wp:attachment":[{"href":"https:\/\/blogdojuniorcavalcanti.com.br\/index.php\/wp-json\/wp\/v2\/media?parent=29765"}],"wp:term":[{"taxonomy":"category","embeddable":true,"href":"https:\/\/blogdojuniorcavalcanti.com.br\/index.php\/wp-json\/wp\/v2\/categories?post=29765"},{"taxonomy":"post_tag","embeddable":true,"href":"https:\/\/blogdojuniorcavalcanti.com.br\/index.php\/wp-json\/wp\/v2\/tags?post=29765"}],"curies":[{"name":"wp","href":"https:\/\/api.w.org\/{rel}","templated":true}]}}