{"id":29936,"date":"2023-11-29T04:41:30","date_gmt":"2023-11-29T07:41:30","guid":{"rendered":"https:\/\/blogdojuniorcavalcanti.com.br\/?p=29936"},"modified":"2023-11-29T04:41:30","modified_gmt":"2023-11-29T07:41:30","slug":"treinador-neco-recebe-titulo-de-cidadao-de-sertania","status":"publish","type":"post","link":"https:\/\/blogdojuniorcavalcanti.com.br\/index.php\/2023\/11\/29\/treinador-neco-recebe-titulo-de-cidadao-de-sertania\/","title":{"rendered":"Treinador Neco recebe t\u00edtulo de cidad\u00e3o de Sert\u00e2nia"},"content":{"rendered":"<p style=\"text-align: justify;\"><span style=\"font-size: 14pt;\"><img fetchpriority=\"high\" decoding=\"async\" class=\"alignleft wp-image-272048 jetpack-lazy-image jetpack-lazy-image--handled\" src=\"https:\/\/i2.wp.com\/nilljunior.com.br\/wp-content\/uploads\/2023\/11\/d072c2ac-83bb-459b-96bb-9caf0948812e.jpg?resize=400%2C300&amp;ssl=1\" sizes=\"(max-width: 400px) 100vw, 400px\" srcset=\"https:\/\/i2.wp.com\/nilljunior.com.br\/wp-content\/uploads\/2023\/11\/d072c2ac-83bb-459b-96bb-9caf0948812e.jpg?w=1600&amp;ssl=1 1600w, https:\/\/i2.wp.com\/nilljunior.com.br\/wp-content\/uploads\/2023\/11\/d072c2ac-83bb-459b-96bb-9caf0948812e.jpg?resize=300%2C225&amp;ssl=1 300w, https:\/\/i2.wp.com\/nilljunior.com.br\/wp-content\/uploads\/2023\/11\/d072c2ac-83bb-459b-96bb-9caf0948812e.jpg?resize=768%2C576&amp;ssl=1 768w, https:\/\/i2.wp.com\/nilljunior.com.br\/wp-content\/uploads\/2023\/11\/d072c2ac-83bb-459b-96bb-9caf0948812e.jpg?resize=533%2C400&amp;ssl=1 533w\" alt=\"\" width=\"400\" height=\"300\" data-attachment-id=\"272048\" data-permalink=\"https:\/\/nilljunior.com.br\/treinador-neco-recebe-titulo-de-cidadao-de-sertania\/d072c2ac-83bb-459b-96bb-9caf0948812e\/\" data-orig-file=\"https:\/\/i2.wp.com\/nilljunior.com.br\/wp-content\/uploads\/2023\/11\/d072c2ac-83bb-459b-96bb-9caf0948812e.jpg?fit=1600%2C1200&amp;ssl=1\" data-orig-size=\"1600,1200\" data-comments-opened=\"1\" data-image-meta=\"{&quot;aperture&quot;:&quot;0&quot;,&quot;credit&quot;:&quot;&quot;,&quot;camera&quot;:&quot;&quot;,&quot;caption&quot;:&quot;&quot;,&quot;created_timestamp&quot;:&quot;0&quot;,&quot;copyright&quot;:&quot;&quot;,&quot;focal_length&quot;:&quot;0&quot;,&quot;iso&quot;:&quot;0&quot;,&quot;shutter_speed&quot;:&quot;0&quot;,&quot;title&quot;:&quot;&quot;,&quot;orientation&quot;:&quot;0&quot;}\" data-image-title=\"d072c2ac-83bb-459b-96bb-9caf0948812e\" data-image-description=\"\" data-medium-file=\"https:\/\/i2.wp.com\/nilljunior.com.br\/wp-content\/uploads\/2023\/11\/d072c2ac-83bb-459b-96bb-9caf0948812e.jpg?fit=300%2C225&amp;ssl=1\" data-large-file=\"https:\/\/i2.wp.com\/nilljunior.com.br\/wp-content\/uploads\/2023\/11\/d072c2ac-83bb-459b-96bb-9caf0948812e.jpg?fit=533%2C400&amp;ssl=1\" data-recalc-dims=\"1\" data-lazy-loaded=\"1\" \/><span style=\"font-family: arial, helvetica, sans-serif;\">O ex-atleta profissional e atualmente treinador de futebol Manoel Carlos de Luna filho (Neco) recebeu da C\u00e2mara Municipal, o t\u00edtulo de cidad\u00e3o sertaniense.<\/span><\/span><\/p>\n<p style=\"text-align: justify;\"><span style=\"font-size: 14pt; font-family: arial, helvetica, sans-serif;\">Neco residiu em Sert\u00e2nia por quase quatro anos onde trabalhou como treinador da sele\u00e7\u00e3o da cidade e do clube profissional Decis\u00e3o Sert\u00e2nia, dando uma importante contribui\u00e7\u00e3o para o desenvolvimento do esporte na cidade.<\/span><\/p>\n<p style=\"text-align: justify;\"><span style=\"font-size: 14pt; font-family: arial, helvetica, sans-serif;\">Com um curr\u00edculo significativo Neco teve passagens por grandes clubes. Como jogador defendeu as cores do Sport Clube do Recife por 13 anos, onde conquistou t\u00edtulos importantes como o Campeonato Brasileiro da primeira divis\u00e3o em 1987 e da segunda divis\u00e3o em 1990, al\u00e9m de ter participado da Copa libertadores da Am\u00e9rica. Neco ainda treinou o rubro negro pernambucano e diversos clubes do pa\u00eds.<\/span><\/p>\n<p style=\"text-align: justify;\"><span style=\"font-size: 14pt; font-family: arial, helvetica, sans-serif;\">A proposi\u00e7\u00e3o legislativa para a homenagem foi do vereador Edmundo Alves (Mundico) e a solenidade contou com a participa\u00e7\u00e3o do Prefeito \u00c2ngelo Ferreira e dos vereadores Washington Passos, Tadeu Queiroz, Jos\u00e9 Etelvino Lins J\u00fanior, Ant\u00f4nio Henrique Ferreira, dos secret\u00e1rios municipais T\u00e1cio Henrique (Sejetc), Marco Ferreira (Infraestrutura), Simoni Laet (Educa\u00e7\u00e3o), Raul Freire e Salviano Martins funcion\u00e1rios da Seject, Marcelo Rodrigues diretor de transporte, do Presidente da Liga Desportiva de Sert\u00e2nia R\u00e9gio S\u00e9rgio, al\u00e9m de amigos, familiares e atletas.<\/span><\/p>\n","protected":false},"excerpt":{"rendered":"<p>O ex-atleta profissional e atualmente treinador de futebol Manoel Carlos de Luna filho (Neco) recebeu da C&acirc;mara Municipal, o t&iacute;tulo de cidad&atilde;o sertaniense. Neco residiu em Sert&acirc;nia por quase quatro anos onde trabalhou como treinador da sele&ccedil;&atilde;o da cidade e do clube profissional Decis&atilde;o Sert&acirc;nia, dando uma importante contribui&ccedil;&atilde;o para o desenvolvimento do esporte na cidade. Com um curr&iacute;culo significativo Neco teve passagens por grandes clubes. Como jogador defendeu as cores do Sport Clube do Recife por 13 anos, onde conquistou t&iacute;tulos importantes como o Campeonato Brasileiro da primeira divis&atilde;o em 1987 e da segunda divis&atilde;o em 1990, al&eacute;m de &#8230; <\/p>\n<p class=\"read-more-container\"><a title=\"Treinador Neco recebe t\u00edtulo de cidad\u00e3o de Sert\u00e2nia\" class=\"read-more button\" href=\"https:\/\/blogdojuniorcavalcanti.com.br\/index.php\/2023\/11\/29\/treinador-neco-recebe-titulo-de-cidadao-de-sertania\/#more-29936\" aria-label=\"More on Treinador Neco recebe t\u00edtulo de cidad\u00e3o de Sert\u00e2nia\">Leia mais<\/a><\/p>\n","protected":false},"author":2,"featured_media":0,"comment_status":"open","ping_status":"open","sticky":false,"template":"","format":"standard","meta":{"footnotes":""},"categories":[26],"tags":[],"class_list":["post-29936","post","type-post","status-publish","format-standard","hentry","category-noticias"],"_links":{"self":[{"href":"https:\/\/blogdojuniorcavalcanti.com.br\/index.php\/wp-json\/wp\/v2\/posts\/29936","targetHints":{"allow":["GET"]}}],"collection":[{"href":"https:\/\/blogdojuniorcavalcanti.com.br\/index.php\/wp-json\/wp\/v2\/posts"}],"about":[{"href":"https:\/\/blogdojuniorcavalcanti.com.br\/index.php\/wp-json\/wp\/v2\/types\/post"}],"author":[{"embeddable":true,"href":"https:\/\/blogdojuniorcavalcanti.com.br\/index.php\/wp-json\/wp\/v2\/users\/2"}],"replies":[{"embeddable":true,"href":"https:\/\/blogdojuniorcavalcanti.com.br\/index.php\/wp-json\/wp\/v2\/comments?post=29936"}],"version-history":[{"count":1,"href":"https:\/\/blogdojuniorcavalcanti.com.br\/index.php\/wp-json\/wp\/v2\/posts\/29936\/revisions"}],"predecessor-version":[{"id":29937,"href":"https:\/\/blogdojuniorcavalcanti.com.br\/index.php\/wp-json\/wp\/v2\/posts\/29936\/revisions\/29937"}],"wp:attachment":[{"href":"https:\/\/blogdojuniorcavalcanti.com.br\/index.php\/wp-json\/wp\/v2\/media?parent=29936"}],"wp:term":[{"taxonomy":"category","embeddable":true,"href":"https:\/\/blogdojuniorcavalcanti.com.br\/index.php\/wp-json\/wp\/v2\/categories?post=29936"},{"taxonomy":"post_tag","embeddable":true,"href":"https:\/\/blogdojuniorcavalcanti.com.br\/index.php\/wp-json\/wp\/v2\/tags?post=29936"}],"curies":[{"name":"wp","href":"https:\/\/api.w.org\/{rel}","templated":true}]}}