{"id":29959,"date":"2023-11-30T04:46:00","date_gmt":"2023-11-30T07:46:00","guid":{"rendered":"https:\/\/blogdojuniorcavalcanti.com.br\/?p=29959"},"modified":"2023-11-30T04:46:00","modified_gmt":"2023-11-30T07:46:00","slug":"alberico-rocha-diz-ter-pesquisa-onde-lidera-intencao-de-voto-em-iguaracy","status":"publish","type":"post","link":"https:\/\/blogdojuniorcavalcanti.com.br\/index.php\/2023\/11\/30\/alberico-rocha-diz-ter-pesquisa-onde-lidera-intencao-de-voto-em-iguaracy\/","title":{"rendered":"Alb\u00e9rico Rocha diz ter pesquisa onde lidera inten\u00e7\u00e3o de voto em Iguaracy"},"content":{"rendered":"<p style=\"text-align: justify;\"><span style=\"font-size: 14pt; font-family: arial, helvetica, sans-serif;\">O assessor parlamentar e ex-prefeito de Iguaracy, Alb\u00e9rico Rocha, disse ao\u00a0<strong>programa Manh\u00e3 Total, da R\u00e1dio Paje\u00fa<\/strong>, ter uma pesquisa encomendada ao Instituto M\u00faltipla que o coloca como favorito para a sucess\u00e3o do prefeito Zeinha Torres.<\/span><\/p>\n<p style=\"text-align: justify;\"><span style=\"font-size: 14pt; font-family: arial, helvetica, sans-serif;\">Ele informou que em uma simula\u00e7\u00e3o com seu nome, mais Marquinhos Melo, Pedro Alves e Rog\u00e9rio Lins, por exemplo, tem 31,4% contra 20% de Pedro, 15,5% de Marquinhos Melo e 10,5% de Rog\u00e9rio. Alb\u00e9rico disse que deixaria c\u00f3pia da pesquisa com Zeinha Torres. Acrescentou que a aprova\u00e7\u00e3o do prefeito, segundo a pesquisa, chega a mais de 70%.<\/span><\/p>\n<p style=\"text-align: justify;\"><span style=\"font-size: 14pt; font-family: arial, helvetica, sans-serif;\">Perguntado se esses n\u00fameros seriam levados em conta pelo prefeito, disse que ouvir a popula\u00e7\u00e3o \u00e9 a melhor decis\u00e3o a ser tomada. N\u00e3o falou em rompimento, mas afirmou que se Zeinha buscar impor um candidato, n\u00e3o ser\u00e1 a melhor op\u00e7\u00e3o. \u201cMas tenho certeza que ele n\u00e3o far\u00e1 isso\u201d, acrescentou.<\/span><\/p>\n<p style=\"text-align: justify;\"><span style=\"font-size: 14pt; font-family: arial, helvetica, sans-serif;\">Alb\u00e9rico negou que haja articula\u00e7\u00e3o com a oposi\u00e7\u00e3o. \u201cQueremos \u00e9 que a oposi\u00e7\u00e3o venha para o nosso lado\u201d, afirmou. Tamb\u00e9m disse que j\u00e1 \u00e9 momento de in\u00edcio das discuss\u00f5es no bloco.<\/span><\/p>\n<p style=\"text-align: justify;\"><span style=\"font-size: 14pt; font-family: arial, helvetica, sans-serif;\">Sobre o epis\u00f3dio em que publicou a m\u00fasica \u201cS\u00f3 Deus cala a nossa voz\u201d, de Vicente Nery, quis dizer que n\u00e3o estava morto politicamente e tinha seu nome no p\u00e1reo. Tamb\u00e9m disse n\u00e3o achar justo que haja exposi\u00e7\u00e3o de um candidato em excesso em detrimento de nomes como o dele e o de Pedro Alves, que tem agenda fora da cidade, o que considera uma desvantagem. A fala foi uma mensagem direta \u00e0 exposi\u00e7\u00e3o de Marquinhos Melo pelo prefeito Zeinha. Entretanto, disse considerar Marquinhos um amigo, bom quadro e com legitimidade de colocar o nome na disputa.<\/span><\/p>\n","protected":false},"excerpt":{"rendered":"<p>O assessor parlamentar e ex-prefeito de Iguaracy, Alb&eacute;rico Rocha, disse ao&nbsp;programa Manh&atilde; Total, da R&aacute;dio Paje&uacute;, ter uma pesquisa encomendada ao Instituto M&uacute;ltipla que o coloca como favorito para a sucess&atilde;o do prefeito Zeinha Torres. Ele informou que em uma simula&ccedil;&atilde;o com seu nome, mais Marquinhos Melo, Pedro Alves e Rog&eacute;rio Lins, por exemplo, tem 31,4% contra 20% de Pedro, 15,5% de Marquinhos Melo e 10,5% de Rog&eacute;rio. Alb&eacute;rico disse que deixaria c&oacute;pia da pesquisa com Zeinha Torres. Acrescentou que a aprova&ccedil;&atilde;o do prefeito, segundo a pesquisa, chega a mais de 70%. Perguntado se esses n&uacute;meros seriam levados em conta &#8230; <\/p>\n<p class=\"read-more-container\"><a title=\"Alb\u00e9rico Rocha diz ter pesquisa onde lidera inten\u00e7\u00e3o de voto em Iguaracy\" class=\"read-more button\" href=\"https:\/\/blogdojuniorcavalcanti.com.br\/index.php\/2023\/11\/30\/alberico-rocha-diz-ter-pesquisa-onde-lidera-intencao-de-voto-em-iguaracy\/#more-29959\" aria-label=\"More on Alb\u00e9rico Rocha diz ter pesquisa onde lidera inten\u00e7\u00e3o de voto em Iguaracy\">Leia mais<\/a><\/p>\n","protected":false},"author":2,"featured_media":29960,"comment_status":"open","ping_status":"open","sticky":false,"template":"","format":"standard","meta":{"footnotes":""},"categories":[25],"tags":[],"class_list":["post-29959","post","type-post","status-publish","format-standard","has-post-thumbnail","hentry","category-destaque","resize-featured-image"],"_links":{"self":[{"href":"https:\/\/blogdojuniorcavalcanti.com.br\/index.php\/wp-json\/wp\/v2\/posts\/29959","targetHints":{"allow":["GET"]}}],"collection":[{"href":"https:\/\/blogdojuniorcavalcanti.com.br\/index.php\/wp-json\/wp\/v2\/posts"}],"about":[{"href":"https:\/\/blogdojuniorcavalcanti.com.br\/index.php\/wp-json\/wp\/v2\/types\/post"}],"author":[{"embeddable":true,"href":"https:\/\/blogdojuniorcavalcanti.com.br\/index.php\/wp-json\/wp\/v2\/users\/2"}],"replies":[{"embeddable":true,"href":"https:\/\/blogdojuniorcavalcanti.com.br\/index.php\/wp-json\/wp\/v2\/comments?post=29959"}],"version-history":[{"count":1,"href":"https:\/\/blogdojuniorcavalcanti.com.br\/index.php\/wp-json\/wp\/v2\/posts\/29959\/revisions"}],"predecessor-version":[{"id":29961,"href":"https:\/\/blogdojuniorcavalcanti.com.br\/index.php\/wp-json\/wp\/v2\/posts\/29959\/revisions\/29961"}],"wp:featuredmedia":[{"embeddable":true,"href":"https:\/\/blogdojuniorcavalcanti.com.br\/index.php\/wp-json\/wp\/v2\/media\/29960"}],"wp:attachment":[{"href":"https:\/\/blogdojuniorcavalcanti.com.br\/index.php\/wp-json\/wp\/v2\/media?parent=29959"}],"wp:term":[{"taxonomy":"category","embeddable":true,"href":"https:\/\/blogdojuniorcavalcanti.com.br\/index.php\/wp-json\/wp\/v2\/categories?post=29959"},{"taxonomy":"post_tag","embeddable":true,"href":"https:\/\/blogdojuniorcavalcanti.com.br\/index.php\/wp-json\/wp\/v2\/tags?post=29959"}],"curies":[{"name":"wp","href":"https:\/\/api.w.org\/{rel}","templated":true}]}}