{"id":29962,"date":"2023-11-30T04:46:35","date_gmt":"2023-11-30T07:46:35","guid":{"rendered":"https:\/\/blogdojuniorcavalcanti.com.br\/?p=29962"},"modified":"2023-11-30T04:46:35","modified_gmt":"2023-11-30T07:46:35","slug":"recomposicao-do-fpm-cai-nesta-quinta-nas-contas-dos-municipios","status":"publish","type":"post","link":"https:\/\/blogdojuniorcavalcanti.com.br\/index.php\/2023\/11\/30\/recomposicao-do-fpm-cai-nesta-quinta-nas-contas-dos-municipios\/","title":{"rendered":"Recomposi\u00e7\u00e3o do FPM cai nesta quinta nas contas dos munic\u00edpios"},"content":{"rendered":"<p style=\"text-align: justify;\"><span style=\"font-size: 14pt;\"><img fetchpriority=\"high\" decoding=\"async\" class=\"alignleft wp-image-169330 jetpack-lazy-image jetpack-lazy-image--handled\" src=\"https:\/\/i1.wp.com\/nilljunior.com.br\/wp-content\/uploads\/2020\/02\/11102019_dinheiro_cred._usp_imagens.jpg?resize=400%2C300&amp;ssl=1\" sizes=\"(max-width: 400px) 100vw, 400px\" srcset=\"https:\/\/i1.wp.com\/nilljunior.com.br\/wp-content\/uploads\/2020\/02\/11102019_dinheiro_cred._usp_imagens.jpg?w=600&amp;ssl=1 600w, https:\/\/i1.wp.com\/nilljunior.com.br\/wp-content\/uploads\/2020\/02\/11102019_dinheiro_cred._usp_imagens.jpg?resize=300%2C225&amp;ssl=1 300w, https:\/\/i1.wp.com\/nilljunior.com.br\/wp-content\/uploads\/2020\/02\/11102019_dinheiro_cred._usp_imagens.jpg?resize=533%2C400&amp;ssl=1 533w\" alt=\"\" width=\"400\" height=\"300\" data-attachment-id=\"169330\" data-permalink=\"https:\/\/nilljunior.com.br\/ultimo-fpm-do-mes-entra-nesta-sexta-feira-quase-r-23-bilhoes-serao-partilhados\/11102019_dinheiro_cred-_usp_imagens\/\" data-orig-file=\"https:\/\/i1.wp.com\/nilljunior.com.br\/wp-content\/uploads\/2020\/02\/11102019_dinheiro_cred._usp_imagens.jpg?fit=600%2C450&amp;ssl=1\" data-orig-size=\"600,450\" data-comments-opened=\"1\" data-image-meta=\"{&quot;aperture&quot;:&quot;0&quot;,&quot;credit&quot;:&quot;&quot;,&quot;camera&quot;:&quot;&quot;,&quot;caption&quot;:&quot;&quot;,&quot;created_timestamp&quot;:&quot;0&quot;,&quot;copyright&quot;:&quot;&quot;,&quot;focal_length&quot;:&quot;0&quot;,&quot;iso&quot;:&quot;0&quot;,&quot;shutter_speed&quot;:&quot;0&quot;,&quot;title&quot;:&quot;&quot;,&quot;orientation&quot;:&quot;1&quot;}\" data-image-title=\"11102019_dinheiro_cred._usp_imagens\" data-image-description=\"\" data-medium-file=\"https:\/\/i1.wp.com\/nilljunior.com.br\/wp-content\/uploads\/2020\/02\/11102019_dinheiro_cred._usp_imagens.jpg?fit=300%2C225&amp;ssl=1\" data-large-file=\"https:\/\/i1.wp.com\/nilljunior.com.br\/wp-content\/uploads\/2020\/02\/11102019_dinheiro_cred._usp_imagens.jpg?fit=533%2C400&amp;ssl=1\" data-recalc-dims=\"1\" data-lazy-loaded=\"1\" \/><span style=\"font-family: arial, helvetica, sans-serif;\">A informa\u00e7\u00e3o que come\u00e7a a circular confirma que cai amanh\u00e3 nas contas dos munic\u00edpios a recomposi\u00e7\u00e3o de perdas do FPM e antecipa\u00e7\u00e3o do ICMS dos munic\u00edpios.<\/span><\/span><\/p>\n<p style=\"text-align: justify;\"><span style=\"font-size: 14pt; font-family: arial, helvetica, sans-serif;\">Segundo a CNM, Confedera\u00e7\u00e3o Nacional dos Munic\u00edpios,\u00a0 os Munic\u00edpios v\u00e3o receber o repasse da recomposi\u00e7\u00e3o para as perdas do FPM ocorridas entre julho e setembro. O valor total a ser disponibilizado corresponde a R$ 4.171.170.607,96.<\/span><\/p>\n<p style=\"text-align: justify;\"><span style=\"font-size: 14pt; font-family: arial, helvetica, sans-serif;\">O dinheiro cai junto com a cota de novembro,\u00a0 quando a Uni\u00e3o deposita nas contas banc\u00e1rias das prefeituras do pa\u00eds, um total de R$ 3.361.483.980,94 relativo \u00e0 terceira parcela de novembro do FPM.<\/span><\/p>\n<p style=\"text-align: justify;\"><span style=\"font-size: 14pt; font-family: arial, helvetica, sans-serif;\">A recomposi\u00e7\u00e3o foi sancionada quarta-feira, 22 de novembro, pelo presidente Lula, como Projeto de Lei do Congresso Nacional (PLN) 40\/2023, que abriu cr\u00e9dito or\u00e7ament\u00e1rio para viabilizar as medidas. A Confedera\u00e7\u00e3o Nacional de Munic\u00edpios (CNM) atuava exatamente para o valor entrar at\u00e9 o dia 30 de novembro.<\/span><\/p>\n<p style=\"text-align: justify;\"><span style=\"font-size: 14pt; font-family: arial, helvetica, sans-serif;\">Em junho de 2022, Bolsonaro enviou para o Congresso uma medida que previa a redu\u00e7\u00e3o do teto do ICMS sobre combust\u00edveis e energia, em um movimento para aumentar sua popularidade \u00e0s v\u00e9speras da campanha eleitoral.<\/span><\/p>\n<p style=\"text-align: justify;\"><span style=\"font-size: 14pt; font-family: arial, helvetica, sans-serif;\">\u00c0 \u00e9poca, o ex-capit\u00e3o tamb\u00e9m vetou medidas para ressarcir os estados e munic\u00edpios pela diminui\u00e7\u00e3o de arrecada\u00e7\u00e3o.<\/span><\/p>\n<p style=\"text-align: justify;\"><span style=\"font-size: 14pt; font-family: arial, helvetica, sans-serif;\">Segundo o \u201cprefeito fonte\u201d, nome que n\u00e3o pode ser revelado nem sob tortura, o fim de 2023 vai representar um bom momento para os gestores, considerando tamb\u00e9m a cota do dia 10 de dezembro.<\/span><\/p>\n<p style=\"text-align: justify;\"><span style=\"font-size: 14pt; font-family: arial, helvetica, sans-serif;\">Mas os munic\u00edpios alegam que n\u00e3o \u00e9 bem assim, em virtude das perdas com infla\u00e7\u00e3o,\u00a0 pisos e queda na m\u00e9dia dos repasses, al\u00e9m da situa\u00e7\u00e3o fiscal agravada pelos fundos de previd\u00eancia pr\u00f3pria quebrados.\u00a0 Ou seja, alivia, mas n\u00e3o resolve.<\/span><\/p>\n","protected":false},"excerpt":{"rendered":"<p>A informa&ccedil;&atilde;o que come&ccedil;a a circular confirma que cai amanh&atilde; nas contas dos munic&iacute;pios a recomposi&ccedil;&atilde;o de perdas do FPM e antecipa&ccedil;&atilde;o do ICMS dos munic&iacute;pios. Segundo a CNM, Confedera&ccedil;&atilde;o Nacional dos Munic&iacute;pios,&nbsp; os Munic&iacute;pios v&atilde;o receber o repasse da recomposi&ccedil;&atilde;o para as perdas do FPM ocorridas entre julho e setembro. O valor total a ser disponibilizado corresponde a R$ 4.171.170.607,96. O dinheiro cai junto com a cota de novembro,&nbsp; quando a Uni&atilde;o deposita nas contas banc&aacute;rias das prefeituras do pa&iacute;s, um total de R$ 3.361.483.980,94 relativo &agrave; terceira parcela de novembro do FPM. A recomposi&ccedil;&atilde;o foi sancionada quarta-feira, 22 &#8230; <\/p>\n<p class=\"read-more-container\"><a title=\"Recomposi\u00e7\u00e3o do FPM cai nesta quinta nas contas dos munic\u00edpios\" class=\"read-more button\" href=\"https:\/\/blogdojuniorcavalcanti.com.br\/index.php\/2023\/11\/30\/recomposicao-do-fpm-cai-nesta-quinta-nas-contas-dos-municipios\/#more-29962\" aria-label=\"More on Recomposi\u00e7\u00e3o do FPM cai nesta quinta nas contas dos munic\u00edpios\">Leia mais<\/a><\/p>\n","protected":false},"author":2,"featured_media":0,"comment_status":"open","ping_status":"open","sticky":false,"template":"","format":"standard","meta":{"footnotes":""},"categories":[26],"tags":[],"class_list":["post-29962","post","type-post","status-publish","format-standard","hentry","category-noticias"],"_links":{"self":[{"href":"https:\/\/blogdojuniorcavalcanti.com.br\/index.php\/wp-json\/wp\/v2\/posts\/29962","targetHints":{"allow":["GET"]}}],"collection":[{"href":"https:\/\/blogdojuniorcavalcanti.com.br\/index.php\/wp-json\/wp\/v2\/posts"}],"about":[{"href":"https:\/\/blogdojuniorcavalcanti.com.br\/index.php\/wp-json\/wp\/v2\/types\/post"}],"author":[{"embeddable":true,"href":"https:\/\/blogdojuniorcavalcanti.com.br\/index.php\/wp-json\/wp\/v2\/users\/2"}],"replies":[{"embeddable":true,"href":"https:\/\/blogdojuniorcavalcanti.com.br\/index.php\/wp-json\/wp\/v2\/comments?post=29962"}],"version-history":[{"count":1,"href":"https:\/\/blogdojuniorcavalcanti.com.br\/index.php\/wp-json\/wp\/v2\/posts\/29962\/revisions"}],"predecessor-version":[{"id":29963,"href":"https:\/\/blogdojuniorcavalcanti.com.br\/index.php\/wp-json\/wp\/v2\/posts\/29962\/revisions\/29963"}],"wp:attachment":[{"href":"https:\/\/blogdojuniorcavalcanti.com.br\/index.php\/wp-json\/wp\/v2\/media?parent=29962"}],"wp:term":[{"taxonomy":"category","embeddable":true,"href":"https:\/\/blogdojuniorcavalcanti.com.br\/index.php\/wp-json\/wp\/v2\/categories?post=29962"},{"taxonomy":"post_tag","embeddable":true,"href":"https:\/\/blogdojuniorcavalcanti.com.br\/index.php\/wp-json\/wp\/v2\/tags?post=29962"}],"curies":[{"name":"wp","href":"https:\/\/api.w.org\/{rel}","templated":true}]}}