{"id":30061,"date":"2023-12-04T04:44:55","date_gmt":"2023-12-04T07:44:55","guid":{"rendered":"https:\/\/blogdojuniorcavalcanti.com.br\/?p=30061"},"modified":"2023-12-04T04:44:55","modified_gmt":"2023-12-04T07:44:55","slug":"governo-de-pernambuco-coloca-no-ar-hotsite-do-plano-pernambucano-de-mudanca-economico-ecologica","status":"publish","type":"post","link":"https:\/\/blogdojuniorcavalcanti.com.br\/index.php\/2023\/12\/04\/governo-de-pernambuco-coloca-no-ar-hotsite-do-plano-pernambucano-de-mudanca-economico-ecologica\/","title":{"rendered":"Governo de Pernambuco coloca no ar hotsite do Plano Pernambucano de Mudan\u00e7a Econ\u00f4mico-Ecol\u00f3gica"},"content":{"rendered":"<p style=\"text-align: justify;\"><span style=\"font-size: 14pt;\"><img fetchpriority=\"high\" decoding=\"async\" class=\"alignleft wp-image-272457 jetpack-lazy-image jetpack-lazy-image--handled\" src=\"https:\/\/i0.wp.com\/nilljunior.com.br\/wp-content\/uploads\/2023\/12\/semente-ambiental.jpg?resize=400%2C266&amp;ssl=1\" sizes=\"(max-width: 400px) 100vw, 400px\" srcset=\"https:\/\/i0.wp.com\/nilljunior.com.br\/wp-content\/uploads\/2023\/12\/semente-ambiental.jpg?w=1280&amp;ssl=1 1280w, https:\/\/i0.wp.com\/nilljunior.com.br\/wp-content\/uploads\/2023\/12\/semente-ambiental.jpg?resize=150%2C100&amp;ssl=1 150w, https:\/\/i0.wp.com\/nilljunior.com.br\/wp-content\/uploads\/2023\/12\/semente-ambiental.jpg?resize=300%2C200&amp;ssl=1 300w, https:\/\/i0.wp.com\/nilljunior.com.br\/wp-content\/uploads\/2023\/12\/semente-ambiental.jpg?resize=768%2C511&amp;ssl=1 768w, https:\/\/i0.wp.com\/nilljunior.com.br\/wp-content\/uploads\/2023\/12\/semente-ambiental.jpg?resize=600%2C400&amp;ssl=1 600w\" alt=\"\" width=\"400\" height=\"266\" data-attachment-id=\"272457\" data-permalink=\"https:\/\/nilljunior.com.br\/governo-de-pernambuco-coloca-no-ar-hotsite-do-plano-pernambucano-de-mudanca-economico-ecologica\/semente-ambiental\/\" data-orig-file=\"https:\/\/i0.wp.com\/nilljunior.com.br\/wp-content\/uploads\/2023\/12\/semente-ambiental.jpg?fit=1280%2C852&amp;ssl=1\" data-orig-size=\"1280,852\" data-comments-opened=\"1\" data-image-meta=\"{&quot;aperture&quot;:&quot;0&quot;,&quot;credit&quot;:&quot;&quot;,&quot;camera&quot;:&quot;&quot;,&quot;caption&quot;:&quot;&quot;,&quot;created_timestamp&quot;:&quot;0&quot;,&quot;copyright&quot;:&quot;&quot;,&quot;focal_length&quot;:&quot;0&quot;,&quot;iso&quot;:&quot;0&quot;,&quot;shutter_speed&quot;:&quot;0&quot;,&quot;title&quot;:&quot;&quot;,&quot;orientation&quot;:&quot;0&quot;}\" data-image-title=\"semente-ambiental\" data-image-description=\"\" data-medium-file=\"https:\/\/i0.wp.com\/nilljunior.com.br\/wp-content\/uploads\/2023\/12\/semente-ambiental.jpg?fit=300%2C200&amp;ssl=1\" data-large-file=\"https:\/\/i0.wp.com\/nilljunior.com.br\/wp-content\/uploads\/2023\/12\/semente-ambiental.jpg?fit=600%2C400&amp;ssl=1\" data-recalc-dims=\"1\" data-lazy-loaded=\"1\" \/><span style=\"font-family: arial, helvetica, sans-serif;\">O Governo do Estado j\u00e1 colocou no ar o hotsite do PerMeie (<a href=\"http:\/\/www.permeiepernambuco.com.br\/\">www.permeiepernambuco.com.br<\/a>), o Plano de Mudan\u00e7a Econ\u00f4mico-Ecol\u00f3gica de Pernambuco. A plataforma permite que os cidad\u00e3os conhe\u00e7am mais a fundo essa pol\u00edtica p\u00fablica sobre desenvolvimento sustent\u00e1vel. O Plano foi lan\u00e7ado na \u00faltima quinta-feira (30), pela governadora Raquel Lyra, durante a 28\u00aa edi\u00e7\u00e3o da Confer\u00eancia das Na\u00e7\u00f5es Unidas sobre Mudan\u00e7as Clim\u00e1ticas (COP 28), em Dubai.<\/span><\/span><\/p>\n<p style=\"text-align: justify;\"><span style=\"font-size: 14pt; font-family: arial, helvetica, sans-serif;\">\u201cO PerMeie \u00e9 um instrumento que ir\u00e1 garantir o reposicionamento do desenvolvimento de Pernambuco para a nova economia sustent\u00e1vel. Nosso estado ainda tem uma vis\u00e3o tradicional da economia, mas esse conceito se transformou e, atualmente, o olhar dos grandes mercados financeiros globais \u00e9 voltado para o desenvolvimento social e ambiental. No nosso estado, assim como em todo o mundo, podemos perceber as consequ\u00eancias das mudan\u00e7as clim\u00e1ticas, como o prolongamento das secas, as fortes chuvas que afetam, sobretudo, \u00e0queles mais vulner\u00e1veis. Ent\u00e3o o PerMeie lan\u00e7a esse olhar robusto para diversas a\u00e7\u00f5es que ir\u00e3o desenvolver nossa economia, mas priorizando quest\u00f5es sociais para combater desigualdades, e ambientais, preservando nossos biomas\u201d, ressalta Raquel Lyra.<\/span><\/p>\n<p style=\"text-align: justify;\"><span style=\"font-size: 14pt; font-family: arial, helvetica, sans-serif;\">Al\u00e9m de uma apresenta\u00e7\u00e3o simples e intuitiva sobre o que \u00e9 o plano, seus objetivos e instrumentos, os pernambucanos poder\u00e3o visualizar os sete pilares \u2013 e suas respectivas a\u00e7\u00f5es \u2013 que estruturam esse redirecionamento da economia em prol do meio ambiente e da inclus\u00e3o.\u00a0<\/span><\/p>\n<p style=\"text-align: justify;\"><span style=\"font-size: 14pt; font-family: arial, helvetica, sans-serif;\">No hotsite, tamb\u00e9m ser\u00e1 poss\u00edvel acompanhar o andamento da execu\u00e7\u00e3o das a\u00e7\u00f5es que est\u00e3o sob o guarda-chuva do PerMeie. No pilar \u201cNoronha Sustent\u00e1vel\u201d, por exemplo, a pessoa enxergar\u00e1 quais as etapas do Plano de Gest\u00e3o Sustent\u00e1vel Integrada (PGSI), do Arquip\u00e9lago de Fernando de Noronha, que j\u00e1 foram conclu\u00eddas, e quais ser\u00e3o realizadas nos pr\u00f3ximos meses.\u00a0<\/span><\/p>\n<p style=\"text-align: justify;\"><span style=\"font-size: 14pt; font-family: arial, helvetica, sans-serif;\">\u201cO PerMeie representa uma nova forma de enxergar e fazer a economia se desenvolver em Pernambuco. Como qualquer inova\u00e7\u00e3o, \u00e9 necess\u00e1rio demonstrar e dar transpar\u00eancia \u00e0s a\u00e7\u00f5es e impactos, para que os cidad\u00e3os possam acompanhar o desenvolvimento dos trabalhos\u201d, explica a secret\u00e1ria de Meio Ambiente, Sustentabilidade e de Fernando de Noronha de Pernambuco (Semas-PE), Ana Luiza Ferreira.<\/span><\/p>\n<p style=\"text-align: justify;\"><span style=\"font-size: 14pt; font-family: arial, helvetica, sans-serif;\">O PerMeie \u00e9 a concretiza\u00e7\u00e3o de uma transi\u00e7\u00e3o que Pernambuco vem fazendo desde o in\u00edcio deste ano, no intuito de redirecionar a economia do estado para um desenvolvimento inclusivo, enquanto recupera e protege o meio ambiente. Entre as iniciativas realizadas pela governadora, est\u00e1 a cria\u00e7\u00e3o da secretaria executiva de Sustentabilidade dentro da Semas-PE, que atua como guarda-chuva de ger\u00eancias estrat\u00e9gicas, como a de Projetos Especiais e ASG, Instrumentos Econ\u00f4micos Verdes e Mudan\u00e7as Clim\u00e1ticas, todas criadas e\/ou reestruturadas na atual gest\u00e3o.<\/span><\/p>\n<p style=\"text-align: justify;\"><span style=\"font-size: 14pt; font-family: arial, helvetica, sans-serif;\">\u201cEsse plano traz o fomento para diferentes a\u00e7\u00f5es que promovem a mudan\u00e7a no vetor da economia de Pernambuco. A partir dos eixos do PerMeie ser\u00e1 poss\u00edvel que as ind\u00fastrias tenham mais for\u00e7a no olhar ambiental e social, fazendo a economia, efetivamente, crescer de forma saud\u00e1vel\u201d, afirma o secret\u00e1rio de Desenvolvimento Econ\u00f4mico, Guilherme Cavalcanti.<\/span><\/p>\n<p style=\"text-align: justify;\"><span style=\"font-size: 14pt; font-family: arial, helvetica, sans-serif;\">O plano foi constru\u00eddo com base em sete pilares de atua\u00e7\u00e3o: Ind\u00fastrias sustent\u00e1veis; Transi\u00e7\u00e3o energ\u00e9tica \u00e1gil, respons\u00e1vel e justa; Ativos Ambientais e Mercado de Carbono; Agricultura familiar resiliente; Educa\u00e7\u00e3o T\u00e9cnica, Pesquisa, Desenvolvimento &amp; Inova\u00e7\u00e3o; Governo sustent\u00e1vel; e Noronha Sustent\u00e1vel. Cada pilar est\u00e1 sustentado em um pacote de a\u00e7\u00f5es que ser\u00e3o desenvolvidas por todo o governo estadual.<\/span><\/p>\n<p style=\"text-align: justify;\"><span style=\"font-size: 14pt; font-family: arial, helvetica, sans-serif;\">Entre as pr\u00e1ticas previstas, est\u00e3o solu\u00e7\u00f5es de baixo carbono e de prote\u00e7\u00e3o a unidades de conserva\u00e7\u00e3o, passando por estrat\u00e9gias para incentivar o hidrog\u00eanio verde e energia solar, o fortalecimento da economia circular, al\u00e9m de outras. Todas as a\u00e7\u00f5es est\u00e3o atreladas ao desenvolvimento econ\u00f4mico e social.\u00a0<\/span><\/p>\n<p style=\"text-align: justify;\"><span style=\"font-size: 14pt; font-family: arial, helvetica, sans-serif;\">Elas ser\u00e3o implementadas ao longo dos pr\u00f3ximos quatro anos, mas algumas j\u00e1 est\u00e3o em curso por meio da Secretaria de Meio Ambiente, Sustentabilidade e de Fernando de Noronha (Semas-PE) e pela Secretaria de Desenvolvimento Econ\u00f4mico (SDEC-PE).<\/span><\/p>\n<p style=\"text-align: justify;\"><span style=\"font-size: 14pt; font-family: arial, helvetica, sans-serif;\">O PerMeie foi desenhado sob as diretrizes da Economia ASG (Ambiental, Social e de Governan\u00e7a), que norteia, atualmente, todo o mercado mundial de capitais, o que equivale a mais de US$ 40 trilh\u00f5es, ou 25 vezes o PIB do Brasil.<\/span><\/p>\n<p style=\"text-align: justify;\"><span style=\"font-size: 14pt; font-family: arial, helvetica, sans-serif;\">A viagem da equipe do Governo do Estado acontece a convite da Bloomberg Foundation, que atua na participa\u00e7\u00e3o de l\u00edderes de diferentes regi\u00f5es do mundo no evento, custeando as passagens a\u00e9reas e hospedagens. Ainda acompanha a comitiva o secret\u00e1rio de Comunica\u00e7\u00e3o, Rodolfo Costa Pinto.<\/span><\/p>\n","protected":false},"excerpt":{"rendered":"<p>O Governo do Estado j&aacute; colocou no ar o hotsite do PerMeie (www.permeiepernambuco.com.br), o Plano de Mudan&ccedil;a Econ&ocirc;mico-Ecol&oacute;gica de Pernambuco. A plataforma permite que os cidad&atilde;os conhe&ccedil;am mais a fundo essa pol&iacute;tica p&uacute;blica sobre desenvolvimento sustent&aacute;vel. O Plano foi lan&ccedil;ado na &uacute;ltima quinta-feira (30), pela governadora Raquel Lyra, durante a 28&ordf; edi&ccedil;&atilde;o da Confer&ecirc;ncia das Na&ccedil;&otilde;es Unidas sobre Mudan&ccedil;as Clim&aacute;ticas (COP 28), em Dubai. &ldquo;O PerMeie &eacute; um instrumento que ir&aacute; garantir o reposicionamento do desenvolvimento de Pernambuco para a nova economia sustent&aacute;vel. Nosso estado ainda tem uma vis&atilde;o tradicional da economia, mas esse conceito se transformou e, atualmente, o &#8230; <\/p>\n<p class=\"read-more-container\"><a title=\"Governo de Pernambuco coloca no ar hotsite do Plano Pernambucano de Mudan\u00e7a Econ\u00f4mico-Ecol\u00f3gica\" class=\"read-more button\" href=\"https:\/\/blogdojuniorcavalcanti.com.br\/index.php\/2023\/12\/04\/governo-de-pernambuco-coloca-no-ar-hotsite-do-plano-pernambucano-de-mudanca-economico-ecologica\/#more-30061\" aria-label=\"More on Governo de Pernambuco coloca no ar hotsite do Plano Pernambucano de Mudan\u00e7a Econ\u00f4mico-Ecol\u00f3gica\">Leia mais<\/a><\/p>\n","protected":false},"author":2,"featured_media":0,"comment_status":"open","ping_status":"open","sticky":false,"template":"","format":"standard","meta":{"footnotes":""},"categories":[26],"tags":[],"class_list":["post-30061","post","type-post","status-publish","format-standard","hentry","category-noticias"],"_links":{"self":[{"href":"https:\/\/blogdojuniorcavalcanti.com.br\/index.php\/wp-json\/wp\/v2\/posts\/30061","targetHints":{"allow":["GET"]}}],"collection":[{"href":"https:\/\/blogdojuniorcavalcanti.com.br\/index.php\/wp-json\/wp\/v2\/posts"}],"about":[{"href":"https:\/\/blogdojuniorcavalcanti.com.br\/index.php\/wp-json\/wp\/v2\/types\/post"}],"author":[{"embeddable":true,"href":"https:\/\/blogdojuniorcavalcanti.com.br\/index.php\/wp-json\/wp\/v2\/users\/2"}],"replies":[{"embeddable":true,"href":"https:\/\/blogdojuniorcavalcanti.com.br\/index.php\/wp-json\/wp\/v2\/comments?post=30061"}],"version-history":[{"count":1,"href":"https:\/\/blogdojuniorcavalcanti.com.br\/index.php\/wp-json\/wp\/v2\/posts\/30061\/revisions"}],"predecessor-version":[{"id":30062,"href":"https:\/\/blogdojuniorcavalcanti.com.br\/index.php\/wp-json\/wp\/v2\/posts\/30061\/revisions\/30062"}],"wp:attachment":[{"href":"https:\/\/blogdojuniorcavalcanti.com.br\/index.php\/wp-json\/wp\/v2\/media?parent=30061"}],"wp:term":[{"taxonomy":"category","embeddable":true,"href":"https:\/\/blogdojuniorcavalcanti.com.br\/index.php\/wp-json\/wp\/v2\/categories?post=30061"},{"taxonomy":"post_tag","embeddable":true,"href":"https:\/\/blogdojuniorcavalcanti.com.br\/index.php\/wp-json\/wp\/v2\/tags?post=30061"}],"curies":[{"name":"wp","href":"https:\/\/api.w.org\/{rel}","templated":true}]}}