{"id":30203,"date":"2023-12-09T07:20:33","date_gmt":"2023-12-09T10:20:33","guid":{"rendered":"https:\/\/blogdojuniorcavalcanti.com.br\/?p=30203"},"modified":"2023-12-09T07:20:33","modified_gmt":"2023-12-09T10:20:33","slug":"na-camara-de-vereadores-dom-limacedo-antonio-destaca-importancia-da-defesa-a-democracia","status":"publish","type":"post","link":"https:\/\/blogdojuniorcavalcanti.com.br\/index.php\/2023\/12\/09\/na-camara-de-vereadores-dom-limacedo-antonio-destaca-importancia-da-defesa-a-democracia\/","title":{"rendered":"Na C\u00e2mara de Vereadores, Dom Limac\u00eado Ant\u00f4nio destaca import\u00e2ncia da defesa \u00e0 democracia"},"content":{"rendered":"<p style=\"text-align: justify;\"><span style=\"font-size: 14pt;\"><b><img fetchpriority=\"high\" decoding=\"async\" class=\"alignleft wp-image-272888 jetpack-lazy-image jetpack-lazy-image--handled\" src=\"https:\/\/i1.wp.com\/nilljunior.com.br\/wp-content\/uploads\/2023\/12\/DomLimacedoAntonio-Camara-Afogados-07-12-23.jpg?resize=400%2C382&amp;ssl=1\" sizes=\"(max-width: 400px) 100vw, 400px\" srcset=\"https:\/\/i1.wp.com\/nilljunior.com.br\/wp-content\/uploads\/2023\/12\/DomLimacedoAntonio-Camara-Afogados-07-12-23.jpg?w=828&amp;ssl=1 828w, https:\/\/i1.wp.com\/nilljunior.com.br\/wp-content\/uploads\/2023\/12\/DomLimacedoAntonio-Camara-Afogados-07-12-23.jpg?resize=262%2C250&amp;ssl=1 262w, https:\/\/i1.wp.com\/nilljunior.com.br\/wp-content\/uploads\/2023\/12\/DomLimacedoAntonio-Camara-Afogados-07-12-23.jpg?resize=768%2C733&amp;ssl=1 768w, https:\/\/i1.wp.com\/nilljunior.com.br\/wp-content\/uploads\/2023\/12\/DomLimacedoAntonio-Camara-Afogados-07-12-23.jpg?resize=419%2C400&amp;ssl=1 419w\" alt=\"\" width=\"400\" height=\"382\" data-attachment-id=\"272888\" data-permalink=\"https:\/\/nilljunior.com.br\/na-camara-de-vereadores-dom-limacedo-antonio-destaca-importancia-da-defesa-a-democracia\/domlimacedoantonio-camara-afogados-07-12-23\/\" data-orig-file=\"https:\/\/i1.wp.com\/nilljunior.com.br\/wp-content\/uploads\/2023\/12\/DomLimacedoAntonio-Camara-Afogados-07-12-23.jpg?fit=828%2C790&amp;ssl=1\" data-orig-size=\"828,790\" data-comments-opened=\"1\" data-image-meta=\"{&quot;aperture&quot;:&quot;0&quot;,&quot;credit&quot;:&quot;&quot;,&quot;camera&quot;:&quot;&quot;,&quot;caption&quot;:&quot;&quot;,&quot;created_timestamp&quot;:&quot;0&quot;,&quot;copyright&quot;:&quot;&quot;,&quot;focal_length&quot;:&quot;0&quot;,&quot;iso&quot;:&quot;0&quot;,&quot;shutter_speed&quot;:&quot;0&quot;,&quot;title&quot;:&quot;&quot;,&quot;orientation&quot;:&quot;0&quot;}\" data-image-title=\"DomLimacedoAntonio-Camara-Afogados-07-12-23\" data-image-description=\"\" data-medium-file=\"https:\/\/i1.wp.com\/nilljunior.com.br\/wp-content\/uploads\/2023\/12\/DomLimacedoAntonio-Camara-Afogados-07-12-23.jpg?fit=262%2C250&amp;ssl=1\" data-large-file=\"https:\/\/i1.wp.com\/nilljunior.com.br\/wp-content\/uploads\/2023\/12\/DomLimacedoAntonio-Camara-Afogados-07-12-23.jpg?fit=419%2C400&amp;ssl=1\" data-recalc-dims=\"1\" data-lazy-loaded=\"1\" \/><span style=\"font-family: arial, helvetica, sans-serif;\">Por Andr\u00e9 Luis<\/span><\/b><\/span><\/p>\n<p style=\"text-align: justify;\"><span style=\"font-size: 14pt; font-family: arial, helvetica, sans-serif;\">Na \u00faltima quinta-feira (7), a C\u00e2mara Legislativa de Afogados da Ingazeira recebeu a ilustre visita do bispo diocesano, Dom Limac\u00eado Ant\u00f4nio. O l\u00edder religioso participou da 41\u00aa Sess\u00e3o Ordin\u00e1ria, fazendo uso da Tribuna Popular para compartilhar sua mensagem e, de maneira destacada, defender a import\u00e2ncia da democracia no contexto atual.<\/span><\/p>\n<p style=\"text-align: justify;\"><span style=\"font-size: 14pt; font-family: arial, helvetica, sans-serif;\">Ao se apresentar e saudar os vereadores presentes, Dom Limac\u00eado expressou sua satisfa\u00e7\u00e3o pela acolhida na casa legislativa. O bispo ressaltou a oportunidade de sonhar juntos, vivendo em um pa\u00eds democr\u00e1tico, enfatizando que a democracia n\u00e3o \u00e9 um fato definitivo, mas sim algo que deve ser constantemente reconquistado.<\/span><\/p>\n<p style=\"text-align: justify;\"><span style=\"font-size: 14pt; font-family: arial, helvetica, sans-serif;\">\u201cOs \u00faltimos acontecimentos deste pa\u00eds nos provam isso, a democracia n\u00e3o \u00e9 um fato definitivo, de uma parte sim, mas por outro lado n\u00e3o. Precisamos sempre estar reconstruindo a democracia porque suas amea\u00e7as s\u00e3o constantes\u201d, afirmou Dom Limac\u00eado.<\/span><\/p>\n<p style=\"text-align: justify;\"><span style=\"font-size: 14pt; font-family: arial, helvetica, sans-serif;\">O bispo diocesano, ao discursar na Tribuna Popular, destacou a import\u00e2ncia hist\u00f3rica da democracia, referindo-se \u00e0 Gr\u00e9cia antiga, onde as pessoas se reuniam na \u00c1gora, a pra\u00e7a p\u00fablica, para debater quest\u00f5es fundamentais para a sociedade. Ele ressaltou a relev\u00e2ncia da C\u00e2mara Legislativa como o cora\u00e7\u00e3o da cidade, onde as aspira\u00e7\u00f5es do povo s\u00e3o expressas e mediadas pelos representantes eleitos.<\/span><\/p>\n<p style=\"text-align: justify;\"><span style=\"font-size: 14pt; font-family: arial, helvetica, sans-serif;\">Dom Limac\u00eado abordou temas relacionados \u00e0 sua pr\u00f3pria forma\u00e7\u00e3o e agradecimento pela oportunidade de ser parte do processo democr\u00e1tico. Ele enfatizou a import\u00e2ncia da alteridade e do comportamento humano, levantando questionamentos sobre a verdadeira humanidade expressa no comportamento cotidiano.<\/span><\/p>\n<p style=\"text-align: justify;\"><span style=\"font-size: 14pt; font-family: arial, helvetica, sans-serif;\">\u201cAqui \u00e9 a \u00c1gora desta cidade, estamos no espa\u00e7o do debate, do ouvir, do construir. Assim sendo, nos tornamos mais pessoas\u201d, ressaltou o bispo, destacando o papel da representa\u00e7\u00e3o democr\u00e1tica na constru\u00e7\u00e3o de uma sociedade mais humana e justa.<\/span><\/p>\n<p style=\"text-align: justify;\"><span style=\"font-size: 14pt; font-family: arial, helvetica, sans-serif;\">A fala de Dom Limac\u00eado Ant\u00f4nio abordou temas que v\u00e3o al\u00e9m do religioso, tocando em aspectos fundamentais da conviv\u00eancia social e da responsabilidade de cada cidad\u00e3o na constru\u00e7\u00e3o de uma democracia s\u00f3lida e respeitosa.<\/span><\/p>\n<p style=\"text-align: justify;\"><span style=\"font-size: 14pt; font-family: arial, helvetica, sans-serif;\">Ao encerrar sua participa\u00e7\u00e3o na Tribuna Popular, Dom Limac\u00eado conclamou os presentes a serem protagonistas de suas vidas, promovendo a escuta atenta, o respeito aos idosos e a valoriza\u00e7\u00e3o da experi\u00eancia dos adultos. Sua mensagem enfatizou a import\u00e2ncia do di\u00e1logo e do encontro consigo mesmo e com o pr\u00f3ximo para o enriquecimento m\u00fatuo.<\/span><\/p>\n<p style=\"text-align: justify;\"><span style=\"font-size: 14pt; font-family: arial, helvetica, sans-serif;\">A presen\u00e7a e as palavras de Dom Limac\u00eado na C\u00e2mara Legislativa de Afogados da Ingazeira refor\u00e7am a import\u00e2ncia do espa\u00e7o democr\u00e1tico como palco para reflex\u00f5es e debates que transcendem as fronteiras religiosas, contribuindo para a constru\u00e7\u00e3o de uma sociedade mais justa e igualit\u00e1ria.<\/span><\/p>\n","protected":false},"excerpt":{"rendered":"<p>Por Andr&eacute; Luis Na &uacute;ltima quinta-feira (7), a C&acirc;mara Legislativa de Afogados da Ingazeira recebeu a ilustre visita do bispo diocesano, Dom Limac&ecirc;do Ant&ocirc;nio. O l&iacute;der religioso participou da 41&ordf; Sess&atilde;o Ordin&aacute;ria, fazendo uso da Tribuna Popular para compartilhar sua mensagem e, de maneira destacada, defender a import&acirc;ncia da democracia no contexto atual. Ao se apresentar e saudar os vereadores presentes, Dom Limac&ecirc;do expressou sua satisfa&ccedil;&atilde;o pela acolhida na casa legislativa. O bispo ressaltou a oportunidade de sonhar juntos, vivendo em um pa&iacute;s democr&aacute;tico, enfatizando que a democracia n&atilde;o &eacute; um fato definitivo, mas sim algo que deve ser constantemente &#8230; <\/p>\n<p class=\"read-more-container\"><a title=\"Na C\u00e2mara de Vereadores, Dom Limac\u00eado Ant\u00f4nio destaca import\u00e2ncia da defesa \u00e0 democracia\" class=\"read-more button\" href=\"https:\/\/blogdojuniorcavalcanti.com.br\/index.php\/2023\/12\/09\/na-camara-de-vereadores-dom-limacedo-antonio-destaca-importancia-da-defesa-a-democracia\/#more-30203\" aria-label=\"More on Na C\u00e2mara de Vereadores, Dom Limac\u00eado Ant\u00f4nio destaca import\u00e2ncia da defesa \u00e0 democracia\">Leia mais<\/a><\/p>\n","protected":false},"author":2,"featured_media":0,"comment_status":"open","ping_status":"open","sticky":false,"template":"","format":"standard","meta":{"footnotes":""},"categories":[26],"tags":[],"class_list":["post-30203","post","type-post","status-publish","format-standard","hentry","category-noticias"],"_links":{"self":[{"href":"https:\/\/blogdojuniorcavalcanti.com.br\/index.php\/wp-json\/wp\/v2\/posts\/30203","targetHints":{"allow":["GET"]}}],"collection":[{"href":"https:\/\/blogdojuniorcavalcanti.com.br\/index.php\/wp-json\/wp\/v2\/posts"}],"about":[{"href":"https:\/\/blogdojuniorcavalcanti.com.br\/index.php\/wp-json\/wp\/v2\/types\/post"}],"author":[{"embeddable":true,"href":"https:\/\/blogdojuniorcavalcanti.com.br\/index.php\/wp-json\/wp\/v2\/users\/2"}],"replies":[{"embeddable":true,"href":"https:\/\/blogdojuniorcavalcanti.com.br\/index.php\/wp-json\/wp\/v2\/comments?post=30203"}],"version-history":[{"count":1,"href":"https:\/\/blogdojuniorcavalcanti.com.br\/index.php\/wp-json\/wp\/v2\/posts\/30203\/revisions"}],"predecessor-version":[{"id":30204,"href":"https:\/\/blogdojuniorcavalcanti.com.br\/index.php\/wp-json\/wp\/v2\/posts\/30203\/revisions\/30204"}],"wp:attachment":[{"href":"https:\/\/blogdojuniorcavalcanti.com.br\/index.php\/wp-json\/wp\/v2\/media?parent=30203"}],"wp:term":[{"taxonomy":"category","embeddable":true,"href":"https:\/\/blogdojuniorcavalcanti.com.br\/index.php\/wp-json\/wp\/v2\/categories?post=30203"},{"taxonomy":"post_tag","embeddable":true,"href":"https:\/\/blogdojuniorcavalcanti.com.br\/index.php\/wp-json\/wp\/v2\/tags?post=30203"}],"curies":[{"name":"wp","href":"https:\/\/api.w.org\/{rel}","templated":true}]}}