{"id":30280,"date":"2023-12-13T07:40:31","date_gmt":"2023-12-13T10:40:31","guid":{"rendered":"https:\/\/blogdojuniorcavalcanti.com.br\/?p=30280"},"modified":"2023-12-13T07:40:31","modified_gmt":"2023-12-13T10:40:31","slug":"arcoverde-siqueirinha-anuncia-medidas-para-superar-tumultos-e-avancar-no-processo-de-cassacao-de-lw","status":"publish","type":"post","link":"https:\/\/blogdojuniorcavalcanti.com.br\/index.php\/2023\/12\/13\/arcoverde-siqueirinha-anuncia-medidas-para-superar-tumultos-e-avancar-no-processo-de-cassacao-de-lw\/","title":{"rendered":"Arcoverde: Siqueirinha anuncia medidas para superar tumultos e avan\u00e7ar no processo de cassa\u00e7\u00e3o de LW"},"content":{"rendered":"<p style=\"text-align: justify;\"><span style=\"font-size: 14pt; font-family: arial, helvetica, sans-serif;\">Nesta ter\u00e7a-feira (12), Wevertton Siqueira, conhecido como Siqueirinha, presidente da C\u00e2mara de Vereadores de Arcoverde, utilizou suas redes sociais para fazer um pronunciamento sobre os recentes tumultos que t\u00eam interrompido as sess\u00f5es legislativas. O foco do presidente \u00e9 o processo de cassa\u00e7\u00e3o do prefeito Wellington Maciel, que vem enfrentando obst\u00e1culos em seu tr\u00e2mite no legislativo municipal.<\/span><\/p>\n<p style=\"text-align: justify;\"><span style=\"font-size: 14pt; font-family: arial, helvetica, sans-serif;\">\u201cComo \u00e9 de conhecimento geral, infelizmente ontem (11) tivemos que encerrar mais uma vez a sess\u00e3o da C\u00e2mara. Tumultos supostamente orquestrados est\u00e3o impedindo o andamento normal do processo de cassa\u00e7\u00e3o do prefeito de Arcoverde, Wellington Maciel, tramitando aqui no legislativo. Diante disso, por orienta\u00e7\u00e3o da assessoria jur\u00eddica da C\u00e2mara, vamos realizar o sorteio da comiss\u00e3o pr\u00e9via do processo em data e hor\u00e1rio diferente das sess\u00f5es ordin\u00e1rias,\u201d afirmou Siqueira no v\u00eddeo divulgado.<\/span><\/p>\n<p style=\"text-align: justify;\"><span style=\"font-size: 14pt; font-family: arial, helvetica, sans-serif;\">Como medida para contornar os incidentes e permitir que o processo de cassa\u00e7\u00e3o prossiga, o presidente anunciou que o sorteio dos tr\u00eas vereadores que compor\u00e3o a comiss\u00e3o pr\u00e9via ser\u00e1 realizado na pr\u00f3xima quinta-feira, 14 de dezembro, \u00e0s 10 horas da manh\u00e3, no plen\u00e1rio da c\u00e2mara.<\/span><\/p>\n<p style=\"text-align: justify;\"><span style=\"font-size: 14pt; font-family: arial, helvetica, sans-serif;\">\u201cCom isso, esperamos que os trabalhos do Legislativo retomem a normalidade e o processo de cassa\u00e7\u00e3o do prefeito avance com celeridade, transpar\u00eancia e dentro da lei,\u201d concluiu Siqueirinha.<\/span><\/p>\n<p style=\"text-align: justify;\"><span style=\"font-size: 14pt; font-family: arial, helvetica, sans-serif;\">A decis\u00e3o de realizar o sorteio em um momento separado das sess\u00f5es ordin\u00e1rias visa garantir a seguran\u00e7a e a efic\u00e1cia do procedimento, evitando poss\u00edveis tumultos e interrup\u00e7\u00f5es. A expectativa \u00e9 que a medida contribua para a retomada da normalidade nas atividades legislativas e assegure o devido processo legal na avalia\u00e7\u00e3o do caso do prefeito Wellington Maciel.<\/span><\/p>\n<p style=\"text-align: justify;\"><span style=\"font-size: 14pt; font-family: arial, helvetica, sans-serif;\">Os olhares da popula\u00e7\u00e3o de Arcoverde agora se voltam para a pr\u00f3xima quinta-feira, quando ser\u00e1 conhecida a composi\u00e7\u00e3o da comiss\u00e3o pr\u00e9via encarregada de conduzir o processo de cassa\u00e7\u00e3o.<\/span><\/p>\n","protected":false},"excerpt":{"rendered":"<p>Nesta ter&ccedil;a-feira (12), Wevertton Siqueira, conhecido como Siqueirinha, presidente da C&acirc;mara de Vereadores de Arcoverde, utilizou suas redes sociais para fazer um pronunciamento sobre os recentes tumultos que t&ecirc;m interrompido as sess&otilde;es legislativas. O foco do presidente &eacute; o processo de cassa&ccedil;&atilde;o do prefeito Wellington Maciel, que vem enfrentando obst&aacute;culos em seu tr&acirc;mite no legislativo municipal. &ldquo;Como &eacute; de conhecimento geral, infelizmente ontem (11) tivemos que encerrar mais uma vez a sess&atilde;o da C&acirc;mara. Tumultos supostamente orquestrados est&atilde;o impedindo o andamento normal do processo de cassa&ccedil;&atilde;o do prefeito de Arcoverde, Wellington Maciel, tramitando aqui no legislativo. Diante disso, por orienta&ccedil;&atilde;o &#8230; <\/p>\n<p class=\"read-more-container\"><a title=\"Arcoverde: Siqueirinha anuncia medidas para superar tumultos e avan\u00e7ar no processo de cassa\u00e7\u00e3o de LW\" class=\"read-more button\" href=\"https:\/\/blogdojuniorcavalcanti.com.br\/index.php\/2023\/12\/13\/arcoverde-siqueirinha-anuncia-medidas-para-superar-tumultos-e-avancar-no-processo-de-cassacao-de-lw\/#more-30280\" aria-label=\"More on Arcoverde: Siqueirinha anuncia medidas para superar tumultos e avan\u00e7ar no processo de cassa\u00e7\u00e3o de LW\">Leia mais<\/a><\/p>\n","protected":false},"author":2,"featured_media":30281,"comment_status":"open","ping_status":"open","sticky":false,"template":"","format":"standard","meta":{"footnotes":""},"categories":[25],"tags":[],"class_list":["post-30280","post","type-post","status-publish","format-standard","has-post-thumbnail","hentry","category-destaque","resize-featured-image"],"_links":{"self":[{"href":"https:\/\/blogdojuniorcavalcanti.com.br\/index.php\/wp-json\/wp\/v2\/posts\/30280","targetHints":{"allow":["GET"]}}],"collection":[{"href":"https:\/\/blogdojuniorcavalcanti.com.br\/index.php\/wp-json\/wp\/v2\/posts"}],"about":[{"href":"https:\/\/blogdojuniorcavalcanti.com.br\/index.php\/wp-json\/wp\/v2\/types\/post"}],"author":[{"embeddable":true,"href":"https:\/\/blogdojuniorcavalcanti.com.br\/index.php\/wp-json\/wp\/v2\/users\/2"}],"replies":[{"embeddable":true,"href":"https:\/\/blogdojuniorcavalcanti.com.br\/index.php\/wp-json\/wp\/v2\/comments?post=30280"}],"version-history":[{"count":1,"href":"https:\/\/blogdojuniorcavalcanti.com.br\/index.php\/wp-json\/wp\/v2\/posts\/30280\/revisions"}],"predecessor-version":[{"id":30282,"href":"https:\/\/blogdojuniorcavalcanti.com.br\/index.php\/wp-json\/wp\/v2\/posts\/30280\/revisions\/30282"}],"wp:featuredmedia":[{"embeddable":true,"href":"https:\/\/blogdojuniorcavalcanti.com.br\/index.php\/wp-json\/wp\/v2\/media\/30281"}],"wp:attachment":[{"href":"https:\/\/blogdojuniorcavalcanti.com.br\/index.php\/wp-json\/wp\/v2\/media?parent=30280"}],"wp:term":[{"taxonomy":"category","embeddable":true,"href":"https:\/\/blogdojuniorcavalcanti.com.br\/index.php\/wp-json\/wp\/v2\/categories?post=30280"},{"taxonomy":"post_tag","embeddable":true,"href":"https:\/\/blogdojuniorcavalcanti.com.br\/index.php\/wp-json\/wp\/v2\/tags?post=30280"}],"curies":[{"name":"wp","href":"https:\/\/api.w.org\/{rel}","templated":true}]}}